{"id":10240,"date":"2021-09-21T10:32:21","date_gmt":"2021-09-21T08:32:21","guid":{"rendered":"https:\/\/www.icasque.com\/liveloveride\/?p=10240"},"modified":"2024-10-25T09:30:02","modified_gmt":"2024-10-25T07:30:02","slug":"rouler-en-deux-roues-avec-son-enfant","status":"publish","type":"post","link":"https:\/\/www.icasque.com\/liveloveride\/rouler-en-deux-roues-avec-son-enfant\/","title":{"rendered":"Rouler en deux-roues avec son enfant"},"content":{"rendered":"\n<p>\u00c7a y est, <strong>ton enfant est assez grand<\/strong> pour partager la route avec toi et <strong>t\u2019accompagner en passager<\/strong>&nbsp;! Que ce soit pour le simple plaisir de <strong>faire une (courte) balade<\/strong> avec lui ou une n\u00e9cessit\u00e9 en utilisant ton 2 roues comme <strong>moyen<\/strong> <strong>de transport pour l\u2019emmener \u00e0 l\u2019\u00e9cole <\/strong>ou autres activit\u00e9s extra-scolaires, des solutions existent afin que ce moment de partage se fasse <strong>en toute s\u00e9curit\u00e9<\/strong>&nbsp;! On fait le tour de la question ensemble dans cet article.<\/p>\n\n\n\n<!--more-->\n\n\n\n<h2 class=\"wp-block-heading\"><strong>Transporter un enfant en deux-roues&nbsp;: ce que dit la loi<\/strong><\/h2>\n\n\n\n<p>Alors on oublie de suite le 2 roues qui transporte toute la famille (avec parfois les poules en plus\u2026) comme on peut le voir en Asie\u2026.<\/p>\n\n\n\n<figure class=\"wp-block-image size-full\"><img decoding=\"async\" src=\"https:\/\/www.icasque.com\/liveloveride\/wp-content\/uploads\/2021\/08\/enfants-sur-moto-sans-equipements.jpg\"  alt=\"enfants sur moto sans equipements\" class=\"wp-image-1024\"\/><\/figure>\n\n\n\n<p>Pas question de faire ce que l\u2019on veut&nbsp;chez nous ! <\/p>\n\n\n\n<p><strong>Depuis le 1er juin 2001, l\u2019article R431-11 du Code de la Route, fixe des r\u00e8gles pour le transport d\u2019un enfant sur un deux roues (motoris\u00e9 ou non) :<\/strong><br><em>\u00ab&nbsp;<strong>Sur les v\u00e9hicules \u00e0 deux roues<\/strong> \u2013 sauf les cycles dits tandems \u2013 l<strong>e si\u00e8ge du passager doit \u00eatre muni soit d\u2019une courroie d\u2019attache, soit d\u2019au moins une poign\u00e9e et de deux repose-pieds.&nbsp;<\/strong><\/em><\/p>\n\n\n\n<p><em>Sur tous les v\u00e9hicules \u00e0 deux roues, <strong>pour les enfants \u00e2g\u00e9s de moins de 5 ans, l\u2019utilisation d\u2019un si\u00e8ge con\u00e7u \u00e0 cet effet et muni d\u2019un syst\u00e8me de retenue est obligatoire.<\/strong><\/em><\/p>\n\n\n\n<p><em><strong>Le conducteur doit s\u2019assurer que les pieds des enfants ne peuvent \u00eatre entra\u00een\u00e9s entre les parties fixes et les parties mobiles du v\u00e9hicule.<\/strong>&nbsp;\u00bb<\/em><\/p>\n\n\n\n<p>Donc, on remarque dans un premier temps que <strong>la loi ne fait pas de distinction entre les motos, scooters et les v\u00e9los<\/strong>&nbsp;! Et maintenant, tu comprends mieux pourquoi <strong>les motos et scooter r\u00e9cents sont syst\u00e9matiquement \u00e9quip\u00e9s de la fameuse sangle de maintien sur la selle passager puisque obligatoire, m\u00eame si elle s\u2019av\u00e8re peu commode <\/strong>dans la pratique&nbsp;!&nbsp;<\/p>\n\n\n\n<figure class=\"wp-block-image size-full\"><img decoding=\"async\" src=\"https:\/\/www.icasque.com\/liveloveride\/wp-content\/uploads\/2021\/08\/sangle-de-selle-sur-moto.jpg\"  alt=\"sangle de selle sur moto\" class=\"wp-image-1024\"\/><\/figure>\n\n\n\n<p>Ensuite, tu noteras que <strong>la loi ne mentionne pas d\u2019\u00e2ge minimum, mais seulement qu\u2019un si\u00e8ge adapt\u00e9 est obligatoire pour le transport d\u2019un enfant de moins de 5 ans sur une moto, scooter (ou v\u00e9lo)<\/strong>. <\/p>\n\n\n\n<p><strong>Donc \u00e0 partir de 5 ans, libre \u00e0 toi de juger quelle est la fa\u00e7on appropri\u00e9e de transporter ton enfant<\/strong>, pour peu qu\u2019il ne se coince pas les jambes ou pieds dans les parties m\u00e9caniques en mouvement\u2026&nbsp;<\/p>\n\n\n\n<p>Et bien s\u00fbr, qui dit texte de loi dit amende en cas de manquement&nbsp;! Tu t\u2019exposerais donc \u00e0 une amende forfaitaire de deuxi\u00e8me classe de 35\u20ac si tu d\u00e9rogeais \u00e0 ses r\u00e8gles.&nbsp;<\/p>\n\n\n\n<p>Bref, au-del\u00e0 du texte de loi, <strong>transporter un enfant sur un deux-roues motoris\u00e9 doit avant tout faire appel au bon sens. Et m\u00eame si la loi dit que seulement en dessous de 5 ans un si\u00e8ge est obligatoire, penses-tu qu\u2019il faille s\u2019en tenir \u00e0 cela pour transporter ton enfant en toute s\u00e9curit\u00e9 ?<\/strong> Non&nbsp;? Alors on est d\u2019accord&nbsp;! Je te propose donc de faire le tour des diff\u00e9rentes options qui s\u2019offrent \u00e0 toi afin de transporter ta ch\u00e8re t\u00eate blonde dans de bonnes conditions&nbsp;!<\/p>\n\n\n\n<h3 class=\"wp-block-heading\"><strong>Les diff\u00e9rentes solutions pour transporter son enfant en deux-roues <\/strong><\/h3>\n\n\n\n<h4 class=\"wp-block-heading\"><strong>Le si\u00e8ge enfant<\/strong>&nbsp;<\/h4>\n\n\n\n<p><strong>Obligatoire pour les enfants de moins de 5 ans<\/strong>, il est cependant pertinent de <strong>continuer \u00e0 l\u2019utiliser si ton enfant n\u2019atteint toujours pas confortablement les cale-pieds pass\u00e9s ses 5 ans&nbsp;! <\/strong>Certaines marques te permettent de l\u2019utiliser <strong>jusqu\u2019aux 8 ans de ton bambin<\/strong>, alors ne t\u2019en prive pas&nbsp;! <\/p>\n\n\n\n<p>C\u2019est l\u2019option qui <strong>offre le meilleur enveloppement et maintien pour ton petit passager, et les si\u00e8ges peuvent s\u2019adapter aussi bien sur une moto que sur la selle plus large d\u2019un scooter<\/strong> (gr\u00e2ce \u00e0 un jeux d\u2019attaches sp\u00e9ciales selle large).<\/p>\n\n\n\n<figure class=\"wp-block-image size-full\"><img decoding=\"async\" src=\"https:\/\/www.icasque.com\/liveloveride\/wp-content\/uploads\/2021\/08\/siege-enfant-moto.jpg\"  alt=\"siege enfant moto\" class=\"wp-image-1025\"\/><\/figure>\n\n\n\n<h4 class=\"wp-block-heading\">La <strong>ceinture&nbsp;<\/strong>moto <\/h4>\n\n\n\n<p><strong>Cet accessoire (r\u00e9serv\u00e9 aux plus de 5 ans)<\/strong> se compose d\u2019un tapis de selle sur lequel s\u2019assoit le conducteur (syst\u00e8me qui est donc non-solidaire du v\u00e9hicule), auquel est rattach\u00e9e une ceinture \u00e0 boucle rapide qui fait le tour de la taille du passager. <strong>Seul le poids du conducteur maintien la galette en position.<\/strong> Attention toutefois \u00e0 ne pas se lever sur la moto pour se d\u00e9gourdir les jambes&nbsp;!&nbsp;? Ce syst\u00e8me est <strong>\u00e0 privil\u00e9gier pour une utilisation plut\u00f4t urbaine <\/strong>pour sa rapidit\u00e9 de mise en \u0153uvre et son encombrement r\u00e9duit en utilisation et en rangement.&nbsp;<\/p>\n\n\n\n<figure class=\"wp-block-image size-full\"><img decoding=\"async\" src=\"https:\/\/www.icasque.com\/liveloveride\/wp-content\/uploads\/2021\/08\/harnais-moto-pour-enfant.jpg\"  alt=\"harnais moto pour enfant\" class=\"wp-image-1024\"\/><\/figure>\n\n\n\n<h4 class=\"wp-block-heading\">Le <strong>harnais&nbsp;<\/strong><\/h4>\n\n\n\n<p>Si toutefois tu souhaites <strong>emmener ton enfant pour des balades sur une moto typ\u00e9e sportive<\/strong>, il existe une d\u00e9clinaison plus adapt\u00e9e o\u00f9 un harnais r\u00e9glable plus enveloppant vient remplacer la ceinture comme solution de maintien. Ce syst\u00e8me est <strong>\u00e0 r\u00e9server \u00e0 des passagers autonomes pour conduite sportive, long trajets et v\u00e9hicules puissants. &nbsp;<\/strong><\/p>\n\n\n\n<figure class=\"wp-block-image size-full\"><img decoding=\"async\" src=\"https:\/\/www.icasque.com\/liveloveride\/wp-content\/uploads\/2021\/08\/ceinture-moto-enfant.jpg\"  alt=\"ceinture moto enfant\" class=\"wp-image-1024\"\/><\/figure>\n\n\n\n<h4 class=\"wp-block-heading\">Les <strong>poign\u00e9es<\/strong><\/h4>\n\n\n\n<p>Ici, <strong>le conducteur porte une ceinture sur laquelle sont plac\u00e9es deux poign\u00e9es permettant au passager de se tenir.<\/strong> Pratique, facile \u00e0 mettre en place et ranger, cette solution sera \u00e9galement <strong>\u00e0 r\u00e9server \u00e0 des passagers autonomes qui savent d\u00e9j\u00e0 se tenir sur une moto sans support et \u00e0 r\u00e9server pour de petit trajet&nbsp;!<\/strong><\/p>\n\n\n\n<figure class=\"wp-block-image size-full\"><img decoding=\"async\" src=\"https:\/\/www.icasque.com\/liveloveride\/wp-content\/uploads\/2021\/08\/poignet-enfant-pour-moto.jpg\"  alt=\"poignet enfant pour moto\" class=\"wp-image-1024\"\/><\/figure>\n\n\n\n<h4 class=\"wp-block-heading\">Le <strong>top case avec mousse&nbsp; <\/strong><\/h4>\n\n\n\n<p>Si ton 2 roues est <strong>\u00e9quip\u00e9 d\u2019un top case, tu peux r\u00e9fl\u00e9chir \u00e0 investir dans un dosseret de passager. Ton enfant <\/strong>pourra ainsi trouver <strong>un appui confortable contre le top case.<\/strong> Une solution <strong>\u00e0 r\u00e9server aux plus grands cependant, ce syst\u00e8me les oblige \u00e0 pouvoir se tenir seuls aux poign\u00e9es passager. &nbsp;<\/strong><\/p>\n\n\n\n<figure class=\"wp-block-image size-full\"><img decoding=\"async\" src=\"https:\/\/www.icasque.com\/liveloveride\/wp-content\/uploads\/2021\/08\/top-case-moto-avec-dossier-enfant.jpg\"  alt=\"top case moto avec dossier enfant\" class=\"wp-image-1025\"\/><\/figure>\n\n\n\n<h4 class=\"wp-block-heading\">Le <strong>dosseret de selle&nbsp;<\/strong><\/h4>\n\n\n\n<p>Une solution <strong>pour les plus grands, disponible principalement pour les scooters.<\/strong> Le dosseret offre un maintien bienvenu, <strong>il faut cependant pouvoir se tenir seul aux poign\u00e9es passager.&nbsp;<\/strong><\/p>\n\n\n\n<figure class=\"wp-block-image size-full\"><img decoding=\"async\" src=\"https:\/\/www.icasque.com\/liveloveride\/wp-content\/uploads\/2021\/08\/dosseret-de-selle-moto.jpg\"  alt=\"dosseret de selle moto\" class=\"wp-image-1024\"\/><\/figure>\n\n\n\n<p>Et enfin, n\u2019h\u00e9site pas \u00e0 <strong>regarder le catalogue des pi\u00e8ces disponibles pour ta monture<\/strong>, <strong>certaines motos plut\u00f4t typ\u00e9es routi\u00e8re ou custom se pr\u00eatent vraiment \u00e0 rajouter des \u00e9l\u00e9ments de confort et s\u00e9curit\u00e9 pour ton bambin comme des accoudoirs par exemple&nbsp;!<\/strong><\/p>\n\n\n\n<figure class=\"wp-block-image size-full\"><img decoding=\"async\" src=\"https:\/\/www.icasque.com\/liveloveride\/wp-content\/uploads\/2021\/08\/accoudoir-moto.jpg\"  alt=\"accoudoir moto\" class=\"wp-image-1024\"\/><\/figure>\n\n\n\n<h2 class=\"wp-block-heading\"><strong>L\u2019\u00e9quipement moto de ton enfant<\/strong><\/h2>\n\n\n\n<p><strong>Comme pour toi, on oublie le short, t-shirt, sandales, m\u00eame si c\u2019est pour un petit trajet&nbsp;! <\/strong>On donne des bonnes habitudes d\u00e8s son plus jeune \u00e2ge et on montre l\u2019exemple&nbsp;! En plus, pas d\u2019excuses car de plus en plus d\u2019\u00e9quipementiers proposent des<strong> <a href=\"https:\/\/www.icasque.com\/Equipement-moto\/Enfant\/\">\u00e9quipements moto homologu\u00e9s pour les enfants<\/a>.<\/strong>&nbsp;<\/p>\n\n\n\n<p>Pour <strong>le casque<\/strong>, mieux vaut se tourner vers <strong>un mod\u00e8le int\u00e9gral qui offrira la meilleure des protections possibles. <\/strong>Attention toutefois \u00e0 ne pas opter pour un mod\u00e8le trop lourd : <strong>le poids a plus que jamais son importance chez les enfants. Et oui, les vert\u00e8bres cervicales ne doivent pas supporter un poids sup\u00e9rieur \u00e0 1\/25e du poids de l\u2019enfant. <\/strong>Sachant qu\u2019un <a href=\"https:\/\/www.icasque.com\/Casque-moto\/Integral\/\">casque int\u00e9gral<\/a> p\u00e8se en moyenne un kilo, m\u00eame pour les mod\u00e8les enfant, il faudrait donc dans l\u2019id\u00e9al attendre que l\u2019enfant p\u00e8se au moins 25 kilos pour lui imposer cette contrainte (donc environ 7-8ans). Et 1\/25 de son poids, c\u2019est d\u00e9j\u00e0 beaucoup, c\u2019est comme si un adulte de 70kg portait un casque de 3kg sur la t\u00eate\u00a0!<\/p>\n\n\n\n<p>Alors forc\u00e9ment, la logique sugg\u00e8rerait de choisir un casque le plus l\u00e9ger possible, donc un jet\u2026 Mais ici le gain de poids se fait au d\u00e9pend de la protection. Il s\u2019agit donc d\u2019investir dans un casque int\u00e9gral sp\u00e9cifique pour enfant (et obligatoirement homologu\u00e9 CE 22-05). Mon conseil&nbsp;: <strong>mon fils faisant du motocross depuis ses 6 ans, il utilise son casque de cross pesant moins de 1kg, avec son masque cross enfant, pour nous accompagner sur de petits trajets en scooter.&nbsp;<\/strong><\/p>\n\n\n\n<figure class=\"wp-block-image size-full\"><img decoding=\"async\" src=\"https:\/\/www.icasque.com\/liveloveride\/wp-content\/uploads\/2021\/08\/equipement-moto-pour-enfant.jpg\"  alt=\"equipement moto pour enfant\" class=\"wp-image-1024\"\/><\/figure>\n\n\n\n<p>Et \u00e9videmment, <strong>l\u2019ensemble du corps doit \u00eatre prot\u00e9g\u00e9.<\/strong> <\/p>\n\n\n\n<p><strong>En cas de chute en mouvement (m\u00eame \u00e0 une vitesse aussi faible que 5 km\/h), ton petit passager va glisser et la moindre parcelle de peau en contact avec le bitume va subir des br\u00fblures.<\/strong> <\/p>\n\n\n\n<p>Donc <strong>on couvre son enfant des pieds \u00e0 la t\u00eate de mat\u00e9riaux r\u00e9sistant un minimum \u00e0 l\u2019abrasion et au frottement. <\/strong>Sans en arriver \u00e0 la combinaison de cuir int\u00e9grale, cela veut dire au moins du jean, du coton, du velours. On proscrit les fibres synth\u00e9tiques que l\u2019on retrouve souvent dans les joggings, elles fondent tr\u00e8s vite et p\u00e9n\u00e8trent dans la peau.<\/p>\n\n\n\n<p>Des <strong>blousons moto enfant<\/strong> sont disponibles, <strong>avec des protections homologu\u00e9es CE aux coudes et aux \u00e9paules, et une poche pour protection dorsale<\/strong>, que l&#8217;on peut acheter en option. Quant aux <strong>gants moto pour enfant<\/strong>, ils reprennent les caract\u00e9ristiques des gants moto adultes tout en \u00e9tant adapt\u00e9s \u00e0 leurs petites mains.<br><br>Et si tu mets des genouill\u00e8res-coudi\u00e8res \u00e0 ton enfant quand il fait du v\u00e9lo ou de la trottinette, pourquoi ne pas les utiliser en 2 roues motoris\u00e9 \u00e9galement&nbsp;!? Simple \u00e0 mettre et \u00e0 retirer, elles prot\u00e8gent des zones sujettes aux impacts lors de chutes&nbsp;!<br><\/p>\n\n\n\n<h2 class=\"wp-block-heading\"><strong>Quelques conseils avant la route<\/strong><\/h2>\n\n\n\n<p>Tu es pr\u00eat \u00e0 emmener ton bambin faire un tour, il convient de <strong>suivre quelques r\u00e8gles \u00e9l\u00e9mentaires<\/strong> pour que tout se passe bien&nbsp;!<\/p>\n\n\n\n<p>Tout d&#8217;abord, <strong>il est important de lui expliquer comment se comporter lorsque l&#8217;on est passager<\/strong> : <strong>position \u00e0 prendre et zones o\u00f9 s&#8217;accrocher.<\/strong> Expliquer que la moto se penche et qu&#8217;<strong>il faut toujours \u00eatre parfaitement maintenu,<\/strong> <strong>en serrant les jambes et avec les mains<\/strong>, notamment lors des freinages et acc\u00e9l\u00e9rations. Il devra \u00e9viter de trop bouger et se retourner pour \u00e9viter de donner du mouvement \u00e0 la moto.&nbsp;<\/p>\n\n\n\n<p>Si ton petit passager en est \u00e0 son coup d\u2019essai,&nbsp;le mieux est de commencer avec le tour du p\u00e2t\u00e9 de maisons \u00e0 vitesse r\u00e9duite, afin de t\u2019assurer que tout va bien. Une fois que ton enfant prend confiance, tu peux allonger la balade et augmenter progressivement et raisonnablement la vitesse.<\/p>\n\n\n\n<p>Derni\u00e8re chose, surtout <strong>n\u2019oublie pas que ton enfant poss\u00e8de moins de r\u00e9sistance, il se fatiguera plus vite qu\u2019un adulte et risque facilement de s\u2019endormir<\/strong>, surtout s\u2019il est bien cal\u00e9, le trajet va le bercer&nbsp;! Si tu pr\u00e9vois une balade d\u2019une heure ou plus, tu devras faire plus de pauses que d\u2019habitude,&nbsp;au moins toutes les demi-heures&nbsp;!<br><\/p>\n\n\n\n<p>Tu as toutes les cartes en main pour que ce moment de partage soit aussi chouette que tu pouvais l\u2019esp\u00e9rer&nbsp;! Alors, bon ride avec ton mini-toi&nbsp;!<\/p>\n\n\n\n<p>Icasque sp\u00e9cialiste du <a href=\"https:\/\/www.icasque.com\/Casque-moto\/Enfant\/\">casque pour enfant<\/a><\/p>\n","protected":false},"excerpt":{"rendered":"<p>\u00c7a y est, ton enfant est assez grand pour partager la route avec toi et t\u2019accompagner en passager&nbsp;! Que ce soit pour le simple plaisir de faire une (courte) balade avec lui ou une n\u00e9cessit\u00e9 en utilisant ton 2 roues comme moyen de transport pour l\u2019emmener \u00e0 l\u2019\u00e9cole ou autres activit\u00e9s extra-scolaires, des solutions existent [&hellip;]<\/p>\n","protected":false},"author":18,"featured_media":10475,"comment_status":"open","ping_status":"open","sticky":false,"template":"","format":"standard","meta":{"_lmt_disableupdate":"","_lmt_disable":"","footnotes":""},"categories":[201,206,195],"tags":[485],"class_list":["post-10240","post","type-post","status-publish","format-standard","has-post-thumbnail","hentry","category-bien-sequiper","category-conseils-moto","category-reglementation","tag-roulerendeuxrouesavecsonenfant"],"yoast_head":"<!-- This site is optimized with the Yoast SEO plugin v27.5 - https:\/\/yoast.com\/product\/yoast-seo-wordpress\/ -->\n<title>Rouler en deux-roues avec son enfant - Le blog iCasque<\/title>\n<meta name=\"description\" content=\"Pour rouler en deux-roues avec son enfant, des \u00e9quipements moto sp\u00e9cifiques enfant sont n\u00e9cessaires tout autant que du bon sens...\" \/>\n<meta name=\"robots\" content=\"index, follow, max-snippet:-1, max-image-preview:large, max-video-preview:-1\" \/>\n<link rel=\"canonical\" href=\"https:\/\/www.icasque.com\/liveloveride\/rouler-en-deux-roues-avec-son-enfant\/\" \/>\n<meta property=\"og:locale\" content=\"fr_FR\" \/>\n<meta property=\"og:type\" content=\"article\" \/>\n<meta property=\"og:title\" content=\"Rouler en deux-roues avec son enfant - Le blog iCasque\" \/>\n<meta property=\"og:description\" content=\"Pour rouler en deux-roues avec son enfant, des \u00e9quipements moto sp\u00e9cifiques enfant sont n\u00e9cessaires tout autant que du bon sens...\" \/>\n<meta property=\"og:url\" content=\"https:\/\/www.icasque.com\/liveloveride\/rouler-en-deux-roues-avec-son-enfant\/\" \/>\n<meta property=\"og:site_name\" content=\"Le blog iCasque\" \/>\n<meta property=\"article:published_time\" content=\"2021-09-21T08:32:21+00:00\" \/>\n<meta property=\"article:modified_time\" content=\"2024-10-25T07:30:02+00:00\" \/>\n<meta property=\"og:image\" content=\"https:\/\/www.icasque.com\/liveloveride\/wp-content\/uploads\/2021\/08\/rouler-en-deux-roues-avec-son-enfant-1.jpg\" \/>\n\t<meta property=\"og:image:width\" content=\"1600\" \/>\n\t<meta property=\"og:image:height\" content=\"1054\" \/>\n\t<meta property=\"og:image:type\" content=\"image\/jpeg\" \/>\n<meta name=\"author\" content=\"Lucile\" \/>\n<meta name=\"twitter:card\" content=\"summary_large_image\" \/>\n<meta name=\"twitter:label1\" content=\"\u00c9crit par\" \/>\n\t<meta name=\"twitter:data1\" content=\"Lucile\" \/>\n\t<meta name=\"twitter:label2\" content=\"Dur\u00e9e de lecture estim\u00e9e\" \/>\n\t<meta name=\"twitter:data2\" content=\"9 minutes\" \/>\n<script type=\"application\/ld+json\" class=\"yoast-schema-graph\">{\"@context\":\"https:\\\/\\\/schema.org\",\"@graph\":[{\"@type\":\"Article\",\"@id\":\"https:\\\/\\\/www.icasque.com\\\/liveloveride\\\/rouler-en-deux-roues-avec-son-enfant\\\/#article\",\"isPartOf\":{\"@id\":\"https:\\\/\\\/www.icasque.com\\\/liveloveride\\\/rouler-en-deux-roues-avec-son-enfant\\\/\"},\"author\":{\"name\":\"Lucile\",\"@id\":\"https:\\\/\\\/www.icasque.com\\\/liveloveride\\\/#\\\/schema\\\/person\\\/8213b6a6e6bb40770b1752cb54eb6d38\"},\"headline\":\"Rouler en deux-roues avec son enfant\",\"datePublished\":\"2021-09-21T08:32:21+00:00\",\"dateModified\":\"2024-10-25T07:30:02+00:00\",\"mainEntityOfPage\":{\"@id\":\"https:\\\/\\\/www.icasque.com\\\/liveloveride\\\/rouler-en-deux-roues-avec-son-enfant\\\/\"},\"wordCount\":1779,\"commentCount\":0,\"publisher\":{\"@id\":\"https:\\\/\\\/www.icasque.com\\\/liveloveride\\\/#organization\"},\"image\":{\"@id\":\"https:\\\/\\\/www.icasque.com\\\/liveloveride\\\/rouler-en-deux-roues-avec-son-enfant\\\/#primaryimage\"},\"thumbnailUrl\":\"https:\\\/\\\/www.icasque.com\\\/liveloveride\\\/wp-content\\\/uploads\\\/2021\\\/08\\\/rouler-en-deux-roues-avec-son-enfant-1.jpg\",\"keywords\":[\"roulerendeuxrouesavecsonenfant\"],\"articleSection\":[\"Bien s'\u00e9quiper\",\"Conseils moto\",\"R\u00e9glementation\"],\"inLanguage\":\"fr-FR\",\"potentialAction\":[{\"@type\":\"CommentAction\",\"name\":\"Comment\",\"target\":[\"https:\\\/\\\/www.icasque.com\\\/liveloveride\\\/rouler-en-deux-roues-avec-son-enfant\\\/#respond\"]}]},{\"@type\":\"WebPage\",\"@id\":\"https:\\\/\\\/www.icasque.com\\\/liveloveride\\\/rouler-en-deux-roues-avec-son-enfant\\\/\",\"url\":\"https:\\\/\\\/www.icasque.com\\\/liveloveride\\\/rouler-en-deux-roues-avec-son-enfant\\\/\",\"name\":\"Rouler en deux-roues avec son enfant - Le blog iCasque\",\"isPartOf\":{\"@id\":\"https:\\\/\\\/www.icasque.com\\\/liveloveride\\\/#website\"},\"primaryImageOfPage\":{\"@id\":\"https:\\\/\\\/www.icasque.com\\\/liveloveride\\\/rouler-en-deux-roues-avec-son-enfant\\\/#primaryimage\"},\"image\":{\"@id\":\"https:\\\/\\\/www.icasque.com\\\/liveloveride\\\/rouler-en-deux-roues-avec-son-enfant\\\/#primaryimage\"},\"thumbnailUrl\":\"https:\\\/\\\/www.icasque.com\\\/liveloveride\\\/wp-content\\\/uploads\\\/2021\\\/08\\\/rouler-en-deux-roues-avec-son-enfant-1.jpg\",\"datePublished\":\"2021-09-21T08:32:21+00:00\",\"dateModified\":\"2024-10-25T07:30:02+00:00\",\"description\":\"Pour rouler en deux-roues avec son enfant, des \u00e9quipements moto sp\u00e9cifiques enfant sont n\u00e9cessaires tout autant que du bon sens...\",\"breadcrumb\":{\"@id\":\"https:\\\/\\\/www.icasque.com\\\/liveloveride\\\/rouler-en-deux-roues-avec-son-enfant\\\/#breadcrumb\"},\"inLanguage\":\"fr-FR\",\"potentialAction\":[{\"@type\":\"ReadAction\",\"target\":[\"https:\\\/\\\/www.icasque.com\\\/liveloveride\\\/rouler-en-deux-roues-avec-son-enfant\\\/\"]}]},{\"@type\":\"ImageObject\",\"inLanguage\":\"fr-FR\",\"@id\":\"https:\\\/\\\/www.icasque.com\\\/liveloveride\\\/rouler-en-deux-roues-avec-son-enfant\\\/#primaryimage\",\"url\":\"https:\\\/\\\/www.icasque.com\\\/liveloveride\\\/wp-content\\\/uploads\\\/2021\\\/08\\\/rouler-en-deux-roues-avec-son-enfant-1.jpg\",\"contentUrl\":\"https:\\\/\\\/www.icasque.com\\\/liveloveride\\\/wp-content\\\/uploads\\\/2021\\\/08\\\/rouler-en-deux-roues-avec-son-enfant-1.jpg\",\"width\":1600,\"height\":1054,\"caption\":\"rouler en deux roues avec son enfant 1\"},{\"@type\":\"BreadcrumbList\",\"@id\":\"https:\\\/\\\/www.icasque.com\\\/liveloveride\\\/rouler-en-deux-roues-avec-son-enfant\\\/#breadcrumb\",\"itemListElement\":[{\"@type\":\"ListItem\",\"position\":1,\"name\":\"Accueil\",\"item\":\"https:\\\/\\\/www.icasque.com\\\/liveloveride\\\/\"},{\"@type\":\"ListItem\",\"position\":2,\"name\":\"Rouler en deux-roues avec son enfant\"}]},{\"@type\":\"WebSite\",\"@id\":\"https:\\\/\\\/www.icasque.com\\\/liveloveride\\\/#website\",\"url\":\"https:\\\/\\\/www.icasque.com\\\/liveloveride\\\/\",\"name\":\"Le blog iCasque\",\"description\":\"Le blog moto\",\"publisher\":{\"@id\":\"https:\\\/\\\/www.icasque.com\\\/liveloveride\\\/#organization\"},\"potentialAction\":[{\"@type\":\"SearchAction\",\"target\":{\"@type\":\"EntryPoint\",\"urlTemplate\":\"https:\\\/\\\/www.icasque.com\\\/liveloveride\\\/?s={search_term_string}\"},\"query-input\":{\"@type\":\"PropertyValueSpecification\",\"valueRequired\":true,\"valueName\":\"search_term_string\"}}],\"inLanguage\":\"fr-FR\"},{\"@type\":\"Organization\",\"@id\":\"https:\\\/\\\/www.icasque.com\\\/liveloveride\\\/#organization\",\"name\":\"ICC\",\"url\":\"https:\\\/\\\/www.icasque.com\\\/liveloveride\\\/\",\"logo\":{\"@type\":\"ImageObject\",\"inLanguage\":\"fr-FR\",\"@id\":\"https:\\\/\\\/www.icasque.com\\\/liveloveride\\\/#\\\/schema\\\/logo\\\/image\\\/\",\"url\":\"https:\\\/\\\/www.icasque.com\\\/liveloveride\\\/wp-content\\\/uploads\\\/2018\\\/02\\\/logo-icasque_1200x1200-e1519038889300.jpg\",\"contentUrl\":\"https:\\\/\\\/www.icasque.com\\\/liveloveride\\\/wp-content\\\/uploads\\\/2018\\\/02\\\/logo-icasque_1200x1200-e1519038889300.jpg\",\"width\":150,\"height\":150,\"caption\":\"ICC\"},\"image\":{\"@id\":\"https:\\\/\\\/www.icasque.com\\\/liveloveride\\\/#\\\/schema\\\/logo\\\/image\\\/\"}},{\"@type\":\"Person\",\"@id\":\"https:\\\/\\\/www.icasque.com\\\/liveloveride\\\/#\\\/schema\\\/person\\\/8213b6a6e6bb40770b1752cb54eb6d38\",\"name\":\"Lucile\",\"image\":{\"@type\":\"ImageObject\",\"inLanguage\":\"fr-FR\",\"@id\":\"https:\\\/\\\/www.icasque.com\\\/liveloveride\\\/wp-content\\\/uploads\\\/2019\\\/01\\\/lucile2-150x150.jpg\",\"url\":\"https:\\\/\\\/www.icasque.com\\\/liveloveride\\\/wp-content\\\/uploads\\\/2019\\\/01\\\/lucile2-150x150.jpg\",\"contentUrl\":\"https:\\\/\\\/www.icasque.com\\\/liveloveride\\\/wp-content\\\/uploads\\\/2019\\\/01\\\/lucile2-150x150.jpg\",\"caption\":\"Lucile\"},\"description\":\"Passionn\u00e9e de 2 roues depuis ma plus tendre enfance, j\u2019ai pass\u00e9 mon permis gros cube \u00e0 21 ans et \u00e9cum\u00e9 les routes de ma Haute-Savoie natale et alentours pendant plus de 10 ans avant de me r\u00e9soudre \u00e0 un constat r\u00e9aliste : essayer de prendre les points de corde sur route est un jeu dangereux pour lequel les cartes \\\"chance\\\" distribu\u00e9es sont limit\u00e9es... C\u2019est ainsi que je me suis retrouv\u00e9e sur piste en 2013 avec mon conjoint lui aussi passionn\u00e9 ! Et autant vous dire que le virus a vite pris et s'est m\u00eame transform\u00e9 en passion commune !!! Aujourd\u2019hui ma pratique de la moto se limite \u00e0 la piste en roulages libres et \u00e9galement comp\u00e9titions, tout en restant une adepte du 2 roues pour les d\u00e9placements pro\u2026 Mais en scooter ! Au travers de mes articles, je tacherai donc de mettre \u00e0 profit mes comp\u00e9tences de professeur (mon m\u00e9tier) et de motarde\\\/pistarde au service d\u2019articles vari\u00e9s pour te partager mes exp\u00e9riences, connaissances, conseils et astuces !\",\"url\":\"https:\\\/\\\/www.icasque.com\\\/liveloveride\\\/author\\\/lucile\\\/\"}]}<\/script>\n<!-- \/ Yoast SEO plugin. -->","yoast_head_json":{"title":"Rouler en deux-roues avec son enfant - Le blog iCasque","description":"Pour rouler en deux-roues avec son enfant, des \u00e9quipements moto sp\u00e9cifiques enfant sont n\u00e9cessaires tout autant que du bon sens...","robots":{"index":"index","follow":"follow","max-snippet":"max-snippet:-1","max-image-preview":"max-image-preview:large","max-video-preview":"max-video-preview:-1"},"canonical":"https:\/\/www.icasque.com\/liveloveride\/rouler-en-deux-roues-avec-son-enfant\/","og_locale":"fr_FR","og_type":"article","og_title":"Rouler en deux-roues avec son enfant - Le blog iCasque","og_description":"Pour rouler en deux-roues avec son enfant, des \u00e9quipements moto sp\u00e9cifiques enfant sont n\u00e9cessaires tout autant que du bon sens...","og_url":"https:\/\/www.icasque.com\/liveloveride\/rouler-en-deux-roues-avec-son-enfant\/","og_site_name":"Le blog iCasque","article_published_time":"2021-09-21T08:32:21+00:00","article_modified_time":"2024-10-25T07:30:02+00:00","og_image":[{"width":1600,"height":1054,"url":"https:\/\/www.icasque.com\/liveloveride\/wp-content\/uploads\/2021\/08\/rouler-en-deux-roues-avec-son-enfant-1.jpg","type":"image\/jpeg"}],"author":"Lucile","twitter_card":"summary_large_image","twitter_misc":{"\u00c9crit par":"Lucile","Dur\u00e9e de lecture estim\u00e9e":"9 minutes"},"schema":{"@context":"https:\/\/schema.org","@graph":[{"@type":"Article","@id":"https:\/\/www.icasque.com\/liveloveride\/rouler-en-deux-roues-avec-son-enfant\/#article","isPartOf":{"@id":"https:\/\/www.icasque.com\/liveloveride\/rouler-en-deux-roues-avec-son-enfant\/"},"author":{"name":"Lucile","@id":"https:\/\/www.icasque.com\/liveloveride\/#\/schema\/person\/8213b6a6e6bb40770b1752cb54eb6d38"},"headline":"Rouler en deux-roues avec son enfant","datePublished":"2021-09-21T08:32:21+00:00","dateModified":"2024-10-25T07:30:02+00:00","mainEntityOfPage":{"@id":"https:\/\/www.icasque.com\/liveloveride\/rouler-en-deux-roues-avec-son-enfant\/"},"wordCount":1779,"commentCount":0,"publisher":{"@id":"https:\/\/www.icasque.com\/liveloveride\/#organization"},"image":{"@id":"https:\/\/www.icasque.com\/liveloveride\/rouler-en-deux-roues-avec-son-enfant\/#primaryimage"},"thumbnailUrl":"https:\/\/www.icasque.com\/liveloveride\/wp-content\/uploads\/2021\/08\/rouler-en-deux-roues-avec-son-enfant-1.jpg","keywords":["roulerendeuxrouesavecsonenfant"],"articleSection":["Bien s'\u00e9quiper","Conseils moto","R\u00e9glementation"],"inLanguage":"fr-FR","potentialAction":[{"@type":"CommentAction","name":"Comment","target":["https:\/\/www.icasque.com\/liveloveride\/rouler-en-deux-roues-avec-son-enfant\/#respond"]}]},{"@type":"WebPage","@id":"https:\/\/www.icasque.com\/liveloveride\/rouler-en-deux-roues-avec-son-enfant\/","url":"https:\/\/www.icasque.com\/liveloveride\/rouler-en-deux-roues-avec-son-enfant\/","name":"Rouler en deux-roues avec son enfant - Le blog iCasque","isPartOf":{"@id":"https:\/\/www.icasque.com\/liveloveride\/#website"},"primaryImageOfPage":{"@id":"https:\/\/www.icasque.com\/liveloveride\/rouler-en-deux-roues-avec-son-enfant\/#primaryimage"},"image":{"@id":"https:\/\/www.icasque.com\/liveloveride\/rouler-en-deux-roues-avec-son-enfant\/#primaryimage"},"thumbnailUrl":"https:\/\/www.icasque.com\/liveloveride\/wp-content\/uploads\/2021\/08\/rouler-en-deux-roues-avec-son-enfant-1.jpg","datePublished":"2021-09-21T08:32:21+00:00","dateModified":"2024-10-25T07:30:02+00:00","description":"Pour rouler en deux-roues avec son enfant, des \u00e9quipements moto sp\u00e9cifiques enfant sont n\u00e9cessaires tout autant que du bon sens...","breadcrumb":{"@id":"https:\/\/www.icasque.com\/liveloveride\/rouler-en-deux-roues-avec-son-enfant\/#breadcrumb"},"inLanguage":"fr-FR","potentialAction":[{"@type":"ReadAction","target":["https:\/\/www.icasque.com\/liveloveride\/rouler-en-deux-roues-avec-son-enfant\/"]}]},{"@type":"ImageObject","inLanguage":"fr-FR","@id":"https:\/\/www.icasque.com\/liveloveride\/rouler-en-deux-roues-avec-son-enfant\/#primaryimage","url":"https:\/\/www.icasque.com\/liveloveride\/wp-content\/uploads\/2021\/08\/rouler-en-deux-roues-avec-son-enfant-1.jpg","contentUrl":"https:\/\/www.icasque.com\/liveloveride\/wp-content\/uploads\/2021\/08\/rouler-en-deux-roues-avec-son-enfant-1.jpg","width":1600,"height":1054,"caption":"rouler en deux roues avec son enfant 1"},{"@type":"BreadcrumbList","@id":"https:\/\/www.icasque.com\/liveloveride\/rouler-en-deux-roues-avec-son-enfant\/#breadcrumb","itemListElement":[{"@type":"ListItem","position":1,"name":"Accueil","item":"https:\/\/www.icasque.com\/liveloveride\/"},{"@type":"ListItem","position":2,"name":"Rouler en deux-roues avec son enfant"}]},{"@type":"WebSite","@id":"https:\/\/www.icasque.com\/liveloveride\/#website","url":"https:\/\/www.icasque.com\/liveloveride\/","name":"Le blog iCasque","description":"Le blog moto","publisher":{"@id":"https:\/\/www.icasque.com\/liveloveride\/#organization"},"potentialAction":[{"@type":"SearchAction","target":{"@type":"EntryPoint","urlTemplate":"https:\/\/www.icasque.com\/liveloveride\/?s={search_term_string}"},"query-input":{"@type":"PropertyValueSpecification","valueRequired":true,"valueName":"search_term_string"}}],"inLanguage":"fr-FR"},{"@type":"Organization","@id":"https:\/\/www.icasque.com\/liveloveride\/#organization","name":"ICC","url":"https:\/\/www.icasque.com\/liveloveride\/","logo":{"@type":"ImageObject","inLanguage":"fr-FR","@id":"https:\/\/www.icasque.com\/liveloveride\/#\/schema\/logo\/image\/","url":"https:\/\/www.icasque.com\/liveloveride\/wp-content\/uploads\/2018\/02\/logo-icasque_1200x1200-e1519038889300.jpg","contentUrl":"https:\/\/www.icasque.com\/liveloveride\/wp-content\/uploads\/2018\/02\/logo-icasque_1200x1200-e1519038889300.jpg","width":150,"height":150,"caption":"ICC"},"image":{"@id":"https:\/\/www.icasque.com\/liveloveride\/#\/schema\/logo\/image\/"}},{"@type":"Person","@id":"https:\/\/www.icasque.com\/liveloveride\/#\/schema\/person\/8213b6a6e6bb40770b1752cb54eb6d38","name":"Lucile","image":{"@type":"ImageObject","inLanguage":"fr-FR","@id":"https:\/\/www.icasque.com\/liveloveride\/wp-content\/uploads\/2019\/01\/lucile2-150x150.jpg","url":"https:\/\/www.icasque.com\/liveloveride\/wp-content\/uploads\/2019\/01\/lucile2-150x150.jpg","contentUrl":"https:\/\/www.icasque.com\/liveloveride\/wp-content\/uploads\/2019\/01\/lucile2-150x150.jpg","caption":"Lucile"},"description":"Passionn\u00e9e de 2 roues depuis ma plus tendre enfance, j\u2019ai pass\u00e9 mon permis gros cube \u00e0 21 ans et \u00e9cum\u00e9 les routes de ma Haute-Savoie natale et alentours pendant plus de 10 ans avant de me r\u00e9soudre \u00e0 un constat r\u00e9aliste : essayer de prendre les points de corde sur route est un jeu dangereux pour lequel les cartes \"chance\" distribu\u00e9es sont limit\u00e9es... C\u2019est ainsi que je me suis retrouv\u00e9e sur piste en 2013 avec mon conjoint lui aussi passionn\u00e9 ! Et autant vous dire que le virus a vite pris et s'est m\u00eame transform\u00e9 en passion commune !!! Aujourd\u2019hui ma pratique de la moto se limite \u00e0 la piste en roulages libres et \u00e9galement comp\u00e9titions, tout en restant une adepte du 2 roues pour les d\u00e9placements pro\u2026 Mais en scooter ! Au travers de mes articles, je tacherai donc de mettre \u00e0 profit mes comp\u00e9tences de professeur (mon m\u00e9tier) et de motarde\/pistarde au service d\u2019articles vari\u00e9s pour te partager mes exp\u00e9riences, connaissances, conseils et astuces !","url":"https:\/\/www.icasque.com\/liveloveride\/author\/lucile\/"}]}},"modified_by":"Am\u00e9lie Sim\u00e9on","_links":{"self":[{"href":"https:\/\/www.icasque.com\/liveloveride\/wp-json\/wp\/v2\/posts\/10240","targetHints":{"allow":["GET"]}}],"collection":[{"href":"https:\/\/www.icasque.com\/liveloveride\/wp-json\/wp\/v2\/posts"}],"about":[{"href":"https:\/\/www.icasque.com\/liveloveride\/wp-json\/wp\/v2\/types\/post"}],"author":[{"embeddable":true,"href":"https:\/\/www.icasque.com\/liveloveride\/wp-json\/wp\/v2\/users\/18"}],"replies":[{"embeddable":true,"href":"https:\/\/www.icasque.com\/liveloveride\/wp-json\/wp\/v2\/comments?post=10240"}],"version-history":[{"count":10,"href":"https:\/\/www.icasque.com\/liveloveride\/wp-json\/wp\/v2\/posts\/10240\/revisions"}],"predecessor-version":[{"id":12551,"href":"https:\/\/www.icasque.com\/liveloveride\/wp-json\/wp\/v2\/posts\/10240\/revisions\/12551"}],"wp:featuredmedia":[{"embeddable":true,"href":"https:\/\/www.icasque.com\/liveloveride\/wp-json\/wp\/v2\/media\/10475"}],"wp:attachment":[{"href":"https:\/\/www.icasque.com\/liveloveride\/wp-json\/wp\/v2\/media?parent=10240"}],"wp:term":[{"taxonomy":"category","embeddable":true,"href":"https:\/\/www.icasque.com\/liveloveride\/wp-json\/wp\/v2\/categories?post=10240"},{"taxonomy":"post_tag","embeddable":true,"href":"https:\/\/www.icasque.com\/liveloveride\/wp-json\/wp\/v2\/tags?post=10240"}],"curies":[{"name":"wp","href":"https:\/\/api.w.org\/{rel}","templated":true}]}}