{"id":12142,"date":"2023-11-13T11:10:46","date_gmt":"2023-11-13T10:10:46","guid":{"rendered":"https:\/\/www.icasque.com\/liveloveride\/?p=12142"},"modified":"2023-11-13T11:12:01","modified_gmt":"2023-11-13T10:12:01","slug":"controle-technique-des-deux-roues-une-nouvelle-realite-en-france-a-partir-davril-2024","status":"publish","type":"post","link":"https:\/\/www.icasque.com\/liveloveride\/controle-technique-des-deux-roues-une-nouvelle-realite-en-france-a-partir-davril-2024\/","title":{"rendered":"Contr\u00f4le\u00a0technique des deux-roues : une nouvelle r\u00e9alit\u00e9 en France \u00e0 partir d&#8217;avril 2024"},"content":{"rendered":"\n<p>Les passionn\u00e9s de deux-roues en France vont bient\u00f4t devoir s&#8217;adapter \u00e0 une nouvelle r\u00e9alit\u00e9 routi\u00e8re. <strong>\u00c0 partir d&#8217;avril 2024, le contr\u00f4le technique des deux-roues, une mesure longtemps contest\u00e9e, sera progressivement mis en place sur l&#8217;ensemble du territoire<\/strong>. Cette initiative, r\u00e9sultant d&#8217;une directive europ\u00e9enne datant de 2014, est con\u00e7ue pour am\u00e9liorer la s\u00e9curit\u00e9 des conducteurs de deux-roues et r\u00e9duire l&#8217;impact environnemental de ces v\u00e9hicules. Analysons en d\u00e9tail cette r\u00e9forme, les cat\u00e9gories de v\u00e9hicules concern\u00e9es, et les implications pour les propri\u00e9taires de deux-roues. <\/p>\n\n\n\n<!--more-->\n\n\n\n<figure class=\"wp-block-image size-large\"><img decoding=\"async\" src=\"https:\/\/www.icasque.com\/liveloveride\/wp-content\/uploads\/2023\/11\/3-1-1024x573.jpg\"  alt=\"3 1\" class=\"wp-image-1215\"\/><\/figure>\n\n\n\n<h2 class=\"wp-block-heading\">Une directive europ\u00e9enne longtemps attendue<\/h2>\n\n\n\n<p><strong>L&#8217;introduction du contr\u00f4le technique pour les deux-roues en France d\u00e9coule d&#8217;une directive europ\u00e9enne de 2014<\/strong> qui avait fix\u00e9 une \u00e9ch\u00e9ance pour sa mise en \u0153uvre en janvier 2022. Cependant, la France avait retard\u00e9 sa transposition, ce qui avait suscit\u00e9 des r\u00e9actions mitig\u00e9es de la part des usagers et des associations de motards. La bataille entre les partisans et les opposants de cette mesure s&#8217;\u00e9tait intensifi\u00e9e, entra\u00eenant des mois de d\u00e9saccord et de litiges judiciaires. Finalement, en 2023, un arr\u00eat\u00e9 a \u00e9t\u00e9 publi\u00e9 au Journal officiel, d\u00e9taillant le calendrier pr\u00e9cis de mise en \u0153uvre de la r\u00e9forme.<\/p>\n\n\n\n<figure class=\"wp-block-image size-large\"><img decoding=\"async\" src=\"https:\/\/www.icasque.com\/liveloveride\/wp-content\/uploads\/2023\/11\/5-1-1024x573.jpg\"  alt=\"5 1\" class=\"wp-image-1215\"\/><\/figure>\n\n\n\n<h2 class=\"wp-block-heading\">Contr\u00f4le technique : quelles cat\u00e9gories de deux-roues sont concern\u00e9es ?<\/h2>\n\n\n\n<p>Le contr\u00f4le technique s&#8217;appliquera \u00e0 une <strong>gamme vari\u00e9e de v\u00e9hicules \u00e0 deux ou trois roues<\/strong>, y compris les <strong>quadricycles \u00e0 moteur<\/strong>. Les cat\u00e9gories de v\u00e9hicules concern\u00e9es sont les suivantes : les <strong>motos et scooters de 50 cm3 (cat\u00e9gories L1e et L2e)<\/strong>, <strong>les trois-roues (cat\u00e9gorie L5e)<\/strong>, et les <strong>quadricycles \u00e0 moteur (cat\u00e9gories L6e et L7e)<\/strong>. Cette large couverture vise \u00e0 garantir la s\u00e9curit\u00e9 et l&#8217;int\u00e9grit\u00e9 de l&#8217;ensemble des usagers de ces v\u00e9hicules, tout en limitant les \u00e9missions polluantes dans l&#8217;environnement urbain.<\/p>\n\n\n\n<h3 class=\"wp-block-heading\">\u00c9ch\u00e9ancier du contr\u00f4le technique<\/h3>\n\n\n\n<p>L&#8217;entr\u00e9e en vigueur de la r\u00e9forme se fera de mani\u00e8re \u00e9chelonn\u00e9e, en fonction de l&#8217;\u00e2ge des v\u00e9hicules. <strong>Les premiers \u00e0 devoir passer le contr\u00f4le technique seront les propri\u00e9taires de v\u00e9hicules immatricul\u00e9s avant le 1er janvier 2017.<\/strong> Pour ces conducteurs, le contr\u00f4le technique devra \u00eatre effectu\u00e9 en 2024. Si votre moto ou deux-roues a \u00e9t\u00e9 immatricul\u00e9 entre le 1er janvier 2017 et le 31 d\u00e9cembre 2019, son contr\u00f4le technique devra \u00eatre r\u00e9alis\u00e9 en 2025. Pour les v\u00e9hicules immatricul\u00e9s entre le 1er janvier 2020 et le 31 d\u00e9cembre 2021, le contr\u00f4le devra \u00eatre r\u00e9alis\u00e9 en 2026.<\/p>\n\n\n\n<p>Enfin, pour les deux-roues immatricul\u00e9s apr\u00e8s le 1er janvier 2022, le premier contr\u00f4le est \u00e0 effectuer dans les six mois pr\u00e9c\u00e9dant l\u2019expiration d&#8217;un d\u00e9lai de cinq ans \u00e0 compter de la date de leur premi\u00e8re mise en circulation, puis tous les trois ans. Cette&nbsp;approche&nbsp;progressive vise \u00e0 \u00e9viter une surcharge soudaine des centres de contr\u00f4le.<\/p>\n\n\n\n<figure class=\"wp-block-image size-large\"><img decoding=\"async\" src=\"https:\/\/www.icasque.com\/liveloveride\/wp-content\/uploads\/2023\/11\/8-1-1024x573.jpg\"  alt=\"8 1\" class=\"wp-image-1215\"\/><\/figure>\n\n\n\n<h3 class=\"wp-block-heading\">Co\u00fbt et simplification du contr\u00f4le technique<\/h3>\n\n\n\n<p>Lorsqu&#8217;il s&#8217;agit de co\u00fbts, Cl\u00e9ment Beaune, ministre d\u00e9l\u00e9gu\u00e9 aux Transports, a rassur\u00e9 les propri\u00e9taires de deux-roues en d\u00e9clarant que <strong>le contr\u00f4le technique co\u00fbterait moins de 50\u20ac<\/strong>. Cependant, il convient de noter que <strong>les centres agr\u00e9\u00e9s fixeront eux-m\u00eames leurs tarifs, ce qui peut entra\u00eener des variations de prix. <\/strong>N\u00e9anmoins, cette d\u00e9pense suppl\u00e9mentaire s&#8217;inscrit dans le cadre des mesures visant \u00e0 garantir la s\u00e9curit\u00e9 et la fiabilit\u00e9 des deux-roues sur les routes fran\u00e7aises.<\/p>\n\n\n\n<p><strong>Le contr\u00f4le technique des deux-roues sera \u00e9galement moins contraignant que celui des voitures, avec une proc\u00e9dure fortement simplifi\u00e9e. <\/strong>Les contr\u00f4leurs auront la mission de v\u00e9rifier la s\u00e9curit\u00e9, la pollution atmosph\u00e9rique, le bruit, ainsi que la vitesse maximale des v\u00e9hicules. Le nombre de points de contr\u00f4le sera r\u00e9duit, ce qui simplifiera le processus pour les propri\u00e9taires de deux-roues.<\/p>\n\n\n\n<h2 class=\"wp-block-heading\"><strong>R\u00e9actions et controverses<\/strong><\/h2>\n\n\n\n<p>La mise en place du contr\u00f4le technique des deux-roues n&#8217;a pas \u00e9t\u00e9 sans controverse. Les associations de motards et certains propri\u00e9taires de ces v\u00e9hicules ont exprim\u00e9 leur opposition \u00e0 cette r\u00e9forme. Pour certains, elle est jug\u00e9e inapplicable et inutile. Cependant, il est essentiel de rappeler que <strong>l&#8217;objectif principal de cette mesure est d&#8217;am\u00e9liorer la s\u00e9curit\u00e9 des motards sur les routes, de r\u00e9duire les \u00e9missions polluantes et les nuisances sonores<\/strong>, tout en se conformant \u00e0 une directive europ\u00e9enne.<\/p>\n\n\n\n<h3 class=\"wp-block-heading\">Consultation publique et r\u00e9actions des motards<\/h3>\n\n\n\n<p>Le gouvernement a r\u00e9cemment publi\u00e9 les r\u00e9sultats d&#8217;une consultation publique sur le projet de d\u00e9cret relatif au <strong>contr\u00f4le technique des deux-roues motoris\u00e9s<\/strong>. Cette consultation a recueilli un nombre impressionnant d&#8217;avis, t\u00e9moignant de <strong>la mobilisation des motards et des utilisateurs de deux-roues <\/strong>sur ce sujet sensible. N\u00e9anmoins, la plupart des objections soulev\u00e9es par les motards ont \u00e9t\u00e9 \u00e9cart\u00e9es, ce qui laisse pr\u00e9sager que la r\u00e9forme sera mise en place conform\u00e9ment aux plans gouvernementaux.<\/p>\n\n\n\n<figure class=\"wp-block-image size-large\"><img decoding=\"async\" src=\"https:\/\/www.icasque.com\/liveloveride\/wp-content\/uploads\/2023\/11\/15-1024x573.jpg\"  alt=\"15\" class=\"wp-image-1215\"\/><\/figure>\n\n\n\n<h3 class=\"wp-block-heading\">Vers l&#8217;avenir : pr\u00e9visions et perspectives<\/h3>\n\n\n\n<p>Alors que <strong>le contr\u00f4le technique des deux-roues se pr\u00e9pare \u00e0 entrer en vigueur en France<\/strong>, il est important de se pencher sur les pr\u00e9visions et les perspectives pour l&#8217;avenir de cette r\u00e9forme. D&#8217;une part, les partisans de la mesure esp\u00e8rent que<strong> cela entra\u00eenera une diminution des accidents impliquant des motos et des scooters, en garantissant que les v\u00e9hicules sont en bon \u00e9tat de fonctionnement.<\/strong> Les nouvelles r\u00e9glementations sur la s\u00e9curit\u00e9 routi\u00e8re, en plus du <a href=\"http:\/\/icasque.com\/Equipement-moto\/\" target=\"_blank\" rel=\"noreferrer noopener\">port de l&#8217;\u00e9quipement moto obligatoire<\/a>, pourraient contribuer \u00e0 sauver des vies et \u00e0 r\u00e9duire les co\u00fbts associ\u00e9s aux accidents de la route.<\/p>\n\n\n\n<p>D&#8217;autre part, <strong>cette r\u00e9forme devrait avoir un impact significatif sur l&#8217;environnement.<\/strong> En r\u00e9duisant les \u00e9missions de gaz polluants et les nuisances sonores g\u00e9n\u00e9r\u00e9es par les deux-roues, la France pourrait progresser vers une meilleure qualit\u00e9 de l&#8217;air urbain. Cela contribuerait \u00e0 la lutte contre la pollution et \u00e0 la pr\u00e9servation de l&#8217;\u00e9cosyst\u00e8me. L&#8217;efficacit\u00e9 des contr\u00f4les techniques dans l&#8217;am\u00e9lioration de la s\u00e9curit\u00e9 et de\u00a0l&#8217;environnement sera surveill\u00e9e de pr\u00e8s au fil du temps pour s&#8217;assurer que cette mesure atteint ses objectifs \u00e0 long terme. En fin de compte, le contr\u00f4le technique des deux-roues en France repr\u00e9sente une \u00e9tape importante vers un avenir plus s\u00fbr et plus durable sur les routes fran\u00e7aises.<\/p>\n\n\n\n<figure class=\"wp-block-image size-large\"><img decoding=\"async\" src=\"https:\/\/www.icasque.com\/liveloveride\/wp-content\/uploads\/2023\/11\/10-1024x573.jpg\"  alt=\"10\" class=\"wp-image-1215\"\/><\/figure>\n\n\n\n<h2 class=\"wp-block-heading\">Contr\u00f4le technique des motos et deux-roues, une nouvelle r\u00e9alit\u00e9 routi\u00e8re<\/h2>\n\n\n\n<p><strong>\u00c0 partir d&#8217;avril 2024, le contr\u00f4le technique des deux-roues deviendra une r\u00e9alit\u00e9 en France.<\/strong> Cette mesure vise \u00e0 <a href=\"https:\/\/www.service-public.fr\/particuliers\/actualites\/A16861\" target=\"_blank\" rel=\"noreferrer noopener\">am\u00e9liorer la s\u00e9curit\u00e9 routi\u00e8re<\/a> et \u00e0 r\u00e9duire l&#8217;impact environnemental des v\u00e9hicules \u00e0 deux roues. Les propri\u00e9taires de ces engins devront se conformer \u00e0 un calendrier pr\u00e9cis en fonction de l&#8217;\u00e2ge de leur v\u00e9hicule. Bien que la r\u00e9forme ait suscit\u00e9 des d\u00e9bats et des inqui\u00e9tudes, elle repr\u00e9sente un pas en avant vers des routes plus s\u00fbres et un environnement plus sain.<\/p>\n","protected":false},"excerpt":{"rendered":"<p>Les passionn\u00e9s de deux-roues en France vont bient\u00f4t devoir s&#8217;adapter \u00e0 une nouvelle r\u00e9alit\u00e9 routi\u00e8re. \u00c0 partir d&#8217;avril 2024, le contr\u00f4le technique des deux-roues, une mesure longtemps contest\u00e9e, sera progressivement mis en place sur l&#8217;ensemble du territoire. Cette initiative, r\u00e9sultant d&#8217;une directive europ\u00e9enne datant de 2014, est con\u00e7ue pour am\u00e9liorer la s\u00e9curit\u00e9 des conducteurs de [&hellip;]<\/p>\n","protected":false},"author":5,"featured_media":12145,"comment_status":"open","ping_status":"open","sticky":false,"template":"","format":"standard","meta":{"_lmt_disableupdate":"","_lmt_disable":"","footnotes":""},"categories":[229,206,226,195],"tags":[541],"class_list":["post-12142","post","type-post","status-publish","format-standard","has-post-thumbnail","hentry","category-actu","category-conseils-moto","category-entretien-moto","category-reglementation","tag-controletechniquedesdeuxrouesunenouvellerealiteenfranceapartirdavril2024"],"yoast_head":"<!-- This site is optimized with the Yoast SEO plugin v27.5 - https:\/\/yoast.com\/product\/yoast-seo-wordpress\/ -->\n<title>Contr\u00f4le\u00a0technique des deux-roues : une nouvelle r\u00e9alit\u00e9 en France \u00e0 partir d&#039;avril 2024 - Le blog iCasque<\/title>\n<meta name=\"description\" content=\"\u00c0 partir d&#039;avril 2024, le contr\u00f4le technique des deux-roues, une mesure longtemps contest\u00e9e, sera progressivement mis en place en France.\" \/>\n<meta name=\"robots\" content=\"index, follow, max-snippet:-1, max-image-preview:large, max-video-preview:-1\" \/>\n<link rel=\"canonical\" href=\"https:\/\/www.icasque.com\/liveloveride\/controle-technique-des-deux-roues-une-nouvelle-realite-en-france-a-partir-davril-2024\/\" \/>\n<meta property=\"og:locale\" content=\"fr_FR\" \/>\n<meta property=\"og:type\" content=\"article\" \/>\n<meta property=\"og:title\" content=\"Contr\u00f4le\u00a0technique des deux-roues : une nouvelle r\u00e9alit\u00e9 en France \u00e0 partir d&#039;avril 2024 - Le blog iCasque\" \/>\n<meta property=\"og:description\" content=\"\u00c0 partir d&#039;avril 2024, le contr\u00f4le technique des deux-roues, une mesure longtemps contest\u00e9e, sera progressivement mis en place en France.\" \/>\n<meta property=\"og:url\" content=\"https:\/\/www.icasque.com\/liveloveride\/controle-technique-des-deux-roues-une-nouvelle-realite-en-france-a-partir-davril-2024\/\" \/>\n<meta property=\"og:site_name\" content=\"Le blog iCasque\" \/>\n<meta property=\"article:published_time\" content=\"2023-11-13T10:10:46+00:00\" \/>\n<meta property=\"article:modified_time\" content=\"2023-11-13T10:12:01+00:00\" \/>\n<meta property=\"og:image\" content=\"https:\/\/www.icasque.com\/liveloveride\/wp-content\/uploads\/2023\/11\/1.jpg\" \/>\n\t<meta property=\"og:image:width\" content=\"1935\" \/>\n\t<meta property=\"og:image:height\" content=\"1083\" \/>\n\t<meta property=\"og:image:type\" content=\"image\/jpeg\" \/>\n<meta name=\"author\" content=\"Fred\" \/>\n<meta name=\"twitter:card\" content=\"summary_large_image\" \/>\n<meta name=\"twitter:label1\" content=\"\u00c9crit par\" \/>\n\t<meta name=\"twitter:data1\" content=\"Fred\" \/>\n\t<meta name=\"twitter:label2\" content=\"Dur\u00e9e de lecture estim\u00e9e\" \/>\n\t<meta name=\"twitter:data2\" content=\"7 minutes\" \/>\n<script type=\"application\/ld+json\" class=\"yoast-schema-graph\">{\"@context\":\"https:\\\/\\\/schema.org\",\"@graph\":[{\"@type\":\"Article\",\"@id\":\"https:\\\/\\\/www.icasque.com\\\/liveloveride\\\/controle-technique-des-deux-roues-une-nouvelle-realite-en-france-a-partir-davril-2024\\\/#article\",\"isPartOf\":{\"@id\":\"https:\\\/\\\/www.icasque.com\\\/liveloveride\\\/controle-technique-des-deux-roues-une-nouvelle-realite-en-france-a-partir-davril-2024\\\/\"},\"author\":{\"name\":\"Fred\",\"@id\":\"https:\\\/\\\/www.icasque.com\\\/liveloveride\\\/#\\\/schema\\\/person\\\/b657f18d5ceaba6523b1f9bab6d3c06a\"},\"headline\":\"Contr\u00f4le\u00a0technique des deux-roues : une nouvelle r\u00e9alit\u00e9 en France \u00e0 partir d&#8217;avril 2024\",\"datePublished\":\"2023-11-13T10:10:46+00:00\",\"dateModified\":\"2023-11-13T10:12:01+00:00\",\"mainEntityOfPage\":{\"@id\":\"https:\\\/\\\/www.icasque.com\\\/liveloveride\\\/controle-technique-des-deux-roues-une-nouvelle-realite-en-france-a-partir-davril-2024\\\/\"},\"wordCount\":1171,\"commentCount\":0,\"publisher\":{\"@id\":\"https:\\\/\\\/www.icasque.com\\\/liveloveride\\\/#organization\"},\"image\":{\"@id\":\"https:\\\/\\\/www.icasque.com\\\/liveloveride\\\/controle-technique-des-deux-roues-une-nouvelle-realite-en-france-a-partir-davril-2024\\\/#primaryimage\"},\"thumbnailUrl\":\"https:\\\/\\\/www.icasque.com\\\/liveloveride\\\/wp-content\\\/uploads\\\/2023\\\/11\\\/1.jpg\",\"keywords\":[\"controletechniquedesdeuxrouesunenouvellerealiteenfranceapartirdavril2024\"],\"articleSection\":[\"Actu\",\"Conseils moto\",\"Entretien moto\",\"R\u00e9glementation\"],\"inLanguage\":\"fr-FR\",\"potentialAction\":[{\"@type\":\"CommentAction\",\"name\":\"Comment\",\"target\":[\"https:\\\/\\\/www.icasque.com\\\/liveloveride\\\/controle-technique-des-deux-roues-une-nouvelle-realite-en-france-a-partir-davril-2024\\\/#respond\"]}]},{\"@type\":\"WebPage\",\"@id\":\"https:\\\/\\\/www.icasque.com\\\/liveloveride\\\/controle-technique-des-deux-roues-une-nouvelle-realite-en-france-a-partir-davril-2024\\\/\",\"url\":\"https:\\\/\\\/www.icasque.com\\\/liveloveride\\\/controle-technique-des-deux-roues-une-nouvelle-realite-en-france-a-partir-davril-2024\\\/\",\"name\":\"Contr\u00f4le\u00a0technique des deux-roues : une nouvelle r\u00e9alit\u00e9 en France \u00e0 partir d'avril 2024 - Le blog iCasque\",\"isPartOf\":{\"@id\":\"https:\\\/\\\/www.icasque.com\\\/liveloveride\\\/#website\"},\"primaryImageOfPage\":{\"@id\":\"https:\\\/\\\/www.icasque.com\\\/liveloveride\\\/controle-technique-des-deux-roues-une-nouvelle-realite-en-france-a-partir-davril-2024\\\/#primaryimage\"},\"image\":{\"@id\":\"https:\\\/\\\/www.icasque.com\\\/liveloveride\\\/controle-technique-des-deux-roues-une-nouvelle-realite-en-france-a-partir-davril-2024\\\/#primaryimage\"},\"thumbnailUrl\":\"https:\\\/\\\/www.icasque.com\\\/liveloveride\\\/wp-content\\\/uploads\\\/2023\\\/11\\\/1.jpg\",\"datePublished\":\"2023-11-13T10:10:46+00:00\",\"dateModified\":\"2023-11-13T10:12:01+00:00\",\"description\":\"\u00c0 partir d'avril 2024, le contr\u00f4le technique des deux-roues, une mesure longtemps contest\u00e9e, sera progressivement mis en place en France.\",\"breadcrumb\":{\"@id\":\"https:\\\/\\\/www.icasque.com\\\/liveloveride\\\/controle-technique-des-deux-roues-une-nouvelle-realite-en-france-a-partir-davril-2024\\\/#breadcrumb\"},\"inLanguage\":\"fr-FR\",\"potentialAction\":[{\"@type\":\"ReadAction\",\"target\":[\"https:\\\/\\\/www.icasque.com\\\/liveloveride\\\/controle-technique-des-deux-roues-une-nouvelle-realite-en-france-a-partir-davril-2024\\\/\"]}]},{\"@type\":\"ImageObject\",\"inLanguage\":\"fr-FR\",\"@id\":\"https:\\\/\\\/www.icasque.com\\\/liveloveride\\\/controle-technique-des-deux-roues-une-nouvelle-realite-en-france-a-partir-davril-2024\\\/#primaryimage\",\"url\":\"https:\\\/\\\/www.icasque.com\\\/liveloveride\\\/wp-content\\\/uploads\\\/2023\\\/11\\\/1.jpg\",\"contentUrl\":\"https:\\\/\\\/www.icasque.com\\\/liveloveride\\\/wp-content\\\/uploads\\\/2023\\\/11\\\/1.jpg\",\"width\":1935,\"height\":1083,\"caption\":\"1\"},{\"@type\":\"BreadcrumbList\",\"@id\":\"https:\\\/\\\/www.icasque.com\\\/liveloveride\\\/controle-technique-des-deux-roues-une-nouvelle-realite-en-france-a-partir-davril-2024\\\/#breadcrumb\",\"itemListElement\":[{\"@type\":\"ListItem\",\"position\":1,\"name\":\"Accueil\",\"item\":\"https:\\\/\\\/www.icasque.com\\\/liveloveride\\\/\"},{\"@type\":\"ListItem\",\"position\":2,\"name\":\"Contr\u00f4le\u00a0technique des deux-roues : une nouvelle r\u00e9alit\u00e9 en France \u00e0 partir d&#8217;avril 2024\"}]},{\"@type\":\"WebSite\",\"@id\":\"https:\\\/\\\/www.icasque.com\\\/liveloveride\\\/#website\",\"url\":\"https:\\\/\\\/www.icasque.com\\\/liveloveride\\\/\",\"name\":\"Le blog iCasque\",\"description\":\"Le blog moto\",\"publisher\":{\"@id\":\"https:\\\/\\\/www.icasque.com\\\/liveloveride\\\/#organization\"},\"potentialAction\":[{\"@type\":\"SearchAction\",\"target\":{\"@type\":\"EntryPoint\",\"urlTemplate\":\"https:\\\/\\\/www.icasque.com\\\/liveloveride\\\/?s={search_term_string}\"},\"query-input\":{\"@type\":\"PropertyValueSpecification\",\"valueRequired\":true,\"valueName\":\"search_term_string\"}}],\"inLanguage\":\"fr-FR\"},{\"@type\":\"Organization\",\"@id\":\"https:\\\/\\\/www.icasque.com\\\/liveloveride\\\/#organization\",\"name\":\"ICC\",\"url\":\"https:\\\/\\\/www.icasque.com\\\/liveloveride\\\/\",\"logo\":{\"@type\":\"ImageObject\",\"inLanguage\":\"fr-FR\",\"@id\":\"https:\\\/\\\/www.icasque.com\\\/liveloveride\\\/#\\\/schema\\\/logo\\\/image\\\/\",\"url\":\"https:\\\/\\\/www.icasque.com\\\/liveloveride\\\/wp-content\\\/uploads\\\/2018\\\/02\\\/logo-icasque_1200x1200-e1519038889300.jpg\",\"contentUrl\":\"https:\\\/\\\/www.icasque.com\\\/liveloveride\\\/wp-content\\\/uploads\\\/2018\\\/02\\\/logo-icasque_1200x1200-e1519038889300.jpg\",\"width\":150,\"height\":150,\"caption\":\"ICC\"},\"image\":{\"@id\":\"https:\\\/\\\/www.icasque.com\\\/liveloveride\\\/#\\\/schema\\\/logo\\\/image\\\/\"}},{\"@type\":\"Person\",\"@id\":\"https:\\\/\\\/www.icasque.com\\\/liveloveride\\\/#\\\/schema\\\/person\\\/b657f18d5ceaba6523b1f9bab6d3c06a\",\"name\":\"Fred\",\"image\":{\"@type\":\"ImageObject\",\"inLanguage\":\"fr-FR\",\"@id\":\"https:\\\/\\\/secure.gravatar.com\\\/avatar\\\/f9fc1bcd484dd9a5ab01398f62601a12191509fd5e636c45837ff57b7078aac6?s=96&d=mm&r=g\",\"url\":\"https:\\\/\\\/secure.gravatar.com\\\/avatar\\\/f9fc1bcd484dd9a5ab01398f62601a12191509fd5e636c45837ff57b7078aac6?s=96&d=mm&r=g\",\"contentUrl\":\"https:\\\/\\\/secure.gravatar.com\\\/avatar\\\/f9fc1bcd484dd9a5ab01398f62601a12191509fd5e636c45837ff57b7078aac6?s=96&d=mm&r=g\",\"caption\":\"Fred\"},\"url\":\"https:\\\/\\\/www.icasque.com\\\/liveloveride\\\/author\\\/fred\\\/\"}]}<\/script>\n<!-- \/ Yoast SEO plugin. -->","yoast_head_json":{"title":"Contr\u00f4le\u00a0technique des deux-roues : une nouvelle r\u00e9alit\u00e9 en France \u00e0 partir d'avril 2024 - Le blog iCasque","description":"\u00c0 partir d'avril 2024, le contr\u00f4le technique des deux-roues, une mesure longtemps contest\u00e9e, sera progressivement mis en place en France.","robots":{"index":"index","follow":"follow","max-snippet":"max-snippet:-1","max-image-preview":"max-image-preview:large","max-video-preview":"max-video-preview:-1"},"canonical":"https:\/\/www.icasque.com\/liveloveride\/controle-technique-des-deux-roues-une-nouvelle-realite-en-france-a-partir-davril-2024\/","og_locale":"fr_FR","og_type":"article","og_title":"Contr\u00f4le\u00a0technique des deux-roues : une nouvelle r\u00e9alit\u00e9 en France \u00e0 partir d'avril 2024 - Le blog iCasque","og_description":"\u00c0 partir d'avril 2024, le contr\u00f4le technique des deux-roues, une mesure longtemps contest\u00e9e, sera progressivement mis en place en France.","og_url":"https:\/\/www.icasque.com\/liveloveride\/controle-technique-des-deux-roues-une-nouvelle-realite-en-france-a-partir-davril-2024\/","og_site_name":"Le blog iCasque","article_published_time":"2023-11-13T10:10:46+00:00","article_modified_time":"2023-11-13T10:12:01+00:00","og_image":[{"width":1935,"height":1083,"url":"https:\/\/www.icasque.com\/liveloveride\/wp-content\/uploads\/2023\/11\/1.jpg","type":"image\/jpeg"}],"author":"Fred","twitter_card":"summary_large_image","twitter_misc":{"\u00c9crit par":"Fred","Dur\u00e9e de lecture estim\u00e9e":"7 minutes"},"schema":{"@context":"https:\/\/schema.org","@graph":[{"@type":"Article","@id":"https:\/\/www.icasque.com\/liveloveride\/controle-technique-des-deux-roues-une-nouvelle-realite-en-france-a-partir-davril-2024\/#article","isPartOf":{"@id":"https:\/\/www.icasque.com\/liveloveride\/controle-technique-des-deux-roues-une-nouvelle-realite-en-france-a-partir-davril-2024\/"},"author":{"name":"Fred","@id":"https:\/\/www.icasque.com\/liveloveride\/#\/schema\/person\/b657f18d5ceaba6523b1f9bab6d3c06a"},"headline":"Contr\u00f4le\u00a0technique des deux-roues : une nouvelle r\u00e9alit\u00e9 en France \u00e0 partir d&#8217;avril 2024","datePublished":"2023-11-13T10:10:46+00:00","dateModified":"2023-11-13T10:12:01+00:00","mainEntityOfPage":{"@id":"https:\/\/www.icasque.com\/liveloveride\/controle-technique-des-deux-roues-une-nouvelle-realite-en-france-a-partir-davril-2024\/"},"wordCount":1171,"commentCount":0,"publisher":{"@id":"https:\/\/www.icasque.com\/liveloveride\/#organization"},"image":{"@id":"https:\/\/www.icasque.com\/liveloveride\/controle-technique-des-deux-roues-une-nouvelle-realite-en-france-a-partir-davril-2024\/#primaryimage"},"thumbnailUrl":"https:\/\/www.icasque.com\/liveloveride\/wp-content\/uploads\/2023\/11\/1.jpg","keywords":["controletechniquedesdeuxrouesunenouvellerealiteenfranceapartirdavril2024"],"articleSection":["Actu","Conseils moto","Entretien moto","R\u00e9glementation"],"inLanguage":"fr-FR","potentialAction":[{"@type":"CommentAction","name":"Comment","target":["https:\/\/www.icasque.com\/liveloveride\/controle-technique-des-deux-roues-une-nouvelle-realite-en-france-a-partir-davril-2024\/#respond"]}]},{"@type":"WebPage","@id":"https:\/\/www.icasque.com\/liveloveride\/controle-technique-des-deux-roues-une-nouvelle-realite-en-france-a-partir-davril-2024\/","url":"https:\/\/www.icasque.com\/liveloveride\/controle-technique-des-deux-roues-une-nouvelle-realite-en-france-a-partir-davril-2024\/","name":"Contr\u00f4le\u00a0technique des deux-roues : une nouvelle r\u00e9alit\u00e9 en France \u00e0 partir d'avril 2024 - Le blog iCasque","isPartOf":{"@id":"https:\/\/www.icasque.com\/liveloveride\/#website"},"primaryImageOfPage":{"@id":"https:\/\/www.icasque.com\/liveloveride\/controle-technique-des-deux-roues-une-nouvelle-realite-en-france-a-partir-davril-2024\/#primaryimage"},"image":{"@id":"https:\/\/www.icasque.com\/liveloveride\/controle-technique-des-deux-roues-une-nouvelle-realite-en-france-a-partir-davril-2024\/#primaryimage"},"thumbnailUrl":"https:\/\/www.icasque.com\/liveloveride\/wp-content\/uploads\/2023\/11\/1.jpg","datePublished":"2023-11-13T10:10:46+00:00","dateModified":"2023-11-13T10:12:01+00:00","description":"\u00c0 partir d'avril 2024, le contr\u00f4le technique des deux-roues, une mesure longtemps contest\u00e9e, sera progressivement mis en place en France.","breadcrumb":{"@id":"https:\/\/www.icasque.com\/liveloveride\/controle-technique-des-deux-roues-une-nouvelle-realite-en-france-a-partir-davril-2024\/#breadcrumb"},"inLanguage":"fr-FR","potentialAction":[{"@type":"ReadAction","target":["https:\/\/www.icasque.com\/liveloveride\/controle-technique-des-deux-roues-une-nouvelle-realite-en-france-a-partir-davril-2024\/"]}]},{"@type":"ImageObject","inLanguage":"fr-FR","@id":"https:\/\/www.icasque.com\/liveloveride\/controle-technique-des-deux-roues-une-nouvelle-realite-en-france-a-partir-davril-2024\/#primaryimage","url":"https:\/\/www.icasque.com\/liveloveride\/wp-content\/uploads\/2023\/11\/1.jpg","contentUrl":"https:\/\/www.icasque.com\/liveloveride\/wp-content\/uploads\/2023\/11\/1.jpg","width":1935,"height":1083,"caption":"1"},{"@type":"BreadcrumbList","@id":"https:\/\/www.icasque.com\/liveloveride\/controle-technique-des-deux-roues-une-nouvelle-realite-en-france-a-partir-davril-2024\/#breadcrumb","itemListElement":[{"@type":"ListItem","position":1,"name":"Accueil","item":"https:\/\/www.icasque.com\/liveloveride\/"},{"@type":"ListItem","position":2,"name":"Contr\u00f4le\u00a0technique des deux-roues : une nouvelle r\u00e9alit\u00e9 en France \u00e0 partir d&#8217;avril 2024"}]},{"@type":"WebSite","@id":"https:\/\/www.icasque.com\/liveloveride\/#website","url":"https:\/\/www.icasque.com\/liveloveride\/","name":"Le blog iCasque","description":"Le blog moto","publisher":{"@id":"https:\/\/www.icasque.com\/liveloveride\/#organization"},"potentialAction":[{"@type":"SearchAction","target":{"@type":"EntryPoint","urlTemplate":"https:\/\/www.icasque.com\/liveloveride\/?s={search_term_string}"},"query-input":{"@type":"PropertyValueSpecification","valueRequired":true,"valueName":"search_term_string"}}],"inLanguage":"fr-FR"},{"@type":"Organization","@id":"https:\/\/www.icasque.com\/liveloveride\/#organization","name":"ICC","url":"https:\/\/www.icasque.com\/liveloveride\/","logo":{"@type":"ImageObject","inLanguage":"fr-FR","@id":"https:\/\/www.icasque.com\/liveloveride\/#\/schema\/logo\/image\/","url":"https:\/\/www.icasque.com\/liveloveride\/wp-content\/uploads\/2018\/02\/logo-icasque_1200x1200-e1519038889300.jpg","contentUrl":"https:\/\/www.icasque.com\/liveloveride\/wp-content\/uploads\/2018\/02\/logo-icasque_1200x1200-e1519038889300.jpg","width":150,"height":150,"caption":"ICC"},"image":{"@id":"https:\/\/www.icasque.com\/liveloveride\/#\/schema\/logo\/image\/"}},{"@type":"Person","@id":"https:\/\/www.icasque.com\/liveloveride\/#\/schema\/person\/b657f18d5ceaba6523b1f9bab6d3c06a","name":"Fred","image":{"@type":"ImageObject","inLanguage":"fr-FR","@id":"https:\/\/secure.gravatar.com\/avatar\/f9fc1bcd484dd9a5ab01398f62601a12191509fd5e636c45837ff57b7078aac6?s=96&d=mm&r=g","url":"https:\/\/secure.gravatar.com\/avatar\/f9fc1bcd484dd9a5ab01398f62601a12191509fd5e636c45837ff57b7078aac6?s=96&d=mm&r=g","contentUrl":"https:\/\/secure.gravatar.com\/avatar\/f9fc1bcd484dd9a5ab01398f62601a12191509fd5e636c45837ff57b7078aac6?s=96&d=mm&r=g","caption":"Fred"},"url":"https:\/\/www.icasque.com\/liveloveride\/author\/fred\/"}]}},"modified_by":"Emma","_links":{"self":[{"href":"https:\/\/www.icasque.com\/liveloveride\/wp-json\/wp\/v2\/posts\/12142","targetHints":{"allow":["GET"]}}],"collection":[{"href":"https:\/\/www.icasque.com\/liveloveride\/wp-json\/wp\/v2\/posts"}],"about":[{"href":"https:\/\/www.icasque.com\/liveloveride\/wp-json\/wp\/v2\/types\/post"}],"author":[{"embeddable":true,"href":"https:\/\/www.icasque.com\/liveloveride\/wp-json\/wp\/v2\/users\/5"}],"replies":[{"embeddable":true,"href":"https:\/\/www.icasque.com\/liveloveride\/wp-json\/wp\/v2\/comments?post=12142"}],"version-history":[{"count":13,"href":"https:\/\/www.icasque.com\/liveloveride\/wp-json\/wp\/v2\/posts\/12142\/revisions"}],"predecessor-version":[{"id":12169,"href":"https:\/\/www.icasque.com\/liveloveride\/wp-json\/wp\/v2\/posts\/12142\/revisions\/12169"}],"wp:featuredmedia":[{"embeddable":true,"href":"https:\/\/www.icasque.com\/liveloveride\/wp-json\/wp\/v2\/media\/12145"}],"wp:attachment":[{"href":"https:\/\/www.icasque.com\/liveloveride\/wp-json\/wp\/v2\/media?parent=12142"}],"wp:term":[{"taxonomy":"category","embeddable":true,"href":"https:\/\/www.icasque.com\/liveloveride\/wp-json\/wp\/v2\/categories?post=12142"},{"taxonomy":"post_tag","embeddable":true,"href":"https:\/\/www.icasque.com\/liveloveride\/wp-json\/wp\/v2\/tags?post=12142"}],"curies":[{"name":"wp","href":"https:\/\/api.w.org\/{rel}","templated":true}]}}