{"id":2943,"date":"2015-03-24T16:08:53","date_gmt":"2015-03-24T14:08:53","guid":{"rendered":"http:\/\/blog.icasque.com\/?p=2943"},"modified":"2018-03-21T10:29:50","modified_gmt":"2018-03-21T09:29:50","slug":"pres-de-5-mois-dabstinence-motogp-cest-long","status":"publish","type":"post","link":"https:\/\/www.icasque.com\/liveloveride\/pres-de-5-mois-dabstinence-motogp-cest-long\/","title":{"rendered":"Pr\u00e8s de 5 mois d\u2019abstinence MotoGP c\u2019est long !"},"content":{"rendered":"<p style=\"text-align: justify;\">Enfin c\u2019est la derni\u00e8re ligne droite, le bout du tunnel, je parle bien entendu de la fin de la tr\u00eave hivernale pour les teams MotoGP. Depuis le 9 novembre dernier et le Grand Prix de Valence, nos dimanches n\u2019ont plus la m\u00eame saveur. Certains se d\u00e9lectent devant T\u00e9l\u00e9foot et son ballon rond, pas nous. Nous, on aime le bitume et ses virtuoses de la piste qui \u00e9gaient notre jour de repos dominical et exaltent notre passion pour le deux-roues.<\/p>\n<p><!--more--><\/p>\n<p style=\"text-align: justify;\">Marc Marquez l\u2019extra-terrestre, le plus jeune champion du monde de l&#8217;histoire de la cat\u00e9gorie reine d\u00e9fendra son titre. Face \u00e0 lui, le nonuple champion du monde Valentino Rossi, le Majorquin Jorge Lorenzo ou encore Dani Pedrosa. Ce premier GP au Qatar sera aussi l\u2019occasion de d\u00e9couvrir de nouveaux teams comme Suzuki ou Aprilia. Rendez-vous dimanche\u00a0! Et pour les inconditionnels du tweet, Fred f\u00eatera avec vous la reprise du MotoGP avec des goodies #93 et #46 \u00e0 gagner.<\/p>\n<p style=\"text-align: justify;\"><img fetchpriority=\"high\" decoding=\"async\" class=\"alignnone wp-image-2950 size-full\" src=\"https:\/\/www.icasque.com\/liveloveride\/wp-content\/uploads\/2015\/03\/image-gp.jpg\" alt=\"image-gp\" width=\"1201\" height=\"650\" srcset=\"https:\/\/www.icasque.com\/liveloveride\/wp-content\/uploads\/2015\/03\/image-gp.jpg 1201w, https:\/\/www.icasque.com\/liveloveride\/wp-content\/uploads\/2015\/03\/image-gp-300x162.jpg 300w, https:\/\/www.icasque.com\/liveloveride\/wp-content\/uploads\/2015\/03\/image-gp-768x416.jpg 768w, https:\/\/www.icasque.com\/liveloveride\/wp-content\/uploads\/2015\/03\/image-gp-1024x554.jpg 1024w\" sizes=\"(max-width: 1201px) 100vw, 1201px\" \/><\/p>\n<p style=\"text-align: center;\"><strong>29 mars<br \/>\n<\/strong><strong>GP du Qatar (Losail)<\/strong><\/p>\n<p style=\"text-align: center;\"><strong>12 avril<br \/>\n<\/strong><strong>GP des Am\u00e9riques (Austin)<\/strong><\/p>\n<p style=\"text-align: center;\"><strong>19 avril<br \/>\n<\/strong><strong>GP d&#8217;Argentine (Termas del Rio Hondo)<\/strong><\/p>\n<p style=\"text-align: center;\"><strong>3 mai<br \/>\n<\/strong><strong>GP d&#8217;Espagne (Jerez)<\/strong><\/p>\n<p style=\"text-align: center;\"><strong>17 mai<br \/>\n<\/strong><strong>GP de France (Le Mans)<\/strong><\/p>\n<p style=\"text-align: center;\"><strong>31 mai<br \/>\n<\/strong><strong>GP d&#8217;Italie (Mugello)<\/strong><\/p>\n<p style=\"text-align: center;\"><strong>14 juin<br \/>\n<\/strong><strong>GP de Catalogne (Catalunya)<\/strong><\/p>\n<p style=\"text-align: center;\"><strong>27 juin<br \/>\n<\/strong><strong>GP des Pays-Bas (Assen)<\/strong><\/p>\n<p style=\"text-align: center;\"><strong>12 juillet<br \/>\n<\/strong><strong>GP d&#8217;Allemagne (Sachsenring)<\/strong><\/p>\n<p style=\"text-align: center;\"><strong>9 ao\u00fbt<br \/>\n<\/strong><strong>GP d&#8217;Indianapolis<\/strong><\/p>\n<p style=\"text-align: center;\"><strong>16 ao\u00fbt<br \/>\n<\/strong><strong>GP de R\u00e9publique tch\u00e8que (Brno)<\/strong><\/p>\n<p style=\"text-align: center;\"><strong>30 ao\u00fbt<br \/>\n<\/strong><strong>GP de Grande-Bretagne (Silverstone)<\/strong><\/p>\n<p style=\"text-align: center;\"><strong>13 septembre<br \/>\n<\/strong><strong>GP de San Marin (Misano)<\/strong><\/p>\n<p style=\"text-align: center;\"><strong>27 septembre<br \/>\n<\/strong><strong>GP d&#8217;Aragon (Motorland)<\/strong><\/p>\n<p style=\"text-align: center;\"><strong>11 octobre<br \/>\n<\/strong><strong>GP du Japon (Motegi)<\/strong><\/p>\n<p style=\"text-align: center;\"><strong>18 octobre<br \/>\n<\/strong><strong>GP d&#8217;Australie (Phillip Island)<\/strong><\/p>\n<p style=\"text-align: center;\"><strong>25 octobre<br \/>\n<\/strong><strong>GP de Malaisie (Sepang)<\/strong><\/p>\n<p style=\"text-align: center;\"><strong>8 novembre<br \/>\n<\/strong><strong>GP de Valence<\/strong><\/p>\n","protected":false},"excerpt":{"rendered":"<p>Enfin c\u2019est la derni\u00e8re ligne droite, le bout du tunnel, je parle bien entendu de la fin de la tr\u00eave hivernale pour les teams MotoGP. Depuis le 9 novembre dernier et le Grand Prix de Valence, nos dimanches n\u2019ont plus la m\u00eame saveur. Certains se d\u00e9lectent devant T\u00e9l\u00e9foot et son ballon rond, pas nous. Nous, [&hellip;]<\/p>\n","protected":false},"author":5,"featured_media":2944,"comment_status":"open","ping_status":"open","sticky":false,"template":"","format":"standard","meta":{"_lmt_disableupdate":"","_lmt_disable":"","footnotes":""},"categories":[229,215],"tags":[],"class_list":["post-2943","post","type-post","status-publish","format-standard","has-post-thumbnail","hentry","category-actu","category-competition"],"yoast_head":"<!-- This site is optimized with the Yoast SEO plugin v27.5 - https:\/\/yoast.com\/product\/yoast-seo-wordpress\/ -->\n<title>Pr\u00e8s de 5 mois d\u2019abstinence MotoGP c\u2019est long ! - Le blog iCasque<\/title>\n<meta name=\"robots\" content=\"index, follow, max-snippet:-1, max-image-preview:large, max-video-preview:-1\" \/>\n<link rel=\"canonical\" href=\"https:\/\/www.icasque.com\/liveloveride\/pres-de-5-mois-dabstinence-motogp-cest-long\/\" \/>\n<meta property=\"og:locale\" content=\"fr_FR\" \/>\n<meta property=\"og:type\" content=\"article\" \/>\n<meta property=\"og:title\" content=\"Pr\u00e8s de 5 mois d\u2019abstinence MotoGP c\u2019est long ! - Le blog iCasque\" \/>\n<meta property=\"og:description\" content=\"Enfin c\u2019est la derni\u00e8re ligne droite, le bout du tunnel, je parle bien entendu de la fin de la tr\u00eave hivernale pour les teams MotoGP. Depuis le 9 novembre dernier et le Grand Prix de Valence, nos dimanches n\u2019ont plus la m\u00eame saveur. Certains se d\u00e9lectent devant T\u00e9l\u00e9foot et son ballon rond, pas nous. Nous, [&hellip;]\" \/>\n<meta property=\"og:url\" content=\"https:\/\/www.icasque.com\/liveloveride\/pres-de-5-mois-dabstinence-motogp-cest-long\/\" \/>\n<meta property=\"og:site_name\" content=\"Le blog iCasque\" \/>\n<meta property=\"article:published_time\" content=\"2015-03-24T14:08:53+00:00\" \/>\n<meta property=\"article:modified_time\" content=\"2018-03-21T09:29:50+00:00\" \/>\n<meta property=\"og:image\" content=\"https:\/\/www.icasque.com\/liveloveride\/wp-content\/uploads\/2015\/03\/bandeau-GP.jpg\" \/>\n\t<meta property=\"og:image:width\" content=\"770\" \/>\n\t<meta property=\"og:image:height\" content=\"403\" \/>\n\t<meta property=\"og:image:type\" content=\"image\/jpeg\" \/>\n<meta name=\"author\" content=\"Fred\" \/>\n<meta name=\"twitter:card\" content=\"summary_large_image\" \/>\n<meta name=\"twitter:label1\" content=\"\u00c9crit par\" \/>\n\t<meta name=\"twitter:data1\" content=\"Fred\" \/>\n\t<meta name=\"twitter:label2\" content=\"Dur\u00e9e de lecture estim\u00e9e\" \/>\n\t<meta name=\"twitter:data2\" content=\"1 minute\" \/>\n<script type=\"application\/ld+json\" class=\"yoast-schema-graph\">{\"@context\":\"https:\\\/\\\/schema.org\",\"@graph\":[{\"@type\":\"Article\",\"@id\":\"https:\\\/\\\/www.icasque.com\\\/liveloveride\\\/pres-de-5-mois-dabstinence-motogp-cest-long\\\/#article\",\"isPartOf\":{\"@id\":\"https:\\\/\\\/www.icasque.com\\\/liveloveride\\\/pres-de-5-mois-dabstinence-motogp-cest-long\\\/\"},\"author\":{\"name\":\"Fred\",\"@id\":\"https:\\\/\\\/www.icasque.com\\\/liveloveride\\\/#\\\/schema\\\/person\\\/b657f18d5ceaba6523b1f9bab6d3c06a\"},\"headline\":\"Pr\u00e8s de 5 mois d\u2019abstinence MotoGP c\u2019est long !\",\"datePublished\":\"2015-03-24T14:08:53+00:00\",\"dateModified\":\"2018-03-21T09:29:50+00:00\",\"mainEntityOfPage\":{\"@id\":\"https:\\\/\\\/www.icasque.com\\\/liveloveride\\\/pres-de-5-mois-dabstinence-motogp-cest-long\\\/\"},\"wordCount\":269,\"commentCount\":0,\"publisher\":{\"@id\":\"https:\\\/\\\/www.icasque.com\\\/liveloveride\\\/#organization\"},\"image\":{\"@id\":\"https:\\\/\\\/www.icasque.com\\\/liveloveride\\\/pres-de-5-mois-dabstinence-motogp-cest-long\\\/#primaryimage\"},\"thumbnailUrl\":\"https:\\\/\\\/www.icasque.com\\\/liveloveride\\\/wp-content\\\/uploads\\\/2015\\\/03\\\/bandeau-GP.jpg\",\"articleSection\":[\"Actu\",\"Comp\u00e9tition\"],\"inLanguage\":\"fr-FR\",\"potentialAction\":[{\"@type\":\"CommentAction\",\"name\":\"Comment\",\"target\":[\"https:\\\/\\\/www.icasque.com\\\/liveloveride\\\/pres-de-5-mois-dabstinence-motogp-cest-long\\\/#respond\"]}]},{\"@type\":\"WebPage\",\"@id\":\"https:\\\/\\\/www.icasque.com\\\/liveloveride\\\/pres-de-5-mois-dabstinence-motogp-cest-long\\\/\",\"url\":\"https:\\\/\\\/www.icasque.com\\\/liveloveride\\\/pres-de-5-mois-dabstinence-motogp-cest-long\\\/\",\"name\":\"Pr\u00e8s de 5 mois d\u2019abstinence MotoGP c\u2019est long ! - Le blog iCasque\",\"isPartOf\":{\"@id\":\"https:\\\/\\\/www.icasque.com\\\/liveloveride\\\/#website\"},\"primaryImageOfPage\":{\"@id\":\"https:\\\/\\\/www.icasque.com\\\/liveloveride\\\/pres-de-5-mois-dabstinence-motogp-cest-long\\\/#primaryimage\"},\"image\":{\"@id\":\"https:\\\/\\\/www.icasque.com\\\/liveloveride\\\/pres-de-5-mois-dabstinence-motogp-cest-long\\\/#primaryimage\"},\"thumbnailUrl\":\"https:\\\/\\\/www.icasque.com\\\/liveloveride\\\/wp-content\\\/uploads\\\/2015\\\/03\\\/bandeau-GP.jpg\",\"datePublished\":\"2015-03-24T14:08:53+00:00\",\"dateModified\":\"2018-03-21T09:29:50+00:00\",\"breadcrumb\":{\"@id\":\"https:\\\/\\\/www.icasque.com\\\/liveloveride\\\/pres-de-5-mois-dabstinence-motogp-cest-long\\\/#breadcrumb\"},\"inLanguage\":\"fr-FR\",\"potentialAction\":[{\"@type\":\"ReadAction\",\"target\":[\"https:\\\/\\\/www.icasque.com\\\/liveloveride\\\/pres-de-5-mois-dabstinence-motogp-cest-long\\\/\"]}]},{\"@type\":\"ImageObject\",\"inLanguage\":\"fr-FR\",\"@id\":\"https:\\\/\\\/www.icasque.com\\\/liveloveride\\\/pres-de-5-mois-dabstinence-motogp-cest-long\\\/#primaryimage\",\"url\":\"https:\\\/\\\/www.icasque.com\\\/liveloveride\\\/wp-content\\\/uploads\\\/2015\\\/03\\\/bandeau-GP.jpg\",\"contentUrl\":\"https:\\\/\\\/www.icasque.com\\\/liveloveride\\\/wp-content\\\/uploads\\\/2015\\\/03\\\/bandeau-GP.jpg\",\"width\":770,\"height\":403,\"caption\":\"bandeau GP\"},{\"@type\":\"BreadcrumbList\",\"@id\":\"https:\\\/\\\/www.icasque.com\\\/liveloveride\\\/pres-de-5-mois-dabstinence-motogp-cest-long\\\/#breadcrumb\",\"itemListElement\":[{\"@type\":\"ListItem\",\"position\":1,\"name\":\"Accueil\",\"item\":\"https:\\\/\\\/www.icasque.com\\\/liveloveride\\\/\"},{\"@type\":\"ListItem\",\"position\":2,\"name\":\"Pr\u00e8s de 5 mois d\u2019abstinence MotoGP c\u2019est long !\"}]},{\"@type\":\"WebSite\",\"@id\":\"https:\\\/\\\/www.icasque.com\\\/liveloveride\\\/#website\",\"url\":\"https:\\\/\\\/www.icasque.com\\\/liveloveride\\\/\",\"name\":\"Le blog iCasque\",\"description\":\"Le blog moto\",\"publisher\":{\"@id\":\"https:\\\/\\\/www.icasque.com\\\/liveloveride\\\/#organization\"},\"potentialAction\":[{\"@type\":\"SearchAction\",\"target\":{\"@type\":\"EntryPoint\",\"urlTemplate\":\"https:\\\/\\\/www.icasque.com\\\/liveloveride\\\/?s={search_term_string}\"},\"query-input\":{\"@type\":\"PropertyValueSpecification\",\"valueRequired\":true,\"valueName\":\"search_term_string\"}}],\"inLanguage\":\"fr-FR\"},{\"@type\":\"Organization\",\"@id\":\"https:\\\/\\\/www.icasque.com\\\/liveloveride\\\/#organization\",\"name\":\"ICC\",\"url\":\"https:\\\/\\\/www.icasque.com\\\/liveloveride\\\/\",\"logo\":{\"@type\":\"ImageObject\",\"inLanguage\":\"fr-FR\",\"@id\":\"https:\\\/\\\/www.icasque.com\\\/liveloveride\\\/#\\\/schema\\\/logo\\\/image\\\/\",\"url\":\"https:\\\/\\\/www.icasque.com\\\/liveloveride\\\/wp-content\\\/uploads\\\/2018\\\/02\\\/logo-icasque_1200x1200-e1519038889300.jpg\",\"contentUrl\":\"https:\\\/\\\/www.icasque.com\\\/liveloveride\\\/wp-content\\\/uploads\\\/2018\\\/02\\\/logo-icasque_1200x1200-e1519038889300.jpg\",\"width\":150,\"height\":150,\"caption\":\"ICC\"},\"image\":{\"@id\":\"https:\\\/\\\/www.icasque.com\\\/liveloveride\\\/#\\\/schema\\\/logo\\\/image\\\/\"}},{\"@type\":\"Person\",\"@id\":\"https:\\\/\\\/www.icasque.com\\\/liveloveride\\\/#\\\/schema\\\/person\\\/b657f18d5ceaba6523b1f9bab6d3c06a\",\"name\":\"Fred\",\"image\":{\"@type\":\"ImageObject\",\"inLanguage\":\"fr-FR\",\"@id\":\"https:\\\/\\\/secure.gravatar.com\\\/avatar\\\/f9fc1bcd484dd9a5ab01398f62601a12191509fd5e636c45837ff57b7078aac6?s=96&d=mm&r=g\",\"url\":\"https:\\\/\\\/secure.gravatar.com\\\/avatar\\\/f9fc1bcd484dd9a5ab01398f62601a12191509fd5e636c45837ff57b7078aac6?s=96&d=mm&r=g\",\"contentUrl\":\"https:\\\/\\\/secure.gravatar.com\\\/avatar\\\/f9fc1bcd484dd9a5ab01398f62601a12191509fd5e636c45837ff57b7078aac6?s=96&d=mm&r=g\",\"caption\":\"Fred\"},\"url\":\"https:\\\/\\\/www.icasque.com\\\/liveloveride\\\/author\\\/fred\\\/\"}]}<\/script>\n<!-- \/ Yoast SEO plugin. -->","yoast_head_json":{"title":"Pr\u00e8s de 5 mois d\u2019abstinence MotoGP c\u2019est long ! - Le blog iCasque","robots":{"index":"index","follow":"follow","max-snippet":"max-snippet:-1","max-image-preview":"max-image-preview:large","max-video-preview":"max-video-preview:-1"},"canonical":"https:\/\/www.icasque.com\/liveloveride\/pres-de-5-mois-dabstinence-motogp-cest-long\/","og_locale":"fr_FR","og_type":"article","og_title":"Pr\u00e8s de 5 mois d\u2019abstinence MotoGP c\u2019est long ! - Le blog iCasque","og_description":"Enfin c\u2019est la derni\u00e8re ligne droite, le bout du tunnel, je parle bien entendu de la fin de la tr\u00eave hivernale pour les teams MotoGP. Depuis le 9 novembre dernier et le Grand Prix de Valence, nos dimanches n\u2019ont plus la m\u00eame saveur. Certains se d\u00e9lectent devant T\u00e9l\u00e9foot et son ballon rond, pas nous. Nous, [&hellip;]","og_url":"https:\/\/www.icasque.com\/liveloveride\/pres-de-5-mois-dabstinence-motogp-cest-long\/","og_site_name":"Le blog iCasque","article_published_time":"2015-03-24T14:08:53+00:00","article_modified_time":"2018-03-21T09:29:50+00:00","og_image":[{"width":770,"height":403,"url":"https:\/\/www.icasque.com\/liveloveride\/wp-content\/uploads\/2015\/03\/bandeau-GP.jpg","type":"image\/jpeg"}],"author":"Fred","twitter_card":"summary_large_image","twitter_misc":{"\u00c9crit par":"Fred","Dur\u00e9e de lecture estim\u00e9e":"1 minute"},"schema":{"@context":"https:\/\/schema.org","@graph":[{"@type":"Article","@id":"https:\/\/www.icasque.com\/liveloveride\/pres-de-5-mois-dabstinence-motogp-cest-long\/#article","isPartOf":{"@id":"https:\/\/www.icasque.com\/liveloveride\/pres-de-5-mois-dabstinence-motogp-cest-long\/"},"author":{"name":"Fred","@id":"https:\/\/www.icasque.com\/liveloveride\/#\/schema\/person\/b657f18d5ceaba6523b1f9bab6d3c06a"},"headline":"Pr\u00e8s de 5 mois d\u2019abstinence MotoGP c\u2019est long !","datePublished":"2015-03-24T14:08:53+00:00","dateModified":"2018-03-21T09:29:50+00:00","mainEntityOfPage":{"@id":"https:\/\/www.icasque.com\/liveloveride\/pres-de-5-mois-dabstinence-motogp-cest-long\/"},"wordCount":269,"commentCount":0,"publisher":{"@id":"https:\/\/www.icasque.com\/liveloveride\/#organization"},"image":{"@id":"https:\/\/www.icasque.com\/liveloveride\/pres-de-5-mois-dabstinence-motogp-cest-long\/#primaryimage"},"thumbnailUrl":"https:\/\/www.icasque.com\/liveloveride\/wp-content\/uploads\/2015\/03\/bandeau-GP.jpg","articleSection":["Actu","Comp\u00e9tition"],"inLanguage":"fr-FR","potentialAction":[{"@type":"CommentAction","name":"Comment","target":["https:\/\/www.icasque.com\/liveloveride\/pres-de-5-mois-dabstinence-motogp-cest-long\/#respond"]}]},{"@type":"WebPage","@id":"https:\/\/www.icasque.com\/liveloveride\/pres-de-5-mois-dabstinence-motogp-cest-long\/","url":"https:\/\/www.icasque.com\/liveloveride\/pres-de-5-mois-dabstinence-motogp-cest-long\/","name":"Pr\u00e8s de 5 mois d\u2019abstinence MotoGP c\u2019est long ! - Le blog iCasque","isPartOf":{"@id":"https:\/\/www.icasque.com\/liveloveride\/#website"},"primaryImageOfPage":{"@id":"https:\/\/www.icasque.com\/liveloveride\/pres-de-5-mois-dabstinence-motogp-cest-long\/#primaryimage"},"image":{"@id":"https:\/\/www.icasque.com\/liveloveride\/pres-de-5-mois-dabstinence-motogp-cest-long\/#primaryimage"},"thumbnailUrl":"https:\/\/www.icasque.com\/liveloveride\/wp-content\/uploads\/2015\/03\/bandeau-GP.jpg","datePublished":"2015-03-24T14:08:53+00:00","dateModified":"2018-03-21T09:29:50+00:00","breadcrumb":{"@id":"https:\/\/www.icasque.com\/liveloveride\/pres-de-5-mois-dabstinence-motogp-cest-long\/#breadcrumb"},"inLanguage":"fr-FR","potentialAction":[{"@type":"ReadAction","target":["https:\/\/www.icasque.com\/liveloveride\/pres-de-5-mois-dabstinence-motogp-cest-long\/"]}]},{"@type":"ImageObject","inLanguage":"fr-FR","@id":"https:\/\/www.icasque.com\/liveloveride\/pres-de-5-mois-dabstinence-motogp-cest-long\/#primaryimage","url":"https:\/\/www.icasque.com\/liveloveride\/wp-content\/uploads\/2015\/03\/bandeau-GP.jpg","contentUrl":"https:\/\/www.icasque.com\/liveloveride\/wp-content\/uploads\/2015\/03\/bandeau-GP.jpg","width":770,"height":403,"caption":"bandeau GP"},{"@type":"BreadcrumbList","@id":"https:\/\/www.icasque.com\/liveloveride\/pres-de-5-mois-dabstinence-motogp-cest-long\/#breadcrumb","itemListElement":[{"@type":"ListItem","position":1,"name":"Accueil","item":"https:\/\/www.icasque.com\/liveloveride\/"},{"@type":"ListItem","position":2,"name":"Pr\u00e8s de 5 mois d\u2019abstinence MotoGP c\u2019est long !"}]},{"@type":"WebSite","@id":"https:\/\/www.icasque.com\/liveloveride\/#website","url":"https:\/\/www.icasque.com\/liveloveride\/","name":"Le blog iCasque","description":"Le blog moto","publisher":{"@id":"https:\/\/www.icasque.com\/liveloveride\/#organization"},"potentialAction":[{"@type":"SearchAction","target":{"@type":"EntryPoint","urlTemplate":"https:\/\/www.icasque.com\/liveloveride\/?s={search_term_string}"},"query-input":{"@type":"PropertyValueSpecification","valueRequired":true,"valueName":"search_term_string"}}],"inLanguage":"fr-FR"},{"@type":"Organization","@id":"https:\/\/www.icasque.com\/liveloveride\/#organization","name":"ICC","url":"https:\/\/www.icasque.com\/liveloveride\/","logo":{"@type":"ImageObject","inLanguage":"fr-FR","@id":"https:\/\/www.icasque.com\/liveloveride\/#\/schema\/logo\/image\/","url":"https:\/\/www.icasque.com\/liveloveride\/wp-content\/uploads\/2018\/02\/logo-icasque_1200x1200-e1519038889300.jpg","contentUrl":"https:\/\/www.icasque.com\/liveloveride\/wp-content\/uploads\/2018\/02\/logo-icasque_1200x1200-e1519038889300.jpg","width":150,"height":150,"caption":"ICC"},"image":{"@id":"https:\/\/www.icasque.com\/liveloveride\/#\/schema\/logo\/image\/"}},{"@type":"Person","@id":"https:\/\/www.icasque.com\/liveloveride\/#\/schema\/person\/b657f18d5ceaba6523b1f9bab6d3c06a","name":"Fred","image":{"@type":"ImageObject","inLanguage":"fr-FR","@id":"https:\/\/secure.gravatar.com\/avatar\/f9fc1bcd484dd9a5ab01398f62601a12191509fd5e636c45837ff57b7078aac6?s=96&d=mm&r=g","url":"https:\/\/secure.gravatar.com\/avatar\/f9fc1bcd484dd9a5ab01398f62601a12191509fd5e636c45837ff57b7078aac6?s=96&d=mm&r=g","contentUrl":"https:\/\/secure.gravatar.com\/avatar\/f9fc1bcd484dd9a5ab01398f62601a12191509fd5e636c45837ff57b7078aac6?s=96&d=mm&r=g","caption":"Fred"},"url":"https:\/\/www.icasque.com\/liveloveride\/author\/fred\/"}]}},"modified_by":"Emma","_links":{"self":[{"href":"https:\/\/www.icasque.com\/liveloveride\/wp-json\/wp\/v2\/posts\/2943","targetHints":{"allow":["GET"]}}],"collection":[{"href":"https:\/\/www.icasque.com\/liveloveride\/wp-json\/wp\/v2\/posts"}],"about":[{"href":"https:\/\/www.icasque.com\/liveloveride\/wp-json\/wp\/v2\/types\/post"}],"author":[{"embeddable":true,"href":"https:\/\/www.icasque.com\/liveloveride\/wp-json\/wp\/v2\/users\/5"}],"replies":[{"embeddable":true,"href":"https:\/\/www.icasque.com\/liveloveride\/wp-json\/wp\/v2\/comments?post=2943"}],"version-history":[{"count":2,"href":"https:\/\/www.icasque.com\/liveloveride\/wp-json\/wp\/v2\/posts\/2943\/revisions"}],"predecessor-version":[{"id":5676,"href":"https:\/\/www.icasque.com\/liveloveride\/wp-json\/wp\/v2\/posts\/2943\/revisions\/5676"}],"wp:featuredmedia":[{"embeddable":true,"href":"https:\/\/www.icasque.com\/liveloveride\/wp-json\/wp\/v2\/media\/2944"}],"wp:attachment":[{"href":"https:\/\/www.icasque.com\/liveloveride\/wp-json\/wp\/v2\/media?parent=2943"}],"wp:term":[{"taxonomy":"category","embeddable":true,"href":"https:\/\/www.icasque.com\/liveloveride\/wp-json\/wp\/v2\/categories?post=2943"},{"taxonomy":"post_tag","embeddable":true,"href":"https:\/\/www.icasque.com\/liveloveride\/wp-json\/wp\/v2\/tags?post=2943"}],"curies":[{"name":"wp","href":"https:\/\/api.w.org\/{rel}","templated":true}]}}