{"id":3376,"date":"2015-11-13T18:26:09","date_gmt":"2015-11-13T16:26:09","guid":{"rendered":"http:\/\/blog.icasque.com\/?p=3376"},"modified":"2018-03-20T12:16:45","modified_gmt":"2018-03-20T11:16:45","slug":"saison-motogp-2015-un-grand-gachis","status":"publish","type":"post","link":"https:\/\/www.icasque.com\/liveloveride\/saison-motogp-2015-un-grand-gachis\/","title":{"rendered":"Saison MotoGP 2015 un grand g\u00e2chis !"},"content":{"rendered":"<p style=\"text-align: justify;\">J\u2019ai longuement h\u00e9sit\u00e9 avant de r\u00e9diger un article sur l\u2019issue de cette saison MotoGP en me disant qu\u2019avec le temps mon exasp\u00e9ration allait se dissiper. Mais non, apr\u00e8s une petite semaine elle s\u2019est transform\u00e9e en amertume voir en un profond sentiment de tristesse. C\u2019est un ressenti qui je crois est partag\u00e9 par l\u2019ensemble des amateurs de MotoGP que nous sommes. Et pourtant, on n\u2019a pas autant vibr\u00e9 depuis longtemps au cours d\u2019une saison en cat\u00e9gorie reine\u2026 <!--more--><\/p>\n<p style=\"text-align: justify;\">Sans faire injure aux autres pilotes, et notamment \u00e0 Pedrosa irr\u00e9prochable jusqu\u2019au bout, la triplette de talents compos\u00e9e de Marquez, Lorenzo et de Rossi nous aura fait monter en temp\u00e9rature comme jamais. Je me suis surpris \u00e0 faire de nouveau des sauts sur mon canap en matant un Grand Prix. Alors c\u2019est vrai, vous me direz qu\u2019en tant que fan de Valentino, la perspective de la d\u00e9cima a contribu\u00e9 \u00e0 d\u00e9cupler mes \u00e9motions. J\u2019y peux rien j\u2019ai grandi en regardant ses exploits \u00e0 la Tv.<\/p>\n<p style=\"text-align: justify;\">Mais bon voil\u00e0, on est mont\u00e9 dans les tours durant la saison jusqu\u2019au #SepangClash et redescendu en plaisir \u00e0 une vitesse grand V pour s\u2019achever en un simulacre de comp\u00e9tition. J\u2019aurais pu r\u00e9diger des lignes et des lignes sur le comportement incompr\u00e9hensible du fougueux Marquez en course qui se transforme en escorte lors du dernier GP ou alors sur l\u2019\u00e9tonnante attitude de Lorenzo lors du podium en Malaisie et de ses d\u00e9clarations malhabiles mais non, les livres d\u2019histoire retiendront que le Majorquin a \u00e9t\u00e9 sacr\u00e9 champion du monde. Un point c\u2019est tout. Je vous invite toutefois \u00e0 lire le tr\u00e8s brillant post de <a href=\"https:\/\/www.facebook.com\/lolo\/posts\/1005925536138163\" target=\"_blank\" rel=\"noopener\">lolo Cochet<\/a> sur nos champions aux \u00e9gos un peu d\u00e9mesur\u00e9s.<\/p>\n<p style=\"text-align: justify;\"><img fetchpriority=\"high\" decoding=\"async\" class=\"alignleft size-full wp-image-3378\" src=\"https:\/\/www.icasque.com\/liveloveride\/wp-content\/uploads\/2015\/11\/photo-moto-gp.jpg\" alt=\"photo-moto-gp\" width=\"770\" height=\"403\" srcset=\"https:\/\/www.icasque.com\/liveloveride\/wp-content\/uploads\/2015\/11\/photo-moto-gp.jpg 770w, https:\/\/www.icasque.com\/liveloveride\/wp-content\/uploads\/2015\/11\/photo-moto-gp-300x157.jpg 300w, https:\/\/www.icasque.com\/liveloveride\/wp-content\/uploads\/2015\/11\/photo-moto-gp-768x402.jpg 768w\" sizes=\"(max-width: 770px) 100vw, 770px\" \/>Non, car avec le recul je me dois d\u2019\u00e9crire que m\u00eame mon idole n\u2019a pas non plus d\u00e9fendu les valeurs du sport que nous aimons tant et de comparer son geste \u00e0 Sepang au plus c\u00e9l\u00e8bre des coups de boule du monde un soir de juillet 2006. Si Zidane n\u2019avait pas c\u00e9d\u00e9 aux provocations de Materazzi \u00e0 Berlin, le maillot de l\u2019\u00e9quipe de France arborait deux \u00e9toiles et Zizou serait devenu notre Pel\u00e9 national\u2026 Alors imaginez un instant, si Rossi avait puis\u00e9 au fond de lui-m\u00eame pour rester zen en Malaisie gesticulant \u00e0 tour de bras sur sa Yamaha pour d\u00e9montrer le comportement absurde de Marquez avant d\u2019\u00eatre sacr\u00e9 \u00e0 Valence\u00a0? Du statut d\u2019idole, Rossi serait devenu un dieu vivant\u2026<\/p>\n<p style=\"text-align: justify;\">Je crois que l\u2019\u00e9quipe de France de football ne s\u2019en est jamais vraiment remise ni ses fervents supporters d\u2019ailleurs\u2026 Esp\u00e9rons que nos pilotes puissent tirer les le\u00e7ons de cette saison car il en va de l\u2019avenir du MotoGP.<\/p>\n","protected":false},"excerpt":{"rendered":"<p>J\u2019ai longuement h\u00e9sit\u00e9 avant de r\u00e9diger un article sur l\u2019issue de cette saison MotoGP en me disant qu\u2019avec le temps mon exasp\u00e9ration allait se dissiper. Mais non, apr\u00e8s une petite semaine elle s\u2019est transform\u00e9e en amertume voir en un profond sentiment de tristesse. C\u2019est un ressenti qui je crois est partag\u00e9 par l\u2019ensemble des amateurs [&hellip;]<\/p>\n","protected":false},"author":5,"featured_media":3377,"comment_status":"open","ping_status":"open","sticky":false,"template":"","format":"standard","meta":{"_lmt_disableupdate":"","_lmt_disable":"","footnotes":""},"categories":[229,215],"tags":[],"class_list":["post-3376","post","type-post","status-publish","format-standard","has-post-thumbnail","hentry","category-actu","category-competition"],"yoast_head":"<!-- This site is optimized with the Yoast SEO plugin v27.5 - https:\/\/yoast.com\/product\/yoast-seo-wordpress\/ -->\n<title>Saison MotoGP 2015 un grand g\u00e2chis ! - Le blog iCasque<\/title>\n<meta name=\"robots\" content=\"index, follow, max-snippet:-1, max-image-preview:large, max-video-preview:-1\" \/>\n<link rel=\"canonical\" href=\"https:\/\/www.icasque.com\/liveloveride\/saison-motogp-2015-un-grand-gachis\/\" \/>\n<meta property=\"og:locale\" content=\"fr_FR\" \/>\n<meta property=\"og:type\" content=\"article\" \/>\n<meta property=\"og:title\" content=\"Saison MotoGP 2015 un grand g\u00e2chis ! - Le blog iCasque\" \/>\n<meta property=\"og:description\" content=\"J\u2019ai longuement h\u00e9sit\u00e9 avant de r\u00e9diger un article sur l\u2019issue de cette saison MotoGP en me disant qu\u2019avec le temps mon exasp\u00e9ration allait se dissiper. Mais non, apr\u00e8s une petite semaine elle s\u2019est transform\u00e9e en amertume voir en un profond sentiment de tristesse. C\u2019est un ressenti qui je crois est partag\u00e9 par l\u2019ensemble des amateurs [&hellip;]\" \/>\n<meta property=\"og:url\" content=\"https:\/\/www.icasque.com\/liveloveride\/saison-motogp-2015-un-grand-gachis\/\" \/>\n<meta property=\"og:site_name\" content=\"Le blog iCasque\" \/>\n<meta property=\"article:published_time\" content=\"2015-11-13T16:26:09+00:00\" \/>\n<meta property=\"article:modified_time\" content=\"2018-03-20T11:16:45+00:00\" \/>\n<meta property=\"og:image\" content=\"https:\/\/www.icasque.com\/liveloveride\/wp-content\/uploads\/2015\/11\/bandeau-moto-gp.jpg\" \/>\n\t<meta property=\"og:image:width\" content=\"770\" \/>\n\t<meta property=\"og:image:height\" content=\"403\" \/>\n\t<meta property=\"og:image:type\" content=\"image\/jpeg\" \/>\n<meta name=\"author\" content=\"Fred\" \/>\n<meta name=\"twitter:card\" content=\"summary_large_image\" \/>\n<meta name=\"twitter:label1\" content=\"\u00c9crit par\" \/>\n\t<meta name=\"twitter:data1\" content=\"Fred\" \/>\n\t<meta name=\"twitter:label2\" content=\"Dur\u00e9e de lecture estim\u00e9e\" \/>\n\t<meta name=\"twitter:data2\" content=\"2 minutes\" \/>\n<script type=\"application\/ld+json\" class=\"yoast-schema-graph\">{\"@context\":\"https:\\\/\\\/schema.org\",\"@graph\":[{\"@type\":\"Article\",\"@id\":\"https:\\\/\\\/www.icasque.com\\\/liveloveride\\\/saison-motogp-2015-un-grand-gachis\\\/#article\",\"isPartOf\":{\"@id\":\"https:\\\/\\\/www.icasque.com\\\/liveloveride\\\/saison-motogp-2015-un-grand-gachis\\\/\"},\"author\":{\"name\":\"Fred\",\"@id\":\"https:\\\/\\\/www.icasque.com\\\/liveloveride\\\/#\\\/schema\\\/person\\\/b657f18d5ceaba6523b1f9bab6d3c06a\"},\"headline\":\"Saison MotoGP 2015 un grand g\u00e2chis !\",\"datePublished\":\"2015-11-13T16:26:09+00:00\",\"dateModified\":\"2018-03-20T11:16:45+00:00\",\"mainEntityOfPage\":{\"@id\":\"https:\\\/\\\/www.icasque.com\\\/liveloveride\\\/saison-motogp-2015-un-grand-gachis\\\/\"},\"wordCount\":483,\"commentCount\":1,\"publisher\":{\"@id\":\"https:\\\/\\\/www.icasque.com\\\/liveloveride\\\/#organization\"},\"image\":{\"@id\":\"https:\\\/\\\/www.icasque.com\\\/liveloveride\\\/saison-motogp-2015-un-grand-gachis\\\/#primaryimage\"},\"thumbnailUrl\":\"https:\\\/\\\/www.icasque.com\\\/liveloveride\\\/wp-content\\\/uploads\\\/2015\\\/11\\\/bandeau-moto-gp.jpg\",\"articleSection\":[\"Actu\",\"Comp\u00e9tition\"],\"inLanguage\":\"fr-FR\",\"potentialAction\":[{\"@type\":\"CommentAction\",\"name\":\"Comment\",\"target\":[\"https:\\\/\\\/www.icasque.com\\\/liveloveride\\\/saison-motogp-2015-un-grand-gachis\\\/#respond\"]}]},{\"@type\":\"WebPage\",\"@id\":\"https:\\\/\\\/www.icasque.com\\\/liveloveride\\\/saison-motogp-2015-un-grand-gachis\\\/\",\"url\":\"https:\\\/\\\/www.icasque.com\\\/liveloveride\\\/saison-motogp-2015-un-grand-gachis\\\/\",\"name\":\"Saison MotoGP 2015 un grand g\u00e2chis ! - Le blog iCasque\",\"isPartOf\":{\"@id\":\"https:\\\/\\\/www.icasque.com\\\/liveloveride\\\/#website\"},\"primaryImageOfPage\":{\"@id\":\"https:\\\/\\\/www.icasque.com\\\/liveloveride\\\/saison-motogp-2015-un-grand-gachis\\\/#primaryimage\"},\"image\":{\"@id\":\"https:\\\/\\\/www.icasque.com\\\/liveloveride\\\/saison-motogp-2015-un-grand-gachis\\\/#primaryimage\"},\"thumbnailUrl\":\"https:\\\/\\\/www.icasque.com\\\/liveloveride\\\/wp-content\\\/uploads\\\/2015\\\/11\\\/bandeau-moto-gp.jpg\",\"datePublished\":\"2015-11-13T16:26:09+00:00\",\"dateModified\":\"2018-03-20T11:16:45+00:00\",\"breadcrumb\":{\"@id\":\"https:\\\/\\\/www.icasque.com\\\/liveloveride\\\/saison-motogp-2015-un-grand-gachis\\\/#breadcrumb\"},\"inLanguage\":\"fr-FR\",\"potentialAction\":[{\"@type\":\"ReadAction\",\"target\":[\"https:\\\/\\\/www.icasque.com\\\/liveloveride\\\/saison-motogp-2015-un-grand-gachis\\\/\"]}]},{\"@type\":\"ImageObject\",\"inLanguage\":\"fr-FR\",\"@id\":\"https:\\\/\\\/www.icasque.com\\\/liveloveride\\\/saison-motogp-2015-un-grand-gachis\\\/#primaryimage\",\"url\":\"https:\\\/\\\/www.icasque.com\\\/liveloveride\\\/wp-content\\\/uploads\\\/2015\\\/11\\\/bandeau-moto-gp.jpg\",\"contentUrl\":\"https:\\\/\\\/www.icasque.com\\\/liveloveride\\\/wp-content\\\/uploads\\\/2015\\\/11\\\/bandeau-moto-gp.jpg\",\"width\":770,\"height\":403,\"caption\":\"bandeau moto gp\"},{\"@type\":\"BreadcrumbList\",\"@id\":\"https:\\\/\\\/www.icasque.com\\\/liveloveride\\\/saison-motogp-2015-un-grand-gachis\\\/#breadcrumb\",\"itemListElement\":[{\"@type\":\"ListItem\",\"position\":1,\"name\":\"Accueil\",\"item\":\"https:\\\/\\\/www.icasque.com\\\/liveloveride\\\/\"},{\"@type\":\"ListItem\",\"position\":2,\"name\":\"Saison MotoGP 2015 un grand g\u00e2chis !\"}]},{\"@type\":\"WebSite\",\"@id\":\"https:\\\/\\\/www.icasque.com\\\/liveloveride\\\/#website\",\"url\":\"https:\\\/\\\/www.icasque.com\\\/liveloveride\\\/\",\"name\":\"Le blog iCasque\",\"description\":\"Le blog moto\",\"publisher\":{\"@id\":\"https:\\\/\\\/www.icasque.com\\\/liveloveride\\\/#organization\"},\"potentialAction\":[{\"@type\":\"SearchAction\",\"target\":{\"@type\":\"EntryPoint\",\"urlTemplate\":\"https:\\\/\\\/www.icasque.com\\\/liveloveride\\\/?s={search_term_string}\"},\"query-input\":{\"@type\":\"PropertyValueSpecification\",\"valueRequired\":true,\"valueName\":\"search_term_string\"}}],\"inLanguage\":\"fr-FR\"},{\"@type\":\"Organization\",\"@id\":\"https:\\\/\\\/www.icasque.com\\\/liveloveride\\\/#organization\",\"name\":\"ICC\",\"url\":\"https:\\\/\\\/www.icasque.com\\\/liveloveride\\\/\",\"logo\":{\"@type\":\"ImageObject\",\"inLanguage\":\"fr-FR\",\"@id\":\"https:\\\/\\\/www.icasque.com\\\/liveloveride\\\/#\\\/schema\\\/logo\\\/image\\\/\",\"url\":\"https:\\\/\\\/www.icasque.com\\\/liveloveride\\\/wp-content\\\/uploads\\\/2018\\\/02\\\/logo-icasque_1200x1200-e1519038889300.jpg\",\"contentUrl\":\"https:\\\/\\\/www.icasque.com\\\/liveloveride\\\/wp-content\\\/uploads\\\/2018\\\/02\\\/logo-icasque_1200x1200-e1519038889300.jpg\",\"width\":150,\"height\":150,\"caption\":\"ICC\"},\"image\":{\"@id\":\"https:\\\/\\\/www.icasque.com\\\/liveloveride\\\/#\\\/schema\\\/logo\\\/image\\\/\"}},{\"@type\":\"Person\",\"@id\":\"https:\\\/\\\/www.icasque.com\\\/liveloveride\\\/#\\\/schema\\\/person\\\/b657f18d5ceaba6523b1f9bab6d3c06a\",\"name\":\"Fred\",\"image\":{\"@type\":\"ImageObject\",\"inLanguage\":\"fr-FR\",\"@id\":\"https:\\\/\\\/secure.gravatar.com\\\/avatar\\\/f9fc1bcd484dd9a5ab01398f62601a12191509fd5e636c45837ff57b7078aac6?s=96&d=mm&r=g\",\"url\":\"https:\\\/\\\/secure.gravatar.com\\\/avatar\\\/f9fc1bcd484dd9a5ab01398f62601a12191509fd5e636c45837ff57b7078aac6?s=96&d=mm&r=g\",\"contentUrl\":\"https:\\\/\\\/secure.gravatar.com\\\/avatar\\\/f9fc1bcd484dd9a5ab01398f62601a12191509fd5e636c45837ff57b7078aac6?s=96&d=mm&r=g\",\"caption\":\"Fred\"},\"url\":\"https:\\\/\\\/www.icasque.com\\\/liveloveride\\\/author\\\/fred\\\/\"}]}<\/script>\n<!-- \/ Yoast SEO plugin. -->","yoast_head_json":{"title":"Saison MotoGP 2015 un grand g\u00e2chis ! - Le blog iCasque","robots":{"index":"index","follow":"follow","max-snippet":"max-snippet:-1","max-image-preview":"max-image-preview:large","max-video-preview":"max-video-preview:-1"},"canonical":"https:\/\/www.icasque.com\/liveloveride\/saison-motogp-2015-un-grand-gachis\/","og_locale":"fr_FR","og_type":"article","og_title":"Saison MotoGP 2015 un grand g\u00e2chis ! - Le blog iCasque","og_description":"J\u2019ai longuement h\u00e9sit\u00e9 avant de r\u00e9diger un article sur l\u2019issue de cette saison MotoGP en me disant qu\u2019avec le temps mon exasp\u00e9ration allait se dissiper. Mais non, apr\u00e8s une petite semaine elle s\u2019est transform\u00e9e en amertume voir en un profond sentiment de tristesse. C\u2019est un ressenti qui je crois est partag\u00e9 par l\u2019ensemble des amateurs [&hellip;]","og_url":"https:\/\/www.icasque.com\/liveloveride\/saison-motogp-2015-un-grand-gachis\/","og_site_name":"Le blog iCasque","article_published_time":"2015-11-13T16:26:09+00:00","article_modified_time":"2018-03-20T11:16:45+00:00","og_image":[{"width":770,"height":403,"url":"https:\/\/www.icasque.com\/liveloveride\/wp-content\/uploads\/2015\/11\/bandeau-moto-gp.jpg","type":"image\/jpeg"}],"author":"Fred","twitter_card":"summary_large_image","twitter_misc":{"\u00c9crit par":"Fred","Dur\u00e9e de lecture estim\u00e9e":"2 minutes"},"schema":{"@context":"https:\/\/schema.org","@graph":[{"@type":"Article","@id":"https:\/\/www.icasque.com\/liveloveride\/saison-motogp-2015-un-grand-gachis\/#article","isPartOf":{"@id":"https:\/\/www.icasque.com\/liveloveride\/saison-motogp-2015-un-grand-gachis\/"},"author":{"name":"Fred","@id":"https:\/\/www.icasque.com\/liveloveride\/#\/schema\/person\/b657f18d5ceaba6523b1f9bab6d3c06a"},"headline":"Saison MotoGP 2015 un grand g\u00e2chis !","datePublished":"2015-11-13T16:26:09+00:00","dateModified":"2018-03-20T11:16:45+00:00","mainEntityOfPage":{"@id":"https:\/\/www.icasque.com\/liveloveride\/saison-motogp-2015-un-grand-gachis\/"},"wordCount":483,"commentCount":1,"publisher":{"@id":"https:\/\/www.icasque.com\/liveloveride\/#organization"},"image":{"@id":"https:\/\/www.icasque.com\/liveloveride\/saison-motogp-2015-un-grand-gachis\/#primaryimage"},"thumbnailUrl":"https:\/\/www.icasque.com\/liveloveride\/wp-content\/uploads\/2015\/11\/bandeau-moto-gp.jpg","articleSection":["Actu","Comp\u00e9tition"],"inLanguage":"fr-FR","potentialAction":[{"@type":"CommentAction","name":"Comment","target":["https:\/\/www.icasque.com\/liveloveride\/saison-motogp-2015-un-grand-gachis\/#respond"]}]},{"@type":"WebPage","@id":"https:\/\/www.icasque.com\/liveloveride\/saison-motogp-2015-un-grand-gachis\/","url":"https:\/\/www.icasque.com\/liveloveride\/saison-motogp-2015-un-grand-gachis\/","name":"Saison MotoGP 2015 un grand g\u00e2chis ! - Le blog iCasque","isPartOf":{"@id":"https:\/\/www.icasque.com\/liveloveride\/#website"},"primaryImageOfPage":{"@id":"https:\/\/www.icasque.com\/liveloveride\/saison-motogp-2015-un-grand-gachis\/#primaryimage"},"image":{"@id":"https:\/\/www.icasque.com\/liveloveride\/saison-motogp-2015-un-grand-gachis\/#primaryimage"},"thumbnailUrl":"https:\/\/www.icasque.com\/liveloveride\/wp-content\/uploads\/2015\/11\/bandeau-moto-gp.jpg","datePublished":"2015-11-13T16:26:09+00:00","dateModified":"2018-03-20T11:16:45+00:00","breadcrumb":{"@id":"https:\/\/www.icasque.com\/liveloveride\/saison-motogp-2015-un-grand-gachis\/#breadcrumb"},"inLanguage":"fr-FR","potentialAction":[{"@type":"ReadAction","target":["https:\/\/www.icasque.com\/liveloveride\/saison-motogp-2015-un-grand-gachis\/"]}]},{"@type":"ImageObject","inLanguage":"fr-FR","@id":"https:\/\/www.icasque.com\/liveloveride\/saison-motogp-2015-un-grand-gachis\/#primaryimage","url":"https:\/\/www.icasque.com\/liveloveride\/wp-content\/uploads\/2015\/11\/bandeau-moto-gp.jpg","contentUrl":"https:\/\/www.icasque.com\/liveloveride\/wp-content\/uploads\/2015\/11\/bandeau-moto-gp.jpg","width":770,"height":403,"caption":"bandeau moto gp"},{"@type":"BreadcrumbList","@id":"https:\/\/www.icasque.com\/liveloveride\/saison-motogp-2015-un-grand-gachis\/#breadcrumb","itemListElement":[{"@type":"ListItem","position":1,"name":"Accueil","item":"https:\/\/www.icasque.com\/liveloveride\/"},{"@type":"ListItem","position":2,"name":"Saison MotoGP 2015 un grand g\u00e2chis !"}]},{"@type":"WebSite","@id":"https:\/\/www.icasque.com\/liveloveride\/#website","url":"https:\/\/www.icasque.com\/liveloveride\/","name":"Le blog iCasque","description":"Le blog moto","publisher":{"@id":"https:\/\/www.icasque.com\/liveloveride\/#organization"},"potentialAction":[{"@type":"SearchAction","target":{"@type":"EntryPoint","urlTemplate":"https:\/\/www.icasque.com\/liveloveride\/?s={search_term_string}"},"query-input":{"@type":"PropertyValueSpecification","valueRequired":true,"valueName":"search_term_string"}}],"inLanguage":"fr-FR"},{"@type":"Organization","@id":"https:\/\/www.icasque.com\/liveloveride\/#organization","name":"ICC","url":"https:\/\/www.icasque.com\/liveloveride\/","logo":{"@type":"ImageObject","inLanguage":"fr-FR","@id":"https:\/\/www.icasque.com\/liveloveride\/#\/schema\/logo\/image\/","url":"https:\/\/www.icasque.com\/liveloveride\/wp-content\/uploads\/2018\/02\/logo-icasque_1200x1200-e1519038889300.jpg","contentUrl":"https:\/\/www.icasque.com\/liveloveride\/wp-content\/uploads\/2018\/02\/logo-icasque_1200x1200-e1519038889300.jpg","width":150,"height":150,"caption":"ICC"},"image":{"@id":"https:\/\/www.icasque.com\/liveloveride\/#\/schema\/logo\/image\/"}},{"@type":"Person","@id":"https:\/\/www.icasque.com\/liveloveride\/#\/schema\/person\/b657f18d5ceaba6523b1f9bab6d3c06a","name":"Fred","image":{"@type":"ImageObject","inLanguage":"fr-FR","@id":"https:\/\/secure.gravatar.com\/avatar\/f9fc1bcd484dd9a5ab01398f62601a12191509fd5e636c45837ff57b7078aac6?s=96&d=mm&r=g","url":"https:\/\/secure.gravatar.com\/avatar\/f9fc1bcd484dd9a5ab01398f62601a12191509fd5e636c45837ff57b7078aac6?s=96&d=mm&r=g","contentUrl":"https:\/\/secure.gravatar.com\/avatar\/f9fc1bcd484dd9a5ab01398f62601a12191509fd5e636c45837ff57b7078aac6?s=96&d=mm&r=g","caption":"Fred"},"url":"https:\/\/www.icasque.com\/liveloveride\/author\/fred\/"}]}},"modified_by":"Emma","_links":{"self":[{"href":"https:\/\/www.icasque.com\/liveloveride\/wp-json\/wp\/v2\/posts\/3376","targetHints":{"allow":["GET"]}}],"collection":[{"href":"https:\/\/www.icasque.com\/liveloveride\/wp-json\/wp\/v2\/posts"}],"about":[{"href":"https:\/\/www.icasque.com\/liveloveride\/wp-json\/wp\/v2\/types\/post"}],"author":[{"embeddable":true,"href":"https:\/\/www.icasque.com\/liveloveride\/wp-json\/wp\/v2\/users\/5"}],"replies":[{"embeddable":true,"href":"https:\/\/www.icasque.com\/liveloveride\/wp-json\/wp\/v2\/comments?post=3376"}],"version-history":[{"count":1,"href":"https:\/\/www.icasque.com\/liveloveride\/wp-json\/wp\/v2\/posts\/3376\/revisions"}],"predecessor-version":[{"id":5580,"href":"https:\/\/www.icasque.com\/liveloveride\/wp-json\/wp\/v2\/posts\/3376\/revisions\/5580"}],"wp:featuredmedia":[{"embeddable":true,"href":"https:\/\/www.icasque.com\/liveloveride\/wp-json\/wp\/v2\/media\/3377"}],"wp:attachment":[{"href":"https:\/\/www.icasque.com\/liveloveride\/wp-json\/wp\/v2\/media?parent=3376"}],"wp:term":[{"taxonomy":"category","embeddable":true,"href":"https:\/\/www.icasque.com\/liveloveride\/wp-json\/wp\/v2\/categories?post=3376"},{"taxonomy":"post_tag","embeddable":true,"href":"https:\/\/www.icasque.com\/liveloveride\/wp-json\/wp\/v2\/tags?post=3376"}],"curies":[{"name":"wp","href":"https:\/\/api.w.org\/{rel}","templated":true}]}}