{"id":3383,"date":"2015-11-17T17:11:11","date_gmt":"2015-11-17T15:11:11","guid":{"rendered":"http:\/\/blog.icasque.com\/?p=3383"},"modified":"2018-03-20T12:14:36","modified_gmt":"2018-03-20T11:14:36","slug":"viree-moto-chez-le-journal-des-motards","status":"publish","type":"post","link":"https:\/\/www.icasque.com\/liveloveride\/viree-moto-chez-le-journal-des-motards\/","title":{"rendered":"Vir\u00e9e moto chez le Journal des Motards"},"content":{"rendered":"<p style=\"text-align: justify;\">Il est des personnages que nous appr\u00e9cions chez iCasque et qui m\u00e9ritent que nous prenions nos b\u00e9canes pour monter leur rendre visite. <em>Ps\u00a0: Quand ta soci\u00e9t\u00e9 est bas\u00e9e \u00e0 Nice, toujours tu monteras\u2026 <\/em>Bin voil\u00e0, le rendez-vous est fix\u00e9 ce samedi 7 novembre avec Jeremy le boss d\u2019iCasque afin de faire une petite vir\u00e9e moto en direction des Alpes-de-Haute-Provence et de sa capitale Digne-les-Bains. Pour ceux qui ne le connaissent pas encore, nous irons donc visiter notre c\u00e9l\u00e8bre trublion de la toile Mika du Jdm. <!--more--><\/p>\n<p style=\"text-align: justify;\">9h30 nos 2 Honda sont de sortie, petite CBF 1000 pour Fred et gros F6B pour le patron qui a sorti pour l\u2019occasion son tout dernier blouson de moto Belstaff. Le temps est magnifique et on a d\u00e9cid\u00e9 de grimper par un itin\u00e9raire historique, la route Napol\u00e9on qui serpente sur + 300km des paysages exceptionnels (Grasse, Castellane\u2026 la vraie hein Mika) et de redescendre par Puget-Th\u00e9niers, un raccourci pour les connaisseurs.<img fetchpriority=\"high\" decoding=\"async\" class=\"alignleft size-full wp-image-3390\" src=\"https:\/\/www.icasque.com\/liveloveride\/wp-content\/uploads\/2015\/11\/Image1.jpg\" alt=\"Image1\" width=\"730\" height=\"485\" srcset=\"https:\/\/www.icasque.com\/liveloveride\/wp-content\/uploads\/2015\/11\/Image1.jpg 730w, https:\/\/www.icasque.com\/liveloveride\/wp-content\/uploads\/2015\/11\/Image1-300x199.jpg 300w\" sizes=\"(max-width: 730px) 100vw, 730px\" \/><\/p>\n<p style=\"text-align: justify;\">Journ\u00e9e ensoleill\u00e9e, paysage et route magnifiques, une escapade moto comme on aime. \u00c9videmment le boss envoie du lourd en ligne droite juste en tournant un peu la poign\u00e9e de Gaz de son gros F6B. A l\u2019inverse d\u00e8s qu\u2019il faut faire parler souplesse et agilit\u00e9, il a bien du mal \u00e0 suivre Fred dans les lacets du col des L\u00e8ques entre Castellane et Barr\u00eame avec son point culminant \u00e0 1148 m\u00e8tres d&#8217;altitude h\u00e9h\u00e9 .<br \/>\n<img decoding=\"async\" class=\"alignleft size-full wp-image-3389\" src=\"https:\/\/www.icasque.com\/liveloveride\/wp-content\/uploads\/2015\/11\/Image2.jpg\" alt=\"Image2\" width=\"730\" height=\"485\" srcset=\"https:\/\/www.icasque.com\/liveloveride\/wp-content\/uploads\/2015\/11\/Image2.jpg 730w, https:\/\/www.icasque.com\/liveloveride\/wp-content\/uploads\/2015\/11\/Image2-300x199.jpg 300w\" sizes=\"(max-width: 730px) 100vw, 730px\" \/><\/p>\n<p style=\"text-align: justify;\">Plus on roule en direction de Digne-les-Bains, plus je me rends compte qu\u2019il va \u00eatre difficile de communiquer sur les r\u00e9seaux sociaux car faut bien avouer qu\u2019on s\u2019approche des zones blanches. 4G, 3G puis Edge dur mais efficace pour effectuer une d\u00e9tox num\u00e9rique\u00a0!<\/p>\n<p style=\"text-align: justify;\"><img decoding=\"async\" class=\"alignleft size-full wp-image-3388\" src=\"https:\/\/www.icasque.com\/liveloveride\/wp-content\/uploads\/2015\/11\/Image3.jpg\" alt=\"Image3\" width=\"730\" height=\"485\" srcset=\"https:\/\/www.icasque.com\/liveloveride\/wp-content\/uploads\/2015\/11\/Image3.jpg 730w, https:\/\/www.icasque.com\/liveloveride\/wp-content\/uploads\/2015\/11\/Image3-300x199.jpg 300w\" sizes=\"(max-width: 730px) 100vw, 730px\" \/><\/p>\n<p style=\"text-align: justify;\">Comme convenu en amont, en arrivant chez Mika \u00e0 Digne <a href=\"https:\/\/twitter.com\/monsieurmarty\" target=\"_blank\" rel=\"noopener\">@MonsieurMarty<\/a> est bel et bien pr\u00e9sent pour cette rencontre conviviale et \u00e7a nous fait plaisir de revoir sa tronche. Assis autour de la table, le Journal des Motards, iCasque et Marty forc\u00e9ment \u00e7a cause moto\u2026 Bon point \u00e0 savoir, le Pastis est maison ou presque. Repas aval\u00e9, merci \u00e0 Madame Mika pour la pr\u00e9pa du d\u00e9jeuner, la digestion s\u2019effectuera obligatoirement avec un petit tour de moto autour des montagnes attenantes \u00e0 Digne. La F6B \u00e9tait un sujet de curiosit\u00e9, aussi, Marty va s\u2019y coller \u00e9changeant sa Tracer contre les 300 Kgs de la Honda.<\/p>\n<p style=\"text-align: justify;\"><img loading=\"lazy\" decoding=\"async\" class=\"alignleft size-full wp-image-3392\" src=\"https:\/\/www.icasque.com\/liveloveride\/wp-content\/uploads\/2015\/11\/Image7.jpg\" alt=\"Image7\" width=\"730\" height=\"485\" srcset=\"https:\/\/www.icasque.com\/liveloveride\/wp-content\/uploads\/2015\/11\/Image7.jpg 730w, https:\/\/www.icasque.com\/liveloveride\/wp-content\/uploads\/2015\/11\/Image7-300x199.jpg 300w\" sizes=\"(max-width: 730px) 100vw, 730px\" \/><\/p>\n<p style=\"text-align: justify;\">Petit brief du patron avant le d\u00e9part, bon Marty tu ne penches pas trop et surtout tu ne frottes pas les cale-pieds ce coup-ci\u2026<\/p>\n<p style=\"text-align: justify;\"><img loading=\"lazy\" decoding=\"async\" class=\"alignleft size-full wp-image-3387\" src=\"https:\/\/www.icasque.com\/liveloveride\/wp-content\/uploads\/2015\/11\/Image4.jpg\" alt=\"Image4\" width=\"730\" height=\"485\" srcset=\"https:\/\/www.icasque.com\/liveloveride\/wp-content\/uploads\/2015\/11\/Image4.jpg 730w, https:\/\/www.icasque.com\/liveloveride\/wp-content\/uploads\/2015\/11\/Image4-300x199.jpg 300w\" sizes=\"(max-width: 730px) 100vw, 730px\" \/><\/p>\n<p style=\"text-align: justify;\">La petite escouade se met en marche pour petite une balade autour de Digne. Attention toutefois, une vir\u00e9e Jdm c\u2019est quand m\u00eame 70 kms bien tap\u00e9 donc petit conseil toujours pr\u00e9voir 2 \u00e0 3 barres d\u2019essence, d\u2019autant qu\u2019une fois sorti du chef lieu des Alpes-de-Haute-Provence, les paysages sont absolument \u00e0 tomber mais les stations d\u2019essence se comptent sur les doigts d\u2019une main.<\/p>\n<p style=\"text-align: justify;\"><img loading=\"lazy\" decoding=\"async\" class=\"alignleft size-full wp-image-3386\" src=\"https:\/\/www.icasque.com\/liveloveride\/wp-content\/uploads\/2015\/11\/Image5.jpg\" alt=\"Image5\" width=\"730\" height=\"485\" srcset=\"https:\/\/www.icasque.com\/liveloveride\/wp-content\/uploads\/2015\/11\/Image5.jpg 730w, https:\/\/www.icasque.com\/liveloveride\/wp-content\/uploads\/2015\/11\/Image5-300x199.jpg 300w\" sizes=\"(max-width: 730px) 100vw, 730px\" \/><\/p>\n<p style=\"text-align: justify;\">Apr\u00e8s 2\/3 virages d\u2019adaptation, le F6B pilot\u00e9 par Marty penche de plus en plus. Je flippe derri\u00e8re\u2026heureusement il ne tentera pas le wheelie. Apr\u00e8s une heure de balade, petit caf\u00e9 pour se r\u00e9chauffer un peu car \u00e7a pique l\u00e0-haut et c\u2019est d\u00e9j\u00e0 l\u2019heure de rentrer sur Nice. Marty fera un bout de chemin avec nous, plein Gaz comme \u00e0 son habitude et parfois sur deux-roues. Bref, on s\u2019est pass\u00e9 une super journ\u00e9e. Merci au Jdm et \u00e0 notre Marty pour leur gentillesse. V<\/p>\n<p style=\"text-align: justify;\"><img loading=\"lazy\" decoding=\"async\" alt=\"Image6\" class=\"wp-image-3385\"size-full\" src=\"https:\/\/www.icasque.com\/liveloveride\/wp-content\/uploads\/2015\/11\/Image6.jpg\"  width=\"730\" height=\"485\" srcset=\"https:\/\/www.icasque.com\/liveloveride\/wp-content\/uploads\/2015\/11\/Image6.jpg 730w, https:\/\/www.icasque.com\/liveloveride\/wp-content\/uploads\/2015\/11\/Image6-300x199.jpg 300w\" sizes=\"(max-width: 730px) 100vw, 730px\" \/><\/p>\n","protected":false},"excerpt":{"rendered":"<p>Il est des personnages que nous appr\u00e9cions chez iCasque et qui m\u00e9ritent que nous prenions nos b\u00e9canes pour monter leur rendre visite. Ps\u00a0: Quand ta soci\u00e9t\u00e9 est bas\u00e9e \u00e0 Nice, toujours tu monteras\u2026 Bin voil\u00e0, le rendez-vous est fix\u00e9 ce samedi 7 novembre avec Jeremy le boss d\u2019iCasque afin de faire une petite vir\u00e9e moto [&hellip;]<\/p>\n","protected":false},"author":5,"featured_media":3398,"comment_status":"open","ping_status":"open","sticky":false,"template":"","format":"standard","meta":{"_lmt_disableupdate":"","_lmt_disable":"","footnotes":""},"categories":[207,208],"tags":[],"class_list":["post-3383","post","type-post","status-publish","format-standard","has-post-thumbnail","hentry","category-actu-icasque","category-team-and-co"],"yoast_head":"<!-- This site is optimized with the Yoast SEO plugin v27.5 - https:\/\/yoast.com\/product\/yoast-seo-wordpress\/ -->\n<title>Vir\u00e9e moto chez le Journal des Motards - Le blog iCasque<\/title>\n<meta name=\"robots\" content=\"index, follow, max-snippet:-1, max-image-preview:large, max-video-preview:-1\" \/>\n<link rel=\"canonical\" href=\"https:\/\/www.icasque.com\/liveloveride\/viree-moto-chez-le-journal-des-motards\/\" \/>\n<meta property=\"og:locale\" content=\"fr_FR\" \/>\n<meta property=\"og:type\" content=\"article\" \/>\n<meta property=\"og:title\" content=\"Vir\u00e9e moto chez le Journal des Motards - Le blog iCasque\" \/>\n<meta property=\"og:description\" content=\"Il est des personnages que nous appr\u00e9cions chez iCasque et qui m\u00e9ritent que nous prenions nos b\u00e9canes pour monter leur rendre visite. Ps\u00a0: Quand ta soci\u00e9t\u00e9 est bas\u00e9e \u00e0 Nice, toujours tu monteras\u2026 Bin voil\u00e0, le rendez-vous est fix\u00e9 ce samedi 7 novembre avec Jeremy le boss d\u2019iCasque afin de faire une petite vir\u00e9e moto [&hellip;]\" \/>\n<meta property=\"og:url\" content=\"https:\/\/www.icasque.com\/liveloveride\/viree-moto-chez-le-journal-des-motards\/\" \/>\n<meta property=\"og:site_name\" content=\"Le blog iCasque\" \/>\n<meta property=\"article:published_time\" content=\"2015-11-17T15:11:11+00:00\" \/>\n<meta property=\"article:modified_time\" content=\"2018-03-20T11:14:36+00:00\" \/>\n<meta property=\"og:image\" content=\"https:\/\/www.icasque.com\/liveloveride\/wp-content\/uploads\/2015\/11\/bandeauv4.jpg\" \/>\n\t<meta property=\"og:image:width\" content=\"720\" \/>\n\t<meta property=\"og:image:height\" content=\"403\" \/>\n\t<meta property=\"og:image:type\" content=\"image\/jpeg\" \/>\n<meta name=\"author\" content=\"Fred\" \/>\n<meta name=\"twitter:card\" content=\"summary_large_image\" \/>\n<meta name=\"twitter:label1\" content=\"\u00c9crit par\" \/>\n\t<meta name=\"twitter:data1\" content=\"Fred\" \/>\n\t<meta name=\"twitter:label2\" content=\"Dur\u00e9e de lecture estim\u00e9e\" \/>\n\t<meta name=\"twitter:data2\" content=\"3 minutes\" \/>\n<script type=\"application\/ld+json\" class=\"yoast-schema-graph\">{\"@context\":\"https:\\\/\\\/schema.org\",\"@graph\":[{\"@type\":\"Article\",\"@id\":\"https:\\\/\\\/www.icasque.com\\\/liveloveride\\\/viree-moto-chez-le-journal-des-motards\\\/#article\",\"isPartOf\":{\"@id\":\"https:\\\/\\\/www.icasque.com\\\/liveloveride\\\/viree-moto-chez-le-journal-des-motards\\\/\"},\"author\":{\"name\":\"Fred\",\"@id\":\"https:\\\/\\\/www.icasque.com\\\/liveloveride\\\/#\\\/schema\\\/person\\\/b657f18d5ceaba6523b1f9bab6d3c06a\"},\"headline\":\"Vir\u00e9e moto chez le Journal des Motards\",\"datePublished\":\"2015-11-17T15:11:11+00:00\",\"dateModified\":\"2018-03-20T11:14:36+00:00\",\"mainEntityOfPage\":{\"@id\":\"https:\\\/\\\/www.icasque.com\\\/liveloveride\\\/viree-moto-chez-le-journal-des-motards\\\/\"},\"wordCount\":593,\"commentCount\":1,\"publisher\":{\"@id\":\"https:\\\/\\\/www.icasque.com\\\/liveloveride\\\/#organization\"},\"image\":{\"@id\":\"https:\\\/\\\/www.icasque.com\\\/liveloveride\\\/viree-moto-chez-le-journal-des-motards\\\/#primaryimage\"},\"thumbnailUrl\":\"https:\\\/\\\/www.icasque.com\\\/liveloveride\\\/wp-content\\\/uploads\\\/2015\\\/11\\\/bandeauv4.jpg\",\"articleSection\":[\"iCasque\",\"Team and co\"],\"inLanguage\":\"fr-FR\",\"potentialAction\":[{\"@type\":\"CommentAction\",\"name\":\"Comment\",\"target\":[\"https:\\\/\\\/www.icasque.com\\\/liveloveride\\\/viree-moto-chez-le-journal-des-motards\\\/#respond\"]}]},{\"@type\":\"WebPage\",\"@id\":\"https:\\\/\\\/www.icasque.com\\\/liveloveride\\\/viree-moto-chez-le-journal-des-motards\\\/\",\"url\":\"https:\\\/\\\/www.icasque.com\\\/liveloveride\\\/viree-moto-chez-le-journal-des-motards\\\/\",\"name\":\"Vir\u00e9e moto chez le Journal des Motards - Le blog iCasque\",\"isPartOf\":{\"@id\":\"https:\\\/\\\/www.icasque.com\\\/liveloveride\\\/#website\"},\"primaryImageOfPage\":{\"@id\":\"https:\\\/\\\/www.icasque.com\\\/liveloveride\\\/viree-moto-chez-le-journal-des-motards\\\/#primaryimage\"},\"image\":{\"@id\":\"https:\\\/\\\/www.icasque.com\\\/liveloveride\\\/viree-moto-chez-le-journal-des-motards\\\/#primaryimage\"},\"thumbnailUrl\":\"https:\\\/\\\/www.icasque.com\\\/liveloveride\\\/wp-content\\\/uploads\\\/2015\\\/11\\\/bandeauv4.jpg\",\"datePublished\":\"2015-11-17T15:11:11+00:00\",\"dateModified\":\"2018-03-20T11:14:36+00:00\",\"breadcrumb\":{\"@id\":\"https:\\\/\\\/www.icasque.com\\\/liveloveride\\\/viree-moto-chez-le-journal-des-motards\\\/#breadcrumb\"},\"inLanguage\":\"fr-FR\",\"potentialAction\":[{\"@type\":\"ReadAction\",\"target\":[\"https:\\\/\\\/www.icasque.com\\\/liveloveride\\\/viree-moto-chez-le-journal-des-motards\\\/\"]}]},{\"@type\":\"ImageObject\",\"inLanguage\":\"fr-FR\",\"@id\":\"https:\\\/\\\/www.icasque.com\\\/liveloveride\\\/viree-moto-chez-le-journal-des-motards\\\/#primaryimage\",\"url\":\"https:\\\/\\\/www.icasque.com\\\/liveloveride\\\/wp-content\\\/uploads\\\/2015\\\/11\\\/bandeauv4.jpg\",\"contentUrl\":\"https:\\\/\\\/www.icasque.com\\\/liveloveride\\\/wp-content\\\/uploads\\\/2015\\\/11\\\/bandeauv4.jpg\",\"width\":720,\"height\":403,\"caption\":\"bandeauv4\"},{\"@type\":\"BreadcrumbList\",\"@id\":\"https:\\\/\\\/www.icasque.com\\\/liveloveride\\\/viree-moto-chez-le-journal-des-motards\\\/#breadcrumb\",\"itemListElement\":[{\"@type\":\"ListItem\",\"position\":1,\"name\":\"Accueil\",\"item\":\"https:\\\/\\\/www.icasque.com\\\/liveloveride\\\/\"},{\"@type\":\"ListItem\",\"position\":2,\"name\":\"Vir\u00e9e moto chez le Journal des Motards\"}]},{\"@type\":\"WebSite\",\"@id\":\"https:\\\/\\\/www.icasque.com\\\/liveloveride\\\/#website\",\"url\":\"https:\\\/\\\/www.icasque.com\\\/liveloveride\\\/\",\"name\":\"Le blog iCasque\",\"description\":\"Le blog moto\",\"publisher\":{\"@id\":\"https:\\\/\\\/www.icasque.com\\\/liveloveride\\\/#organization\"},\"potentialAction\":[{\"@type\":\"SearchAction\",\"target\":{\"@type\":\"EntryPoint\",\"urlTemplate\":\"https:\\\/\\\/www.icasque.com\\\/liveloveride\\\/?s={search_term_string}\"},\"query-input\":{\"@type\":\"PropertyValueSpecification\",\"valueRequired\":true,\"valueName\":\"search_term_string\"}}],\"inLanguage\":\"fr-FR\"},{\"@type\":\"Organization\",\"@id\":\"https:\\\/\\\/www.icasque.com\\\/liveloveride\\\/#organization\",\"name\":\"ICC\",\"url\":\"https:\\\/\\\/www.icasque.com\\\/liveloveride\\\/\",\"logo\":{\"@type\":\"ImageObject\",\"inLanguage\":\"fr-FR\",\"@id\":\"https:\\\/\\\/www.icasque.com\\\/liveloveride\\\/#\\\/schema\\\/logo\\\/image\\\/\",\"url\":\"https:\\\/\\\/www.icasque.com\\\/liveloveride\\\/wp-content\\\/uploads\\\/2018\\\/02\\\/logo-icasque_1200x1200-e1519038889300.jpg\",\"contentUrl\":\"https:\\\/\\\/www.icasque.com\\\/liveloveride\\\/wp-content\\\/uploads\\\/2018\\\/02\\\/logo-icasque_1200x1200-e1519038889300.jpg\",\"width\":150,\"height\":150,\"caption\":\"ICC\"},\"image\":{\"@id\":\"https:\\\/\\\/www.icasque.com\\\/liveloveride\\\/#\\\/schema\\\/logo\\\/image\\\/\"}},{\"@type\":\"Person\",\"@id\":\"https:\\\/\\\/www.icasque.com\\\/liveloveride\\\/#\\\/schema\\\/person\\\/b657f18d5ceaba6523b1f9bab6d3c06a\",\"name\":\"Fred\",\"image\":{\"@type\":\"ImageObject\",\"inLanguage\":\"fr-FR\",\"@id\":\"https:\\\/\\\/secure.gravatar.com\\\/avatar\\\/f9fc1bcd484dd9a5ab01398f62601a12191509fd5e636c45837ff57b7078aac6?s=96&d=mm&r=g\",\"url\":\"https:\\\/\\\/secure.gravatar.com\\\/avatar\\\/f9fc1bcd484dd9a5ab01398f62601a12191509fd5e636c45837ff57b7078aac6?s=96&d=mm&r=g\",\"contentUrl\":\"https:\\\/\\\/secure.gravatar.com\\\/avatar\\\/f9fc1bcd484dd9a5ab01398f62601a12191509fd5e636c45837ff57b7078aac6?s=96&d=mm&r=g\",\"caption\":\"Fred\"},\"url\":\"https:\\\/\\\/www.icasque.com\\\/liveloveride\\\/author\\\/fred\\\/\"}]}<\/script>\n<!-- \/ Yoast SEO plugin. -->","yoast_head_json":{"title":"Vir\u00e9e moto chez le Journal des Motards - Le blog iCasque","robots":{"index":"index","follow":"follow","max-snippet":"max-snippet:-1","max-image-preview":"max-image-preview:large","max-video-preview":"max-video-preview:-1"},"canonical":"https:\/\/www.icasque.com\/liveloveride\/viree-moto-chez-le-journal-des-motards\/","og_locale":"fr_FR","og_type":"article","og_title":"Vir\u00e9e moto chez le Journal des Motards - Le blog iCasque","og_description":"Il est des personnages que nous appr\u00e9cions chez iCasque et qui m\u00e9ritent que nous prenions nos b\u00e9canes pour monter leur rendre visite. Ps\u00a0: Quand ta soci\u00e9t\u00e9 est bas\u00e9e \u00e0 Nice, toujours tu monteras\u2026 Bin voil\u00e0, le rendez-vous est fix\u00e9 ce samedi 7 novembre avec Jeremy le boss d\u2019iCasque afin de faire une petite vir\u00e9e moto [&hellip;]","og_url":"https:\/\/www.icasque.com\/liveloveride\/viree-moto-chez-le-journal-des-motards\/","og_site_name":"Le blog iCasque","article_published_time":"2015-11-17T15:11:11+00:00","article_modified_time":"2018-03-20T11:14:36+00:00","og_image":[{"width":720,"height":403,"url":"https:\/\/www.icasque.com\/liveloveride\/wp-content\/uploads\/2015\/11\/bandeauv4.jpg","type":"image\/jpeg"}],"author":"Fred","twitter_card":"summary_large_image","twitter_misc":{"\u00c9crit par":"Fred","Dur\u00e9e de lecture estim\u00e9e":"3 minutes"},"schema":{"@context":"https:\/\/schema.org","@graph":[{"@type":"Article","@id":"https:\/\/www.icasque.com\/liveloveride\/viree-moto-chez-le-journal-des-motards\/#article","isPartOf":{"@id":"https:\/\/www.icasque.com\/liveloveride\/viree-moto-chez-le-journal-des-motards\/"},"author":{"name":"Fred","@id":"https:\/\/www.icasque.com\/liveloveride\/#\/schema\/person\/b657f18d5ceaba6523b1f9bab6d3c06a"},"headline":"Vir\u00e9e moto chez le Journal des Motards","datePublished":"2015-11-17T15:11:11+00:00","dateModified":"2018-03-20T11:14:36+00:00","mainEntityOfPage":{"@id":"https:\/\/www.icasque.com\/liveloveride\/viree-moto-chez-le-journal-des-motards\/"},"wordCount":593,"commentCount":1,"publisher":{"@id":"https:\/\/www.icasque.com\/liveloveride\/#organization"},"image":{"@id":"https:\/\/www.icasque.com\/liveloveride\/viree-moto-chez-le-journal-des-motards\/#primaryimage"},"thumbnailUrl":"https:\/\/www.icasque.com\/liveloveride\/wp-content\/uploads\/2015\/11\/bandeauv4.jpg","articleSection":["iCasque","Team and co"],"inLanguage":"fr-FR","potentialAction":[{"@type":"CommentAction","name":"Comment","target":["https:\/\/www.icasque.com\/liveloveride\/viree-moto-chez-le-journal-des-motards\/#respond"]}]},{"@type":"WebPage","@id":"https:\/\/www.icasque.com\/liveloveride\/viree-moto-chez-le-journal-des-motards\/","url":"https:\/\/www.icasque.com\/liveloveride\/viree-moto-chez-le-journal-des-motards\/","name":"Vir\u00e9e moto chez le Journal des Motards - Le blog iCasque","isPartOf":{"@id":"https:\/\/www.icasque.com\/liveloveride\/#website"},"primaryImageOfPage":{"@id":"https:\/\/www.icasque.com\/liveloveride\/viree-moto-chez-le-journal-des-motards\/#primaryimage"},"image":{"@id":"https:\/\/www.icasque.com\/liveloveride\/viree-moto-chez-le-journal-des-motards\/#primaryimage"},"thumbnailUrl":"https:\/\/www.icasque.com\/liveloveride\/wp-content\/uploads\/2015\/11\/bandeauv4.jpg","datePublished":"2015-11-17T15:11:11+00:00","dateModified":"2018-03-20T11:14:36+00:00","breadcrumb":{"@id":"https:\/\/www.icasque.com\/liveloveride\/viree-moto-chez-le-journal-des-motards\/#breadcrumb"},"inLanguage":"fr-FR","potentialAction":[{"@type":"ReadAction","target":["https:\/\/www.icasque.com\/liveloveride\/viree-moto-chez-le-journal-des-motards\/"]}]},{"@type":"ImageObject","inLanguage":"fr-FR","@id":"https:\/\/www.icasque.com\/liveloveride\/viree-moto-chez-le-journal-des-motards\/#primaryimage","url":"https:\/\/www.icasque.com\/liveloveride\/wp-content\/uploads\/2015\/11\/bandeauv4.jpg","contentUrl":"https:\/\/www.icasque.com\/liveloveride\/wp-content\/uploads\/2015\/11\/bandeauv4.jpg","width":720,"height":403,"caption":"bandeauv4"},{"@type":"BreadcrumbList","@id":"https:\/\/www.icasque.com\/liveloveride\/viree-moto-chez-le-journal-des-motards\/#breadcrumb","itemListElement":[{"@type":"ListItem","position":1,"name":"Accueil","item":"https:\/\/www.icasque.com\/liveloveride\/"},{"@type":"ListItem","position":2,"name":"Vir\u00e9e moto chez le Journal des Motards"}]},{"@type":"WebSite","@id":"https:\/\/www.icasque.com\/liveloveride\/#website","url":"https:\/\/www.icasque.com\/liveloveride\/","name":"Le blog iCasque","description":"Le blog moto","publisher":{"@id":"https:\/\/www.icasque.com\/liveloveride\/#organization"},"potentialAction":[{"@type":"SearchAction","target":{"@type":"EntryPoint","urlTemplate":"https:\/\/www.icasque.com\/liveloveride\/?s={search_term_string}"},"query-input":{"@type":"PropertyValueSpecification","valueRequired":true,"valueName":"search_term_string"}}],"inLanguage":"fr-FR"},{"@type":"Organization","@id":"https:\/\/www.icasque.com\/liveloveride\/#organization","name":"ICC","url":"https:\/\/www.icasque.com\/liveloveride\/","logo":{"@type":"ImageObject","inLanguage":"fr-FR","@id":"https:\/\/www.icasque.com\/liveloveride\/#\/schema\/logo\/image\/","url":"https:\/\/www.icasque.com\/liveloveride\/wp-content\/uploads\/2018\/02\/logo-icasque_1200x1200-e1519038889300.jpg","contentUrl":"https:\/\/www.icasque.com\/liveloveride\/wp-content\/uploads\/2018\/02\/logo-icasque_1200x1200-e1519038889300.jpg","width":150,"height":150,"caption":"ICC"},"image":{"@id":"https:\/\/www.icasque.com\/liveloveride\/#\/schema\/logo\/image\/"}},{"@type":"Person","@id":"https:\/\/www.icasque.com\/liveloveride\/#\/schema\/person\/b657f18d5ceaba6523b1f9bab6d3c06a","name":"Fred","image":{"@type":"ImageObject","inLanguage":"fr-FR","@id":"https:\/\/secure.gravatar.com\/avatar\/f9fc1bcd484dd9a5ab01398f62601a12191509fd5e636c45837ff57b7078aac6?s=96&d=mm&r=g","url":"https:\/\/secure.gravatar.com\/avatar\/f9fc1bcd484dd9a5ab01398f62601a12191509fd5e636c45837ff57b7078aac6?s=96&d=mm&r=g","contentUrl":"https:\/\/secure.gravatar.com\/avatar\/f9fc1bcd484dd9a5ab01398f62601a12191509fd5e636c45837ff57b7078aac6?s=96&d=mm&r=g","caption":"Fred"},"url":"https:\/\/www.icasque.com\/liveloveride\/author\/fred\/"}]}},"modified_by":"Emma","_links":{"self":[{"href":"https:\/\/www.icasque.com\/liveloveride\/wp-json\/wp\/v2\/posts\/3383","targetHints":{"allow":["GET"]}}],"collection":[{"href":"https:\/\/www.icasque.com\/liveloveride\/wp-json\/wp\/v2\/posts"}],"about":[{"href":"https:\/\/www.icasque.com\/liveloveride\/wp-json\/wp\/v2\/types\/post"}],"author":[{"embeddable":true,"href":"https:\/\/www.icasque.com\/liveloveride\/wp-json\/wp\/v2\/users\/5"}],"replies":[{"embeddable":true,"href":"https:\/\/www.icasque.com\/liveloveride\/wp-json\/wp\/v2\/comments?post=3383"}],"version-history":[{"count":1,"href":"https:\/\/www.icasque.com\/liveloveride\/wp-json\/wp\/v2\/posts\/3383\/revisions"}],"predecessor-version":[{"id":5579,"href":"https:\/\/www.icasque.com\/liveloveride\/wp-json\/wp\/v2\/posts\/3383\/revisions\/5579"}],"wp:featuredmedia":[{"embeddable":true,"href":"https:\/\/www.icasque.com\/liveloveride\/wp-json\/wp\/v2\/media\/3398"}],"wp:attachment":[{"href":"https:\/\/www.icasque.com\/liveloveride\/wp-json\/wp\/v2\/media?parent=3383"}],"wp:term":[{"taxonomy":"category","embeddable":true,"href":"https:\/\/www.icasque.com\/liveloveride\/wp-json\/wp\/v2\/categories?post=3383"},{"taxonomy":"post_tag","embeddable":true,"href":"https:\/\/www.icasque.com\/liveloveride\/wp-json\/wp\/v2\/tags?post=3383"}],"curies":[{"name":"wp","href":"https:\/\/api.w.org\/{rel}","templated":true}]}}