{"id":3401,"date":"2015-11-20T12:27:09","date_gmt":"2015-11-20T10:27:09","guid":{"rendered":"http:\/\/blog.icasque.com\/?p=3401"},"modified":"2024-10-06T12:23:00","modified_gmt":"2024-10-06T10:23:00","slug":"retour-sur-le-salon-de-la-moto-eicma-2015-a-milan","status":"publish","type":"post","link":"https:\/\/www.icasque.com\/liveloveride\/retour-sur-le-salon-de-la-moto-eicma-2015-a-milan\/","title":{"rendered":"Retour sur le salon de la moto EICMA 2015  \u00e0 Milan"},"content":{"rendered":"<p style=\"text-align: justify;\">Avant le salon Paris en d\u00e9cembre, Milan s\u2019impose de plus en plus comme le rendez-vous incontournable des amateurs de deux-roues. L\u2019ouverture des portes au public s\u2019est faite hier\u00a0mais comme vous le savez la presse et les pros ont la chance de d\u00e9couvrir les mod\u00e8les en avant premi\u00e8re. A titre perso, c\u2019est vraiment le salon de la moto que je vous conseille de faire au moins une fois. Les italiens savent faire le show et respirent la passion du deux-roues.<\/p>\n<p><!--more--><\/p>\n<p style=\"text-align: justify;\">La tendance est au n\u00e9o-r\u00e9tro, aussi, l\u2019\u00e9dition 2015 du salon de Milan a logiquement bascul\u00e9 vers l\u2019esprit Oldschool avec une flop\u00e9e de nouveaux mod\u00e8les propos\u00e9s par les diff\u00e9rents constructeurs.\u00a0Bien entendu, je ne vais pas passer en revue toutes ces b\u00e9canes \u00ab\u00a0garage\u00a0\u00bb mais encore une fois, Bmw a sorti le grand jeu avec une R-Nine T qui conjugue design \u00e9pur\u00e9, fiabilit\u00e9 m\u00e9canique et customisation \u00e0 souhait en magasin. Le Bavarois ne laisse vraiment pas indiff\u00e9rent.<\/p>\n<p style=\"text-align: justify;\"><img fetchpriority=\"high\" decoding=\"async\" class=\"size-full wp-image-3408 aligncenter\" src=\"https:\/\/www.icasque.com\/liveloveride\/wp-content\/uploads\/2015\/11\/photo3.jpg\" alt=\"BMW R-Nine T\" width=\"498\" height=\"619\" srcset=\"https:\/\/www.icasque.com\/liveloveride\/wp-content\/uploads\/2015\/11\/photo3.jpg 498w, https:\/\/www.icasque.com\/liveloveride\/wp-content\/uploads\/2015\/11\/photo3-241x300.jpg 241w\" sizes=\"(max-width: 498px) 100vw, 498px\" \/><\/p>\n<p style=\"text-align: center;\"><strong>BMW R-Nine T<\/strong><\/p>\n<p style=\"text-align: justify;\">Chez Ducati beaucoup de nouveaut\u00e9s sur ce salon, l\u2019in\u00e9dite XDiavel, la tr\u00e8s belle 959 Panigale ou encore une Multistrada 1200 Enduro mais aussi des \u00ab vintage \u00bb avec une d\u00e9clinaison de Scrambler dont la Sixty2, une b\u00e9cane facile d\u2019utilisation \u00e0 petit prix avec un esprit pop.<\/p>\n<p style=\"text-align: justify;\"><img decoding=\"async\" class=\"alignleft size-full wp-image-3409\" src=\"https:\/\/www.icasque.com\/liveloveride\/wp-content\/uploads\/2015\/11\/photo2.jpg\" alt=\"Ducati Sixty2\" width=\"730\" height=\"499\" srcset=\"https:\/\/www.icasque.com\/liveloveride\/wp-content\/uploads\/2015\/11\/photo2.jpg 730w, https:\/\/www.icasque.com\/liveloveride\/wp-content\/uploads\/2015\/11\/photo2-300x205.jpg 300w\" sizes=\"(max-width: 730px) 100vw, 730px\" \/><\/p>\n<p style=\"text-align: center;\" align=\"center\"><strong>Ducati Sixty2<\/strong><\/p>\n<p style=\"text-align: justify;\">Autre italienne de renom, la marque Moto Guzzi a pr\u00e9sent\u00e9 deux tr\u00e8s beaux customs V9 avec le Roamer et surtout \u00e0 mon go\u00fbt le Bobber une version plus agressive. Moto Guzzi en a aussi profit\u00e9 pour magnifier sa gamme V7 II avec des \u00e9ditions sp\u00e9ciales le Stornello et le Racer. L\u2019\u00e9l\u00e9gance \u00e0 l\u2019italienne. Sur le stand du Japonais Honda, la star se nomme Africa Twin mais le bureau de recherche et de d\u00e9veloppement du Japonais n\u2019a pourtant pas ch\u00f4m\u00e9. Je passe sur\u00a0 le City Adventure Concept, un scooter tout terrain pour m\u2019int\u00e9resser donc aux deux mod\u00e8les de concept \u00ab\u00a0garage\u00a0\u00bb version manga\u2026Le CB4 Naked pr\u00e9sente des faux airs de caferacer dans une version futuriste accentu\u00e9e par son \u00e9clairage led bleut\u00e9 tandis que le CBSix50 a des allures de Scrambler avec ses pneus \u00e0 crampons. A noter, ces 2 versions conceptuelles de Roadster sont pr\u00e9par\u00e9es sur des bases de CB650F.<\/p>\n<p style=\"text-align: justify;\"><img decoding=\"async\" class=\"aligncenter wp-image-3407 size-full\" src=\"https:\/\/www.icasque.com\/liveloveride\/wp-content\/uploads\/2015\/11\/photo4.jpg\" alt=\"Concept Honda CBSix50\" width=\"498\" height=\"619\" srcset=\"https:\/\/www.icasque.com\/liveloveride\/wp-content\/uploads\/2015\/11\/photo4.jpg 498w, https:\/\/www.icasque.com\/liveloveride\/wp-content\/uploads\/2015\/11\/photo4-241x300.jpg 241w\" sizes=\"(max-width: 498px) 100vw, 498px\" \/><\/p>\n<p style=\"text-align: center;\"><strong>Concept Honda CBSix50<\/strong><\/p>\n<p style=\"text-align: justify;\">Ce dernier Scrambler Honda nous a ramen\u00e9 vers le monde moderne, j\u2019arr\u00eate avec mes b\u00e9canes Oldschool pour regarder les mod\u00e8les du grand rival Yamaha avec l\u2019arriv\u00e9e d\u2019une MT-03 et surtout de la super star en la personne de la MT-10, sorte de R1 sans le car\u00e9nage, dot\u00e9e du premier 4-cylindres de la s\u00e9rie \u2026Chaud\u00a0! Avec ses coloris Night Fluo visibles de nuit, la Yamaha MT-10 ne va pas passer inaper\u00e7ue ! Succ\u00e8s garanti.<\/p>\n<p style=\"text-align: justify;\"><img loading=\"lazy\" decoding=\"async\" class=\"alignleft size-full wp-image-3410\" src=\"https:\/\/www.icasque.com\/liveloveride\/wp-content\/uploads\/2015\/11\/MT-10.jpg\" alt=\"Yamaha MT-10\" width=\"730\" height=\"499\" srcset=\"https:\/\/www.icasque.com\/liveloveride\/wp-content\/uploads\/2015\/11\/MT-10.jpg 730w, https:\/\/www.icasque.com\/liveloveride\/wp-content\/uploads\/2015\/11\/MT-10-300x205.jpg 300w\" sizes=\"(max-width: 730px) 100vw, 730px\" \/><\/p>\n<p style=\"text-align: center;\" align=\"center\"><strong>Yamaha MT-10<\/strong><\/p>\n<p style=\"text-align: justify;\">P\u00eale-m\u00eale on a aussi appr\u00e9ci\u00e9 les muscles de la KTM 1290 Super Duke GT avec ses 173 chevaux ou encore la nouvelle Tiger 1200 chez Triumph. Enfin c\u00f4t\u00e9 b\u00e9cane, les fans de la firme d\u2019Hamamatsu auront appr\u00e9ci\u00e9 pour les 30 ans du GSX-R 1000 une version concept dynamit\u00e9e avec un moteur\u00a04 cylindres de 999 cm3\u00a0d\u2019une puissance de\u00a0200 chevaux ou encore le come back du SV 650 tant attendu. Suzuki fait son retour en force.<\/p>\n<p style=\"text-align: justify;\"><img loading=\"lazy\" decoding=\"async\" class=\"alignleft size-full wp-image-3404\" src=\"https:\/\/www.icasque.com\/liveloveride\/wp-content\/uploads\/2015\/11\/photo7.jpg\" alt=\"Suzuki GSX-R 1000\" width=\"730\" height=\"499\" srcset=\"https:\/\/www.icasque.com\/liveloveride\/wp-content\/uploads\/2015\/11\/photo7.jpg 730w, https:\/\/www.icasque.com\/liveloveride\/wp-content\/uploads\/2015\/11\/photo7-300x205.jpg 300w\" sizes=\"(max-width: 730px) 100vw, 730px\" \/><\/p>\n<p style=\"text-align: center;\" align=\"center\"><strong><br \/>\nSuzuki GSX-R 1000<\/strong><\/p>\n<p style=\"text-align: justify;\">Au rayon de l\u2019\u00e9quipement moto, tandis que notre Directrice G\u00e9n\u00e9rale proc\u00e9dait \u00e0 un essayage en r\u00e8gle au stand Furygan notamment du <a href=\"https:\/\/www.icasque.com\/Equipement-moto\/Blouson-Moto\/ete\/\">blouson d\u2019\u00e9t\u00e9<\/a> 2016, le Pantha et des gants moto Jet Lady, je suis all\u00e9 mater les derniers int\u00e9graux X-Spirit III chez SHOEI&#8230;<\/p>\n<p style=\"text-align: justify;\"><img loading=\"lazy\" decoding=\"async\" class=\"size-full wp-image-3405 aligncenter\" src=\"https:\/\/www.icasque.com\/liveloveride\/wp-content\/uploads\/2015\/11\/photo6.jpg\" alt=\"Collection Furygan 2016\" width=\"498\" height=\"619\" srcset=\"https:\/\/www.icasque.com\/liveloveride\/wp-content\/uploads\/2015\/11\/photo6.jpg 498w, https:\/\/www.icasque.com\/liveloveride\/wp-content\/uploads\/2015\/11\/photo6-241x300.jpg 241w\" sizes=\"(max-width: 498px) 100vw, 498px\" \/><\/p>\n<p style=\"text-align: center;\" align=\"center\"><strong>Collection Furygan 2016<\/strong><\/p>\n<p style=\"text-align: justify;\">Franchement j\u2019y reviendrai longuement dans un article d\u00e9di\u00e9 \u00e0 cet int\u00e9gral mais ce dernier n\u00e9 de la famille des X-S\u00e9ries est un combin\u00e9 du savoir faire SHOEI en comp\u00e9tition. Ce casque racing est tout simplement une pure merveille\u00a0!<\/p>\n<p style=\"text-align: justify;\"><img loading=\"lazy\" decoding=\"async\" class=\"size-full wp-image-3406 aligncenter\" src=\"https:\/\/www.icasque.com\/liveloveride\/wp-content\/uploads\/2015\/11\/photo5.jpg\" alt=\"SHOEI X-Spirit III \" width=\"498\" height=\"619\" srcset=\"https:\/\/www.icasque.com\/liveloveride\/wp-content\/uploads\/2015\/11\/photo5.jpg 498w, https:\/\/www.icasque.com\/liveloveride\/wp-content\/uploads\/2015\/11\/photo5-241x300.jpg 241w\" sizes=\"(max-width: 498px) 100vw, 498px\" \/><\/p>\n<p style=\"text-align: center;\"><strong>SHOEI X-Spirit III<\/strong><\/p>\n<p style=\"text-align: justify;\">Voil\u00e0 j\u2019en ai pris plein les yeux pour l\u2019\u00e9dition 2015\u00a0 du salon de Milan. Je r\u00e9it\u00e8re mais si vous avez l\u2019occasion de vous y rendre, n\u2019h\u00e9sitez pas. V \u00e0 tous.<\/p>\n","protected":false},"excerpt":{"rendered":"<p>Avant le salon Paris en d\u00e9cembre, Milan s\u2019impose de plus en plus comme le rendez-vous incontournable des amateurs de deux-roues. L\u2019ouverture des portes au public s\u2019est faite hier\u00a0mais comme vous le savez la presse et les pros ont la chance de d\u00e9couvrir les mod\u00e8les en avant premi\u00e8re. A titre perso, c\u2019est vraiment le salon de [&hellip;]<\/p>\n","protected":false},"author":5,"featured_media":3403,"comment_status":"open","ping_status":"open","sticky":false,"template":"","format":"standard","meta":{"_lmt_disableupdate":"","_lmt_disable":"","footnotes":""},"categories":[229,234],"tags":[],"class_list":["post-3401","post","type-post","status-publish","format-standard","has-post-thumbnail","hentry","category-actu","category-evenements"],"yoast_head":"<!-- This site is optimized with the Yoast SEO plugin v27.5 - https:\/\/yoast.com\/product\/yoast-seo-wordpress\/ -->\n<title>Retour sur le salon de la moto EICMA 2015 \u00e0 Milan - Le blog iCasque<\/title>\n<meta name=\"robots\" content=\"index, follow, max-snippet:-1, max-image-preview:large, max-video-preview:-1\" \/>\n<link rel=\"canonical\" href=\"https:\/\/www.icasque.com\/liveloveride\/retour-sur-le-salon-de-la-moto-eicma-2015-a-milan\/\" \/>\n<meta property=\"og:locale\" content=\"fr_FR\" \/>\n<meta property=\"og:type\" content=\"article\" \/>\n<meta property=\"og:title\" content=\"Retour sur le salon de la moto EICMA 2015 \u00e0 Milan - Le blog iCasque\" \/>\n<meta property=\"og:description\" content=\"Avant le salon Paris en d\u00e9cembre, Milan s\u2019impose de plus en plus comme le rendez-vous incontournable des amateurs de deux-roues. L\u2019ouverture des portes au public s\u2019est faite hier\u00a0mais comme vous le savez la presse et les pros ont la chance de d\u00e9couvrir les mod\u00e8les en avant premi\u00e8re. A titre perso, c\u2019est vraiment le salon de [&hellip;]\" \/>\n<meta property=\"og:url\" content=\"https:\/\/www.icasque.com\/liveloveride\/retour-sur-le-salon-de-la-moto-eicma-2015-a-milan\/\" \/>\n<meta property=\"og:site_name\" content=\"Le blog iCasque\" \/>\n<meta property=\"article:published_time\" content=\"2015-11-20T10:27:09+00:00\" \/>\n<meta property=\"article:modified_time\" content=\"2024-10-06T10:23:00+00:00\" \/>\n<meta property=\"og:image\" content=\"https:\/\/www.icasque.com\/liveloveride\/wp-content\/uploads\/2015\/11\/bandeau.jpg\" \/>\n\t<meta property=\"og:image:width\" content=\"720\" \/>\n\t<meta property=\"og:image:height\" content=\"403\" \/>\n\t<meta property=\"og:image:type\" content=\"image\/jpeg\" \/>\n<meta name=\"author\" content=\"Fred\" \/>\n<meta name=\"twitter:card\" content=\"summary_large_image\" \/>\n<meta name=\"twitter:label1\" content=\"\u00c9crit par\" \/>\n\t<meta name=\"twitter:data1\" content=\"Fred\" \/>\n\t<meta name=\"twitter:label2\" content=\"Dur\u00e9e de lecture estim\u00e9e\" \/>\n\t<meta name=\"twitter:data2\" content=\"3 minutes\" \/>\n<script type=\"application\/ld+json\" class=\"yoast-schema-graph\">{\"@context\":\"https:\\\/\\\/schema.org\",\"@graph\":[{\"@type\":\"Article\",\"@id\":\"https:\\\/\\\/www.icasque.com\\\/liveloveride\\\/retour-sur-le-salon-de-la-moto-eicma-2015-a-milan\\\/#article\",\"isPartOf\":{\"@id\":\"https:\\\/\\\/www.icasque.com\\\/liveloveride\\\/retour-sur-le-salon-de-la-moto-eicma-2015-a-milan\\\/\"},\"author\":{\"name\":\"Fred\",\"@id\":\"https:\\\/\\\/www.icasque.com\\\/liveloveride\\\/#\\\/schema\\\/person\\\/b657f18d5ceaba6523b1f9bab6d3c06a\"},\"headline\":\"Retour sur le salon de la moto EICMA 2015 \u00e0 Milan\",\"datePublished\":\"2015-11-20T10:27:09+00:00\",\"dateModified\":\"2024-10-06T10:23:00+00:00\",\"mainEntityOfPage\":{\"@id\":\"https:\\\/\\\/www.icasque.com\\\/liveloveride\\\/retour-sur-le-salon-de-la-moto-eicma-2015-a-milan\\\/\"},\"wordCount\":695,\"commentCount\":0,\"publisher\":{\"@id\":\"https:\\\/\\\/www.icasque.com\\\/liveloveride\\\/#organization\"},\"image\":{\"@id\":\"https:\\\/\\\/www.icasque.com\\\/liveloveride\\\/retour-sur-le-salon-de-la-moto-eicma-2015-a-milan\\\/#primaryimage\"},\"thumbnailUrl\":\"https:\\\/\\\/www.icasque.com\\\/liveloveride\\\/wp-content\\\/uploads\\\/2015\\\/11\\\/bandeau.jpg\",\"articleSection\":[\"Actu\",\"Evenements\"],\"inLanguage\":\"fr-FR\",\"potentialAction\":[{\"@type\":\"CommentAction\",\"name\":\"Comment\",\"target\":[\"https:\\\/\\\/www.icasque.com\\\/liveloveride\\\/retour-sur-le-salon-de-la-moto-eicma-2015-a-milan\\\/#respond\"]}]},{\"@type\":\"WebPage\",\"@id\":\"https:\\\/\\\/www.icasque.com\\\/liveloveride\\\/retour-sur-le-salon-de-la-moto-eicma-2015-a-milan\\\/\",\"url\":\"https:\\\/\\\/www.icasque.com\\\/liveloveride\\\/retour-sur-le-salon-de-la-moto-eicma-2015-a-milan\\\/\",\"name\":\"Retour sur le salon de la moto EICMA 2015 \u00e0 Milan - Le blog iCasque\",\"isPartOf\":{\"@id\":\"https:\\\/\\\/www.icasque.com\\\/liveloveride\\\/#website\"},\"primaryImageOfPage\":{\"@id\":\"https:\\\/\\\/www.icasque.com\\\/liveloveride\\\/retour-sur-le-salon-de-la-moto-eicma-2015-a-milan\\\/#primaryimage\"},\"image\":{\"@id\":\"https:\\\/\\\/www.icasque.com\\\/liveloveride\\\/retour-sur-le-salon-de-la-moto-eicma-2015-a-milan\\\/#primaryimage\"},\"thumbnailUrl\":\"https:\\\/\\\/www.icasque.com\\\/liveloveride\\\/wp-content\\\/uploads\\\/2015\\\/11\\\/bandeau.jpg\",\"datePublished\":\"2015-11-20T10:27:09+00:00\",\"dateModified\":\"2024-10-06T10:23:00+00:00\",\"breadcrumb\":{\"@id\":\"https:\\\/\\\/www.icasque.com\\\/liveloveride\\\/retour-sur-le-salon-de-la-moto-eicma-2015-a-milan\\\/#breadcrumb\"},\"inLanguage\":\"fr-FR\",\"potentialAction\":[{\"@type\":\"ReadAction\",\"target\":[\"https:\\\/\\\/www.icasque.com\\\/liveloveride\\\/retour-sur-le-salon-de-la-moto-eicma-2015-a-milan\\\/\"]}]},{\"@type\":\"ImageObject\",\"inLanguage\":\"fr-FR\",\"@id\":\"https:\\\/\\\/www.icasque.com\\\/liveloveride\\\/retour-sur-le-salon-de-la-moto-eicma-2015-a-milan\\\/#primaryimage\",\"url\":\"https:\\\/\\\/www.icasque.com\\\/liveloveride\\\/wp-content\\\/uploads\\\/2015\\\/11\\\/bandeau.jpg\",\"contentUrl\":\"https:\\\/\\\/www.icasque.com\\\/liveloveride\\\/wp-content\\\/uploads\\\/2015\\\/11\\\/bandeau.jpg\",\"width\":720,\"height\":403,\"caption\":\"bandeau\"},{\"@type\":\"BreadcrumbList\",\"@id\":\"https:\\\/\\\/www.icasque.com\\\/liveloveride\\\/retour-sur-le-salon-de-la-moto-eicma-2015-a-milan\\\/#breadcrumb\",\"itemListElement\":[{\"@type\":\"ListItem\",\"position\":1,\"name\":\"Accueil\",\"item\":\"https:\\\/\\\/www.icasque.com\\\/liveloveride\\\/\"},{\"@type\":\"ListItem\",\"position\":2,\"name\":\"Retour sur le salon de la moto EICMA 2015 \u00e0 Milan\"}]},{\"@type\":\"WebSite\",\"@id\":\"https:\\\/\\\/www.icasque.com\\\/liveloveride\\\/#website\",\"url\":\"https:\\\/\\\/www.icasque.com\\\/liveloveride\\\/\",\"name\":\"Le blog iCasque\",\"description\":\"Le blog moto\",\"publisher\":{\"@id\":\"https:\\\/\\\/www.icasque.com\\\/liveloveride\\\/#organization\"},\"potentialAction\":[{\"@type\":\"SearchAction\",\"target\":{\"@type\":\"EntryPoint\",\"urlTemplate\":\"https:\\\/\\\/www.icasque.com\\\/liveloveride\\\/?s={search_term_string}\"},\"query-input\":{\"@type\":\"PropertyValueSpecification\",\"valueRequired\":true,\"valueName\":\"search_term_string\"}}],\"inLanguage\":\"fr-FR\"},{\"@type\":\"Organization\",\"@id\":\"https:\\\/\\\/www.icasque.com\\\/liveloveride\\\/#organization\",\"name\":\"ICC\",\"url\":\"https:\\\/\\\/www.icasque.com\\\/liveloveride\\\/\",\"logo\":{\"@type\":\"ImageObject\",\"inLanguage\":\"fr-FR\",\"@id\":\"https:\\\/\\\/www.icasque.com\\\/liveloveride\\\/#\\\/schema\\\/logo\\\/image\\\/\",\"url\":\"https:\\\/\\\/www.icasque.com\\\/liveloveride\\\/wp-content\\\/uploads\\\/2018\\\/02\\\/logo-icasque_1200x1200-e1519038889300.jpg\",\"contentUrl\":\"https:\\\/\\\/www.icasque.com\\\/liveloveride\\\/wp-content\\\/uploads\\\/2018\\\/02\\\/logo-icasque_1200x1200-e1519038889300.jpg\",\"width\":150,\"height\":150,\"caption\":\"ICC\"},\"image\":{\"@id\":\"https:\\\/\\\/www.icasque.com\\\/liveloveride\\\/#\\\/schema\\\/logo\\\/image\\\/\"}},{\"@type\":\"Person\",\"@id\":\"https:\\\/\\\/www.icasque.com\\\/liveloveride\\\/#\\\/schema\\\/person\\\/b657f18d5ceaba6523b1f9bab6d3c06a\",\"name\":\"Fred\",\"image\":{\"@type\":\"ImageObject\",\"inLanguage\":\"fr-FR\",\"@id\":\"https:\\\/\\\/secure.gravatar.com\\\/avatar\\\/f9fc1bcd484dd9a5ab01398f62601a12191509fd5e636c45837ff57b7078aac6?s=96&d=mm&r=g\",\"url\":\"https:\\\/\\\/secure.gravatar.com\\\/avatar\\\/f9fc1bcd484dd9a5ab01398f62601a12191509fd5e636c45837ff57b7078aac6?s=96&d=mm&r=g\",\"contentUrl\":\"https:\\\/\\\/secure.gravatar.com\\\/avatar\\\/f9fc1bcd484dd9a5ab01398f62601a12191509fd5e636c45837ff57b7078aac6?s=96&d=mm&r=g\",\"caption\":\"Fred\"},\"url\":\"https:\\\/\\\/www.icasque.com\\\/liveloveride\\\/author\\\/fred\\\/\"}]}<\/script>\n<!-- \/ Yoast SEO plugin. -->","yoast_head_json":{"title":"Retour sur le salon de la moto EICMA 2015 \u00e0 Milan - Le blog iCasque","robots":{"index":"index","follow":"follow","max-snippet":"max-snippet:-1","max-image-preview":"max-image-preview:large","max-video-preview":"max-video-preview:-1"},"canonical":"https:\/\/www.icasque.com\/liveloveride\/retour-sur-le-salon-de-la-moto-eicma-2015-a-milan\/","og_locale":"fr_FR","og_type":"article","og_title":"Retour sur le salon de la moto EICMA 2015 \u00e0 Milan - Le blog iCasque","og_description":"Avant le salon Paris en d\u00e9cembre, Milan s\u2019impose de plus en plus comme le rendez-vous incontournable des amateurs de deux-roues. L\u2019ouverture des portes au public s\u2019est faite hier\u00a0mais comme vous le savez la presse et les pros ont la chance de d\u00e9couvrir les mod\u00e8les en avant premi\u00e8re. A titre perso, c\u2019est vraiment le salon de [&hellip;]","og_url":"https:\/\/www.icasque.com\/liveloveride\/retour-sur-le-salon-de-la-moto-eicma-2015-a-milan\/","og_site_name":"Le blog iCasque","article_published_time":"2015-11-20T10:27:09+00:00","article_modified_time":"2024-10-06T10:23:00+00:00","og_image":[{"width":720,"height":403,"url":"https:\/\/www.icasque.com\/liveloveride\/wp-content\/uploads\/2015\/11\/bandeau.jpg","type":"image\/jpeg"}],"author":"Fred","twitter_card":"summary_large_image","twitter_misc":{"\u00c9crit par":"Fred","Dur\u00e9e de lecture estim\u00e9e":"3 minutes"},"schema":{"@context":"https:\/\/schema.org","@graph":[{"@type":"Article","@id":"https:\/\/www.icasque.com\/liveloveride\/retour-sur-le-salon-de-la-moto-eicma-2015-a-milan\/#article","isPartOf":{"@id":"https:\/\/www.icasque.com\/liveloveride\/retour-sur-le-salon-de-la-moto-eicma-2015-a-milan\/"},"author":{"name":"Fred","@id":"https:\/\/www.icasque.com\/liveloveride\/#\/schema\/person\/b657f18d5ceaba6523b1f9bab6d3c06a"},"headline":"Retour sur le salon de la moto EICMA 2015 \u00e0 Milan","datePublished":"2015-11-20T10:27:09+00:00","dateModified":"2024-10-06T10:23:00+00:00","mainEntityOfPage":{"@id":"https:\/\/www.icasque.com\/liveloveride\/retour-sur-le-salon-de-la-moto-eicma-2015-a-milan\/"},"wordCount":695,"commentCount":0,"publisher":{"@id":"https:\/\/www.icasque.com\/liveloveride\/#organization"},"image":{"@id":"https:\/\/www.icasque.com\/liveloveride\/retour-sur-le-salon-de-la-moto-eicma-2015-a-milan\/#primaryimage"},"thumbnailUrl":"https:\/\/www.icasque.com\/liveloveride\/wp-content\/uploads\/2015\/11\/bandeau.jpg","articleSection":["Actu","Evenements"],"inLanguage":"fr-FR","potentialAction":[{"@type":"CommentAction","name":"Comment","target":["https:\/\/www.icasque.com\/liveloveride\/retour-sur-le-salon-de-la-moto-eicma-2015-a-milan\/#respond"]}]},{"@type":"WebPage","@id":"https:\/\/www.icasque.com\/liveloveride\/retour-sur-le-salon-de-la-moto-eicma-2015-a-milan\/","url":"https:\/\/www.icasque.com\/liveloveride\/retour-sur-le-salon-de-la-moto-eicma-2015-a-milan\/","name":"Retour sur le salon de la moto EICMA 2015 \u00e0 Milan - Le blog iCasque","isPartOf":{"@id":"https:\/\/www.icasque.com\/liveloveride\/#website"},"primaryImageOfPage":{"@id":"https:\/\/www.icasque.com\/liveloveride\/retour-sur-le-salon-de-la-moto-eicma-2015-a-milan\/#primaryimage"},"image":{"@id":"https:\/\/www.icasque.com\/liveloveride\/retour-sur-le-salon-de-la-moto-eicma-2015-a-milan\/#primaryimage"},"thumbnailUrl":"https:\/\/www.icasque.com\/liveloveride\/wp-content\/uploads\/2015\/11\/bandeau.jpg","datePublished":"2015-11-20T10:27:09+00:00","dateModified":"2024-10-06T10:23:00+00:00","breadcrumb":{"@id":"https:\/\/www.icasque.com\/liveloveride\/retour-sur-le-salon-de-la-moto-eicma-2015-a-milan\/#breadcrumb"},"inLanguage":"fr-FR","potentialAction":[{"@type":"ReadAction","target":["https:\/\/www.icasque.com\/liveloveride\/retour-sur-le-salon-de-la-moto-eicma-2015-a-milan\/"]}]},{"@type":"ImageObject","inLanguage":"fr-FR","@id":"https:\/\/www.icasque.com\/liveloveride\/retour-sur-le-salon-de-la-moto-eicma-2015-a-milan\/#primaryimage","url":"https:\/\/www.icasque.com\/liveloveride\/wp-content\/uploads\/2015\/11\/bandeau.jpg","contentUrl":"https:\/\/www.icasque.com\/liveloveride\/wp-content\/uploads\/2015\/11\/bandeau.jpg","width":720,"height":403,"caption":"bandeau"},{"@type":"BreadcrumbList","@id":"https:\/\/www.icasque.com\/liveloveride\/retour-sur-le-salon-de-la-moto-eicma-2015-a-milan\/#breadcrumb","itemListElement":[{"@type":"ListItem","position":1,"name":"Accueil","item":"https:\/\/www.icasque.com\/liveloveride\/"},{"@type":"ListItem","position":2,"name":"Retour sur le salon de la moto EICMA 2015 \u00e0 Milan"}]},{"@type":"WebSite","@id":"https:\/\/www.icasque.com\/liveloveride\/#website","url":"https:\/\/www.icasque.com\/liveloveride\/","name":"Le blog iCasque","description":"Le blog moto","publisher":{"@id":"https:\/\/www.icasque.com\/liveloveride\/#organization"},"potentialAction":[{"@type":"SearchAction","target":{"@type":"EntryPoint","urlTemplate":"https:\/\/www.icasque.com\/liveloveride\/?s={search_term_string}"},"query-input":{"@type":"PropertyValueSpecification","valueRequired":true,"valueName":"search_term_string"}}],"inLanguage":"fr-FR"},{"@type":"Organization","@id":"https:\/\/www.icasque.com\/liveloveride\/#organization","name":"ICC","url":"https:\/\/www.icasque.com\/liveloveride\/","logo":{"@type":"ImageObject","inLanguage":"fr-FR","@id":"https:\/\/www.icasque.com\/liveloveride\/#\/schema\/logo\/image\/","url":"https:\/\/www.icasque.com\/liveloveride\/wp-content\/uploads\/2018\/02\/logo-icasque_1200x1200-e1519038889300.jpg","contentUrl":"https:\/\/www.icasque.com\/liveloveride\/wp-content\/uploads\/2018\/02\/logo-icasque_1200x1200-e1519038889300.jpg","width":150,"height":150,"caption":"ICC"},"image":{"@id":"https:\/\/www.icasque.com\/liveloveride\/#\/schema\/logo\/image\/"}},{"@type":"Person","@id":"https:\/\/www.icasque.com\/liveloveride\/#\/schema\/person\/b657f18d5ceaba6523b1f9bab6d3c06a","name":"Fred","image":{"@type":"ImageObject","inLanguage":"fr-FR","@id":"https:\/\/secure.gravatar.com\/avatar\/f9fc1bcd484dd9a5ab01398f62601a12191509fd5e636c45837ff57b7078aac6?s=96&d=mm&r=g","url":"https:\/\/secure.gravatar.com\/avatar\/f9fc1bcd484dd9a5ab01398f62601a12191509fd5e636c45837ff57b7078aac6?s=96&d=mm&r=g","contentUrl":"https:\/\/secure.gravatar.com\/avatar\/f9fc1bcd484dd9a5ab01398f62601a12191509fd5e636c45837ff57b7078aac6?s=96&d=mm&r=g","caption":"Fred"},"url":"https:\/\/www.icasque.com\/liveloveride\/author\/fred\/"}]}},"modified_by":"Pierre","_links":{"self":[{"href":"https:\/\/www.icasque.com\/liveloveride\/wp-json\/wp\/v2\/posts\/3401","targetHints":{"allow":["GET"]}}],"collection":[{"href":"https:\/\/www.icasque.com\/liveloveride\/wp-json\/wp\/v2\/posts"}],"about":[{"href":"https:\/\/www.icasque.com\/liveloveride\/wp-json\/wp\/v2\/types\/post"}],"author":[{"embeddable":true,"href":"https:\/\/www.icasque.com\/liveloveride\/wp-json\/wp\/v2\/users\/5"}],"replies":[{"embeddable":true,"href":"https:\/\/www.icasque.com\/liveloveride\/wp-json\/wp\/v2\/comments?post=3401"}],"version-history":[{"count":2,"href":"https:\/\/www.icasque.com\/liveloveride\/wp-json\/wp\/v2\/posts\/3401\/revisions"}],"predecessor-version":[{"id":12619,"href":"https:\/\/www.icasque.com\/liveloveride\/wp-json\/wp\/v2\/posts\/3401\/revisions\/12619"}],"wp:featuredmedia":[{"embeddable":true,"href":"https:\/\/www.icasque.com\/liveloveride\/wp-json\/wp\/v2\/media\/3403"}],"wp:attachment":[{"href":"https:\/\/www.icasque.com\/liveloveride\/wp-json\/wp\/v2\/media?parent=3401"}],"wp:term":[{"taxonomy":"category","embeddable":true,"href":"https:\/\/www.icasque.com\/liveloveride\/wp-json\/wp\/v2\/categories?post=3401"},{"taxonomy":"post_tag","embeddable":true,"href":"https:\/\/www.icasque.com\/liveloveride\/wp-json\/wp\/v2\/tags?post=3401"}],"curies":[{"name":"wp","href":"https:\/\/api.w.org\/{rel}","templated":true}]}}