{"id":3452,"date":"2016-01-26T11:28:41","date_gmt":"2016-01-26T09:28:41","guid":{"rendered":"http:\/\/blog.icasque.com\/?p=3452"},"modified":"2018-03-20T10:43:18","modified_gmt":"2018-03-20T09:43:18","slug":"nouvelle-africa-twin-une-moto-pour-sevader","status":"publish","type":"post","link":"https:\/\/www.icasque.com\/liveloveride\/nouvelle-africa-twin-une-moto-pour-sevader\/","title":{"rendered":"Nouvelle Africa Twin, une moto pour s\u2019\u00e9vader\u2026"},"content":{"rendered":"<p style=\"text-align: justify;\">Apr\u00e8s 13 ann\u00e9es d\u2019abstinence, inutile de vous dire que l\u2019Africa Twin \u00e9tait attendue par tous les amoureux de m\u00e9canique. Pour le retour de cette l\u00e9gende forg\u00e9e dans les dunes du Dakar, le g\u00e9ant Japonais avait organis\u00e9 un d\u00e9part depuis l\u2019Espagne afin de rallier les concess de motos en France.\u00a0Chez Honda Werther \u00e0 Nice, c\u2019est Julien le num\u00e9ro 78 qui s\u2019est gentiment d\u00e9vou\u00e9 pour ramener le pr\u00e9cieux. G\u00e9o-localis\u00e9s depuis Barcelone, ces chanceux ont ainsi pu s\u2019amuser en avant premi\u00e8re sur les routes espagnoles avec cette Honda CRF1000L.<\/p>\n<p><!--more--><\/p>\n<p style=\"text-align: justify;\"><img fetchpriority=\"high\" decoding=\"async\" class=\"size-full wp-image-3461 aligncenter\" src=\"https:\/\/www.icasque.com\/liveloveride\/wp-content\/uploads\/2016\/01\/photo1.jpg\" alt=\"photo1\" width=\"498\" height=\"619\" srcset=\"https:\/\/www.icasque.com\/liveloveride\/wp-content\/uploads\/2016\/01\/photo1.jpg 498w, https:\/\/www.icasque.com\/liveloveride\/wp-content\/uploads\/2016\/01\/photo1-241x300.jpg 241w\" sizes=\"(max-width: 498px) 100vw, 498px\" \/><\/p>\n<p style=\"text-align: justify;\">Ramen\u00e9es \u00e0 bon port, les diff\u00e9rents concessionnaires Honda ont ainsi pu faire d\u00e9couvrir au public fran\u00e7ais les nouvelles Africa Twin d\u00e8s le samedi 16 janvier. A Nice, on a bien entendu invit\u00e9 les coupaings proches que sont Monsieur Marty et le Journal des Motards pour couvrir cet \u00e9v\u00e9nement et tester le retour du mod\u00e8le embl\u00e9matique de la marque.<\/p>\n<p style=\"text-align: justify;\"><img decoding=\"async\" class=\"size-full wp-image-3460 aligncenter\" src=\"https:\/\/www.icasque.com\/liveloveride\/wp-content\/uploads\/2016\/01\/photo2.jpg\" alt=\"photo2\" width=\"730\" height=\"435\" srcset=\"https:\/\/www.icasque.com\/liveloveride\/wp-content\/uploads\/2016\/01\/photo2.jpg 730w, https:\/\/www.icasque.com\/liveloveride\/wp-content\/uploads\/2016\/01\/photo2-300x179.jpg 300w\" sizes=\"(max-width: 730px) 100vw, 730px\" \/><\/p>\n<p style=\"text-align: justify;\">Il est 8h30 ce samedi rue Barla \u00e0 Nice et pourtant on aper\u00e7oit d\u00e9j\u00e0 les bouilles de Mika du Jdm et de Monsieur Marty en provenance de Marseille.\u00a0Comme quoi, les sudistes peuvent-\u00eatre ponctuels. Je me joins au duo de choc pour faire cet essai. Un de plus, et effectivement on aurait pu faire les fr\u00e8res Dalton enti\u00e8rement sponsoris\u00e9s par Furygan et son <a href=\"http:\/\/www.icasque.com\/Equipement-moto\/Blouson-Moto\/Wind-Noir-Blanc-Rouge\/\" target=\"_blank\" rel=\"noopener\">blouson wind\u2026<\/a><\/p>\n<p style=\"text-align: justify;\"><img decoding=\"async\" class=\"size-full wp-image-3459 aligncenter\" src=\"https:\/\/www.icasque.com\/liveloveride\/wp-content\/uploads\/2016\/01\/photo3.jpg\" alt=\"photo3\" width=\"498\" height=\"619\" srcset=\"https:\/\/www.icasque.com\/liveloveride\/wp-content\/uploads\/2016\/01\/photo3.jpg 498w, https:\/\/www.icasque.com\/liveloveride\/wp-content\/uploads\/2016\/01\/photo3-241x300.jpg 241w\" sizes=\"(max-width: 498px) 100vw, 498px\" \/><\/p>\n<p style=\"text-align: justify;\">C\u00f4t\u00e9 coloris, l\u2019Africa Twin se d\u00e9cline en 4 versions mais les grises et noires paraissent un peu fadasses en comparaison des versions CRF Rallye rouge et de mon coup de c\u0153ur bleu blanc rouge type HRC. Au niveau design, cette version 2016 est un savant m\u00e9lange des trails de l\u2019\u00e9poque, rappelant les grandes lignes de son a\u00een\u00e9e tout en int\u00e9grant des \u00e9l\u00e9ments de modernit\u00e9 comme les leds ou encore la fourche invers\u00e9e\u2026<\/p>\n<p style=\"text-align: justify;\"><img loading=\"lazy\" decoding=\"async\" class=\"size-full wp-image-3458 aligncenter\" src=\"https:\/\/www.icasque.com\/liveloveride\/wp-content\/uploads\/2016\/01\/photo4.jpg\" alt=\"photo4\" width=\"730\" height=\"435\" srcset=\"https:\/\/www.icasque.com\/liveloveride\/wp-content\/uploads\/2016\/01\/photo4.jpg 730w, https:\/\/www.icasque.com\/liveloveride\/wp-content\/uploads\/2016\/01\/photo4-300x179.jpg 300w\" sizes=\"(max-width: 730px) 100vw, 730px\" \/><\/p>\n<p style=\"text-align: justify;\">Comme souvent avec Honda, la prise en main se fait tr\u00e8s facilement. Selle r\u00e9glable sur deux hauteurs, car\u00e9nage et r\u00e9servoir moins volumineux donnent \u00e0 l\u2019ensemble plus de finesse que son a\u00een\u00e9e. Avec ses suspensions \u00e0 grands d\u00e9battements, l\u2019Africa Twin encaisse sans sourciller et sa parfaite ergonomie permettra assur\u00e9ment de voyager au long cours.<\/p>\n<p style=\"text-align: justify;\"><img loading=\"lazy\" decoding=\"async\" class=\"size-full wp-image-3457 aligncenter\" src=\"https:\/\/www.icasque.com\/liveloveride\/wp-content\/uploads\/2016\/01\/photo5.jpg\" alt=\"photo5\" width=\"730\" height=\"435\" srcset=\"https:\/\/www.icasque.com\/liveloveride\/wp-content\/uploads\/2016\/01\/photo5.jpg 730w, https:\/\/www.icasque.com\/liveloveride\/wp-content\/uploads\/2016\/01\/photo5-300x179.jpg 300w\" sizes=\"(max-width: 730px) 100vw, 730px\" \/><\/p>\n<p style=\"text-align: justify;\">Ce bicylindre en ligne de 1000 cm3 aurait m\u00e9rit\u00e9 des chevaux suppl\u00e9mentaires pour titiller l\u2019asphalte, et sur ce point je rejoins le constat de notre amateur de Tracer dont vous retrouverez ci-dessous l\u2019essai en ligne mais son c\u00f4t\u00e9 couteau suisse fait de cette Honda un vrai tout terrain surtout si on s\u2019\u00e9carte des routes bitum\u00e9es. <a href=\"https:\/\/www.youtube.com\/watch?v=W0z4bbSMdzA\" target=\"_blank\" rel=\"noopener\">Voir la vid\u00e9o<\/a><\/p>\n<p style=\"text-align: justify;\"><img loading=\"lazy\" decoding=\"async\" class=\"size-full wp-image-3456 aligncenter\" src=\"https:\/\/www.icasque.com\/liveloveride\/wp-content\/uploads\/2016\/01\/photo6.jpg\" alt=\"photo6\" width=\"730\" height=\"435\" srcset=\"https:\/\/www.icasque.com\/liveloveride\/wp-content\/uploads\/2016\/01\/photo6.jpg 730w, https:\/\/www.icasque.com\/liveloveride\/wp-content\/uploads\/2016\/01\/photo6-300x179.jpg 300w\" sizes=\"(max-width: 730px) 100vw, 730px\" \/><\/p>\n<p style=\"text-align: justify;\">Enfin, la boite automatique \u00e0 double embrayage DCT est une vraie bonne surprise et ne ressemble en rien aux autres mod\u00e8les de la gamme comme la CROSSTOURER. Sur route, le mode Sport avec 3 niveaux est d\u2019une \u00e9tonnante r\u00e9activit\u00e9 et pourrait m\u00eame r\u00e9concilier les amateurs de boite m\u00e9ca avec l\u2019automatique. Le point \u00ab G \u00bb pour plus de plaisir (elle est facile je sais^^) vous permet de passer la boite auto en mode tout-terrain et de sortir des sentiers battus sans pourtant \u00eatre un grand aventurier. Bref, l\u2019Africa Twin c\u2019est un vrai tout terrain propice \u00e0 devenir votre fid\u00e8le compagnon de route.<\/p>\n<p style=\"text-align: justify;\"><img loading=\"lazy\" decoding=\"async\" class=\"alignleft size-full wp-image-3455\" src=\"https:\/\/www.icasque.com\/liveloveride\/wp-content\/uploads\/2016\/01\/photo7.jpg\" alt=\"photo7\" width=\"730\" height=\"435\" srcset=\"https:\/\/www.icasque.com\/liveloveride\/wp-content\/uploads\/2016\/01\/photo7.jpg 730w, https:\/\/www.icasque.com\/liveloveride\/wp-content\/uploads\/2016\/01\/photo7-300x179.jpg 300w\" sizes=\"(max-width: 730px) 100vw, 730px\" \/><\/p>\n","protected":false},"excerpt":{"rendered":"<p>Apr\u00e8s 13 ann\u00e9es d\u2019abstinence, inutile de vous dire que l\u2019Africa Twin \u00e9tait attendue par tous les amoureux de m\u00e9canique. Pour le retour de cette l\u00e9gende forg\u00e9e dans les dunes du Dakar, le g\u00e9ant Japonais avait organis\u00e9 un d\u00e9part depuis l\u2019Espagne afin de rallier les concess de motos en France.\u00a0Chez Honda Werther \u00e0 Nice, c\u2019est Julien [&hellip;]<\/p>\n","protected":false},"author":5,"featured_media":3454,"comment_status":"open","ping_status":"open","sticky":false,"template":"","format":"standard","meta":{"_lmt_disableupdate":"","_lmt_disable":"","footnotes":""},"categories":[229,205],"tags":[],"class_list":["post-3452","post","type-post","status-publish","format-standard","has-post-thumbnail","hentry","category-actu","category-essais-moto"],"yoast_head":"<!-- This site is optimized with the Yoast SEO plugin v27.5 - https:\/\/yoast.com\/product\/yoast-seo-wordpress\/ -->\n<title>Nouvelle Africa Twin, une moto pour s\u2019\u00e9vader\u2026 - Le blog iCasque<\/title>\n<meta name=\"robots\" content=\"index, follow, max-snippet:-1, max-image-preview:large, max-video-preview:-1\" \/>\n<link rel=\"canonical\" href=\"https:\/\/www.icasque.com\/liveloveride\/nouvelle-africa-twin-une-moto-pour-sevader\/\" \/>\n<meta property=\"og:locale\" content=\"fr_FR\" \/>\n<meta property=\"og:type\" content=\"article\" \/>\n<meta property=\"og:title\" content=\"Nouvelle Africa Twin, une moto pour s\u2019\u00e9vader\u2026 - Le blog iCasque\" \/>\n<meta property=\"og:description\" content=\"Apr\u00e8s 13 ann\u00e9es d\u2019abstinence, inutile de vous dire que l\u2019Africa Twin \u00e9tait attendue par tous les amoureux de m\u00e9canique. Pour le retour de cette l\u00e9gende forg\u00e9e dans les dunes du Dakar, le g\u00e9ant Japonais avait organis\u00e9 un d\u00e9part depuis l\u2019Espagne afin de rallier les concess de motos en France.\u00a0Chez Honda Werther \u00e0 Nice, c\u2019est Julien [&hellip;]\" \/>\n<meta property=\"og:url\" content=\"https:\/\/www.icasque.com\/liveloveride\/nouvelle-africa-twin-une-moto-pour-sevader\/\" \/>\n<meta property=\"og:site_name\" content=\"Le blog iCasque\" \/>\n<meta property=\"article:published_time\" content=\"2016-01-26T09:28:41+00:00\" \/>\n<meta property=\"article:modified_time\" content=\"2018-03-20T09:43:18+00:00\" \/>\n<meta property=\"og:image\" content=\"https:\/\/www.icasque.com\/liveloveride\/wp-content\/uploads\/2016\/01\/bandeau.jpg\" \/>\n\t<meta property=\"og:image:width\" content=\"720\" \/>\n\t<meta property=\"og:image:height\" content=\"403\" \/>\n\t<meta property=\"og:image:type\" content=\"image\/jpeg\" \/>\n<meta name=\"author\" content=\"Fred\" \/>\n<meta name=\"twitter:card\" content=\"summary_large_image\" \/>\n<meta name=\"twitter:label1\" content=\"\u00c9crit par\" \/>\n\t<meta name=\"twitter:data1\" content=\"Fred\" \/>\n\t<meta name=\"twitter:label2\" content=\"Dur\u00e9e de lecture estim\u00e9e\" \/>\n\t<meta name=\"twitter:data2\" content=\"3 minutes\" \/>\n<script type=\"application\/ld+json\" class=\"yoast-schema-graph\">{\"@context\":\"https:\\\/\\\/schema.org\",\"@graph\":[{\"@type\":\"Article\",\"@id\":\"https:\\\/\\\/www.icasque.com\\\/liveloveride\\\/nouvelle-africa-twin-une-moto-pour-sevader\\\/#article\",\"isPartOf\":{\"@id\":\"https:\\\/\\\/www.icasque.com\\\/liveloveride\\\/nouvelle-africa-twin-une-moto-pour-sevader\\\/\"},\"author\":{\"name\":\"Fred\",\"@id\":\"https:\\\/\\\/www.icasque.com\\\/liveloveride\\\/#\\\/schema\\\/person\\\/b657f18d5ceaba6523b1f9bab6d3c06a\"},\"headline\":\"Nouvelle Africa Twin, une moto pour s\u2019\u00e9vader\u2026\",\"datePublished\":\"2016-01-26T09:28:41+00:00\",\"dateModified\":\"2018-03-20T09:43:18+00:00\",\"mainEntityOfPage\":{\"@id\":\"https:\\\/\\\/www.icasque.com\\\/liveloveride\\\/nouvelle-africa-twin-une-moto-pour-sevader\\\/\"},\"wordCount\":560,\"commentCount\":0,\"publisher\":{\"@id\":\"https:\\\/\\\/www.icasque.com\\\/liveloveride\\\/#organization\"},\"image\":{\"@id\":\"https:\\\/\\\/www.icasque.com\\\/liveloveride\\\/nouvelle-africa-twin-une-moto-pour-sevader\\\/#primaryimage\"},\"thumbnailUrl\":\"https:\\\/\\\/www.icasque.com\\\/liveloveride\\\/wp-content\\\/uploads\\\/2016\\\/01\\\/bandeau.jpg\",\"articleSection\":[\"Actu\",\"Essais moto\"],\"inLanguage\":\"fr-FR\",\"potentialAction\":[{\"@type\":\"CommentAction\",\"name\":\"Comment\",\"target\":[\"https:\\\/\\\/www.icasque.com\\\/liveloveride\\\/nouvelle-africa-twin-une-moto-pour-sevader\\\/#respond\"]}]},{\"@type\":\"WebPage\",\"@id\":\"https:\\\/\\\/www.icasque.com\\\/liveloveride\\\/nouvelle-africa-twin-une-moto-pour-sevader\\\/\",\"url\":\"https:\\\/\\\/www.icasque.com\\\/liveloveride\\\/nouvelle-africa-twin-une-moto-pour-sevader\\\/\",\"name\":\"Nouvelle Africa Twin, une moto pour s\u2019\u00e9vader\u2026 - Le blog iCasque\",\"isPartOf\":{\"@id\":\"https:\\\/\\\/www.icasque.com\\\/liveloveride\\\/#website\"},\"primaryImageOfPage\":{\"@id\":\"https:\\\/\\\/www.icasque.com\\\/liveloveride\\\/nouvelle-africa-twin-une-moto-pour-sevader\\\/#primaryimage\"},\"image\":{\"@id\":\"https:\\\/\\\/www.icasque.com\\\/liveloveride\\\/nouvelle-africa-twin-une-moto-pour-sevader\\\/#primaryimage\"},\"thumbnailUrl\":\"https:\\\/\\\/www.icasque.com\\\/liveloveride\\\/wp-content\\\/uploads\\\/2016\\\/01\\\/bandeau.jpg\",\"datePublished\":\"2016-01-26T09:28:41+00:00\",\"dateModified\":\"2018-03-20T09:43:18+00:00\",\"breadcrumb\":{\"@id\":\"https:\\\/\\\/www.icasque.com\\\/liveloveride\\\/nouvelle-africa-twin-une-moto-pour-sevader\\\/#breadcrumb\"},\"inLanguage\":\"fr-FR\",\"potentialAction\":[{\"@type\":\"ReadAction\",\"target\":[\"https:\\\/\\\/www.icasque.com\\\/liveloveride\\\/nouvelle-africa-twin-une-moto-pour-sevader\\\/\"]}]},{\"@type\":\"ImageObject\",\"inLanguage\":\"fr-FR\",\"@id\":\"https:\\\/\\\/www.icasque.com\\\/liveloveride\\\/nouvelle-africa-twin-une-moto-pour-sevader\\\/#primaryimage\",\"url\":\"https:\\\/\\\/www.icasque.com\\\/liveloveride\\\/wp-content\\\/uploads\\\/2016\\\/01\\\/bandeau.jpg\",\"contentUrl\":\"https:\\\/\\\/www.icasque.com\\\/liveloveride\\\/wp-content\\\/uploads\\\/2016\\\/01\\\/bandeau.jpg\",\"width\":720,\"height\":403,\"caption\":\"bandeau\"},{\"@type\":\"BreadcrumbList\",\"@id\":\"https:\\\/\\\/www.icasque.com\\\/liveloveride\\\/nouvelle-africa-twin-une-moto-pour-sevader\\\/#breadcrumb\",\"itemListElement\":[{\"@type\":\"ListItem\",\"position\":1,\"name\":\"Accueil\",\"item\":\"https:\\\/\\\/www.icasque.com\\\/liveloveride\\\/\"},{\"@type\":\"ListItem\",\"position\":2,\"name\":\"Nouvelle Africa Twin, une moto pour s\u2019\u00e9vader\u2026\"}]},{\"@type\":\"WebSite\",\"@id\":\"https:\\\/\\\/www.icasque.com\\\/liveloveride\\\/#website\",\"url\":\"https:\\\/\\\/www.icasque.com\\\/liveloveride\\\/\",\"name\":\"Le blog iCasque\",\"description\":\"Le blog moto\",\"publisher\":{\"@id\":\"https:\\\/\\\/www.icasque.com\\\/liveloveride\\\/#organization\"},\"potentialAction\":[{\"@type\":\"SearchAction\",\"target\":{\"@type\":\"EntryPoint\",\"urlTemplate\":\"https:\\\/\\\/www.icasque.com\\\/liveloveride\\\/?s={search_term_string}\"},\"query-input\":{\"@type\":\"PropertyValueSpecification\",\"valueRequired\":true,\"valueName\":\"search_term_string\"}}],\"inLanguage\":\"fr-FR\"},{\"@type\":\"Organization\",\"@id\":\"https:\\\/\\\/www.icasque.com\\\/liveloveride\\\/#organization\",\"name\":\"ICC\",\"url\":\"https:\\\/\\\/www.icasque.com\\\/liveloveride\\\/\",\"logo\":{\"@type\":\"ImageObject\",\"inLanguage\":\"fr-FR\",\"@id\":\"https:\\\/\\\/www.icasque.com\\\/liveloveride\\\/#\\\/schema\\\/logo\\\/image\\\/\",\"url\":\"https:\\\/\\\/www.icasque.com\\\/liveloveride\\\/wp-content\\\/uploads\\\/2018\\\/02\\\/logo-icasque_1200x1200-e1519038889300.jpg\",\"contentUrl\":\"https:\\\/\\\/www.icasque.com\\\/liveloveride\\\/wp-content\\\/uploads\\\/2018\\\/02\\\/logo-icasque_1200x1200-e1519038889300.jpg\",\"width\":150,\"height\":150,\"caption\":\"ICC\"},\"image\":{\"@id\":\"https:\\\/\\\/www.icasque.com\\\/liveloveride\\\/#\\\/schema\\\/logo\\\/image\\\/\"}},{\"@type\":\"Person\",\"@id\":\"https:\\\/\\\/www.icasque.com\\\/liveloveride\\\/#\\\/schema\\\/person\\\/b657f18d5ceaba6523b1f9bab6d3c06a\",\"name\":\"Fred\",\"image\":{\"@type\":\"ImageObject\",\"inLanguage\":\"fr-FR\",\"@id\":\"https:\\\/\\\/secure.gravatar.com\\\/avatar\\\/f9fc1bcd484dd9a5ab01398f62601a12191509fd5e636c45837ff57b7078aac6?s=96&d=mm&r=g\",\"url\":\"https:\\\/\\\/secure.gravatar.com\\\/avatar\\\/f9fc1bcd484dd9a5ab01398f62601a12191509fd5e636c45837ff57b7078aac6?s=96&d=mm&r=g\",\"contentUrl\":\"https:\\\/\\\/secure.gravatar.com\\\/avatar\\\/f9fc1bcd484dd9a5ab01398f62601a12191509fd5e636c45837ff57b7078aac6?s=96&d=mm&r=g\",\"caption\":\"Fred\"},\"url\":\"https:\\\/\\\/www.icasque.com\\\/liveloveride\\\/author\\\/fred\\\/\"}]}<\/script>\n<!-- \/ Yoast SEO plugin. -->","yoast_head_json":{"title":"Nouvelle Africa Twin, une moto pour s\u2019\u00e9vader\u2026 - Le blog iCasque","robots":{"index":"index","follow":"follow","max-snippet":"max-snippet:-1","max-image-preview":"max-image-preview:large","max-video-preview":"max-video-preview:-1"},"canonical":"https:\/\/www.icasque.com\/liveloveride\/nouvelle-africa-twin-une-moto-pour-sevader\/","og_locale":"fr_FR","og_type":"article","og_title":"Nouvelle Africa Twin, une moto pour s\u2019\u00e9vader\u2026 - Le blog iCasque","og_description":"Apr\u00e8s 13 ann\u00e9es d\u2019abstinence, inutile de vous dire que l\u2019Africa Twin \u00e9tait attendue par tous les amoureux de m\u00e9canique. Pour le retour de cette l\u00e9gende forg\u00e9e dans les dunes du Dakar, le g\u00e9ant Japonais avait organis\u00e9 un d\u00e9part depuis l\u2019Espagne afin de rallier les concess de motos en France.\u00a0Chez Honda Werther \u00e0 Nice, c\u2019est Julien [&hellip;]","og_url":"https:\/\/www.icasque.com\/liveloveride\/nouvelle-africa-twin-une-moto-pour-sevader\/","og_site_name":"Le blog iCasque","article_published_time":"2016-01-26T09:28:41+00:00","article_modified_time":"2018-03-20T09:43:18+00:00","og_image":[{"width":720,"height":403,"url":"https:\/\/www.icasque.com\/liveloveride\/wp-content\/uploads\/2016\/01\/bandeau.jpg","type":"image\/jpeg"}],"author":"Fred","twitter_card":"summary_large_image","twitter_misc":{"\u00c9crit par":"Fred","Dur\u00e9e de lecture estim\u00e9e":"3 minutes"},"schema":{"@context":"https:\/\/schema.org","@graph":[{"@type":"Article","@id":"https:\/\/www.icasque.com\/liveloveride\/nouvelle-africa-twin-une-moto-pour-sevader\/#article","isPartOf":{"@id":"https:\/\/www.icasque.com\/liveloveride\/nouvelle-africa-twin-une-moto-pour-sevader\/"},"author":{"name":"Fred","@id":"https:\/\/www.icasque.com\/liveloveride\/#\/schema\/person\/b657f18d5ceaba6523b1f9bab6d3c06a"},"headline":"Nouvelle Africa Twin, une moto pour s\u2019\u00e9vader\u2026","datePublished":"2016-01-26T09:28:41+00:00","dateModified":"2018-03-20T09:43:18+00:00","mainEntityOfPage":{"@id":"https:\/\/www.icasque.com\/liveloveride\/nouvelle-africa-twin-une-moto-pour-sevader\/"},"wordCount":560,"commentCount":0,"publisher":{"@id":"https:\/\/www.icasque.com\/liveloveride\/#organization"},"image":{"@id":"https:\/\/www.icasque.com\/liveloveride\/nouvelle-africa-twin-une-moto-pour-sevader\/#primaryimage"},"thumbnailUrl":"https:\/\/www.icasque.com\/liveloveride\/wp-content\/uploads\/2016\/01\/bandeau.jpg","articleSection":["Actu","Essais moto"],"inLanguage":"fr-FR","potentialAction":[{"@type":"CommentAction","name":"Comment","target":["https:\/\/www.icasque.com\/liveloveride\/nouvelle-africa-twin-une-moto-pour-sevader\/#respond"]}]},{"@type":"WebPage","@id":"https:\/\/www.icasque.com\/liveloveride\/nouvelle-africa-twin-une-moto-pour-sevader\/","url":"https:\/\/www.icasque.com\/liveloveride\/nouvelle-africa-twin-une-moto-pour-sevader\/","name":"Nouvelle Africa Twin, une moto pour s\u2019\u00e9vader\u2026 - Le blog iCasque","isPartOf":{"@id":"https:\/\/www.icasque.com\/liveloveride\/#website"},"primaryImageOfPage":{"@id":"https:\/\/www.icasque.com\/liveloveride\/nouvelle-africa-twin-une-moto-pour-sevader\/#primaryimage"},"image":{"@id":"https:\/\/www.icasque.com\/liveloveride\/nouvelle-africa-twin-une-moto-pour-sevader\/#primaryimage"},"thumbnailUrl":"https:\/\/www.icasque.com\/liveloveride\/wp-content\/uploads\/2016\/01\/bandeau.jpg","datePublished":"2016-01-26T09:28:41+00:00","dateModified":"2018-03-20T09:43:18+00:00","breadcrumb":{"@id":"https:\/\/www.icasque.com\/liveloveride\/nouvelle-africa-twin-une-moto-pour-sevader\/#breadcrumb"},"inLanguage":"fr-FR","potentialAction":[{"@type":"ReadAction","target":["https:\/\/www.icasque.com\/liveloveride\/nouvelle-africa-twin-une-moto-pour-sevader\/"]}]},{"@type":"ImageObject","inLanguage":"fr-FR","@id":"https:\/\/www.icasque.com\/liveloveride\/nouvelle-africa-twin-une-moto-pour-sevader\/#primaryimage","url":"https:\/\/www.icasque.com\/liveloveride\/wp-content\/uploads\/2016\/01\/bandeau.jpg","contentUrl":"https:\/\/www.icasque.com\/liveloveride\/wp-content\/uploads\/2016\/01\/bandeau.jpg","width":720,"height":403,"caption":"bandeau"},{"@type":"BreadcrumbList","@id":"https:\/\/www.icasque.com\/liveloveride\/nouvelle-africa-twin-une-moto-pour-sevader\/#breadcrumb","itemListElement":[{"@type":"ListItem","position":1,"name":"Accueil","item":"https:\/\/www.icasque.com\/liveloveride\/"},{"@type":"ListItem","position":2,"name":"Nouvelle Africa Twin, une moto pour s\u2019\u00e9vader\u2026"}]},{"@type":"WebSite","@id":"https:\/\/www.icasque.com\/liveloveride\/#website","url":"https:\/\/www.icasque.com\/liveloveride\/","name":"Le blog iCasque","description":"Le blog moto","publisher":{"@id":"https:\/\/www.icasque.com\/liveloveride\/#organization"},"potentialAction":[{"@type":"SearchAction","target":{"@type":"EntryPoint","urlTemplate":"https:\/\/www.icasque.com\/liveloveride\/?s={search_term_string}"},"query-input":{"@type":"PropertyValueSpecification","valueRequired":true,"valueName":"search_term_string"}}],"inLanguage":"fr-FR"},{"@type":"Organization","@id":"https:\/\/www.icasque.com\/liveloveride\/#organization","name":"ICC","url":"https:\/\/www.icasque.com\/liveloveride\/","logo":{"@type":"ImageObject","inLanguage":"fr-FR","@id":"https:\/\/www.icasque.com\/liveloveride\/#\/schema\/logo\/image\/","url":"https:\/\/www.icasque.com\/liveloveride\/wp-content\/uploads\/2018\/02\/logo-icasque_1200x1200-e1519038889300.jpg","contentUrl":"https:\/\/www.icasque.com\/liveloveride\/wp-content\/uploads\/2018\/02\/logo-icasque_1200x1200-e1519038889300.jpg","width":150,"height":150,"caption":"ICC"},"image":{"@id":"https:\/\/www.icasque.com\/liveloveride\/#\/schema\/logo\/image\/"}},{"@type":"Person","@id":"https:\/\/www.icasque.com\/liveloveride\/#\/schema\/person\/b657f18d5ceaba6523b1f9bab6d3c06a","name":"Fred","image":{"@type":"ImageObject","inLanguage":"fr-FR","@id":"https:\/\/secure.gravatar.com\/avatar\/f9fc1bcd484dd9a5ab01398f62601a12191509fd5e636c45837ff57b7078aac6?s=96&d=mm&r=g","url":"https:\/\/secure.gravatar.com\/avatar\/f9fc1bcd484dd9a5ab01398f62601a12191509fd5e636c45837ff57b7078aac6?s=96&d=mm&r=g","contentUrl":"https:\/\/secure.gravatar.com\/avatar\/f9fc1bcd484dd9a5ab01398f62601a12191509fd5e636c45837ff57b7078aac6?s=96&d=mm&r=g","caption":"Fred"},"url":"https:\/\/www.icasque.com\/liveloveride\/author\/fred\/"}]}},"modified_by":"Emma","_links":{"self":[{"href":"https:\/\/www.icasque.com\/liveloveride\/wp-json\/wp\/v2\/posts\/3452","targetHints":{"allow":["GET"]}}],"collection":[{"href":"https:\/\/www.icasque.com\/liveloveride\/wp-json\/wp\/v2\/posts"}],"about":[{"href":"https:\/\/www.icasque.com\/liveloveride\/wp-json\/wp\/v2\/types\/post"}],"author":[{"embeddable":true,"href":"https:\/\/www.icasque.com\/liveloveride\/wp-json\/wp\/v2\/users\/5"}],"replies":[{"embeddable":true,"href":"https:\/\/www.icasque.com\/liveloveride\/wp-json\/wp\/v2\/comments?post=3452"}],"version-history":[{"count":1,"href":"https:\/\/www.icasque.com\/liveloveride\/wp-json\/wp\/v2\/posts\/3452\/revisions"}],"predecessor-version":[{"id":5573,"href":"https:\/\/www.icasque.com\/liveloveride\/wp-json\/wp\/v2\/posts\/3452\/revisions\/5573"}],"wp:featuredmedia":[{"embeddable":true,"href":"https:\/\/www.icasque.com\/liveloveride\/wp-json\/wp\/v2\/media\/3454"}],"wp:attachment":[{"href":"https:\/\/www.icasque.com\/liveloveride\/wp-json\/wp\/v2\/media?parent=3452"}],"wp:term":[{"taxonomy":"category","embeddable":true,"href":"https:\/\/www.icasque.com\/liveloveride\/wp-json\/wp\/v2\/categories?post=3452"},{"taxonomy":"post_tag","embeddable":true,"href":"https:\/\/www.icasque.com\/liveloveride\/wp-json\/wp\/v2\/tags?post=3452"}],"curies":[{"name":"wp","href":"https:\/\/api.w.org\/{rel}","templated":true}]}}