{"id":3561,"date":"2016-03-31T10:55:46","date_gmt":"2016-03-31T08:55:46","guid":{"rendered":"http:\/\/blog.icasque.com\/?p=3561"},"modified":"2020-09-11T18:15:12","modified_gmt":"2020-09-11T16:15:12","slug":"la-icasquedate-une-journee-moto-a-la-cool","status":"publish","type":"post","link":"https:\/\/www.icasque.com\/liveloveride\/la-icasquedate-une-journee-moto-a-la-cool\/","title":{"rendered":"La #ICASQUEDATE\u00a0? Une journ\u00e9e moto \u00e0 la cool\u2026"},"content":{"rendered":"<p style=\"text-align: justify;\">Pas de superflu pour la ICASQUEDATE, de la moto, des potos, des barres de rire, des doigts de pieds en \u00e9ventail, du son et encore de la moto\u00a0! Bien s\u00fbr, le climat M\u00e9diterran\u00e9en nous apportera chaleur et l\u00e9g\u00e8ret\u00e9 car on ne va pas se prendre au s\u00e9rieux.<\/p>\n<p><!--more--><\/p>\n<p><img fetchpriority=\"high\" decoding=\"async\" class=\"aligncenter wp-image-3617 size-full\" src=\"https:\/\/www.icasque.com\/liveloveride\/wp-content\/uploads\/2016\/03\/flyer1.jpg\" alt=\"#ICASQUEDATE\" width=\"730\" height=\"536\" srcset=\"https:\/\/www.icasque.com\/liveloveride\/wp-content\/uploads\/2016\/03\/flyer1.jpg 730w, https:\/\/www.icasque.com\/liveloveride\/wp-content\/uploads\/2016\/03\/flyer1-300x220.jpg 300w\" sizes=\"(max-width: 730px) 100vw, 730px\" \/><\/p>\n<p style=\"text-align: justify;\">Ce jeudi 7 juillet 2016, c\u2019est une journ\u00e9e ouverte \u00e0 tout le monde avec acc\u00e8s libre et gratuit donc pas de stress, vous viendrez comme vous \u00eates \u00e0 la cool. Motards ou encore caisseux, en famille ou entre amis, comme dirait notre ami belge Qwerty venez en masse pour un gros bordel\u2026<\/p>\n<p><iframe title=\"152...#ICASQUEDATE  le 7 Juillet 2016 circuit du Luc\" width=\"1170\" height=\"658\" src=\"https:\/\/www.youtube.com\/embed\/gEpRGrqaI8M?feature=oembed\" frameborder=\"0\" allow=\"accelerometer; autoplay; encrypted-media; gyroscope; picture-in-picture\" allowfullscreen><\/iframe><\/p>\n<p style=\"text-align: justify;\">Bon histoire de quantifier un peu pour nous organisateurs, et afin de mieux vous accueillir, je vous invite \u00e0 confirmer votre participation \u00e0 l\u2019\u00e9v\u00e9nement ICASQUEDATE que nous cr\u00e9ons \u00e0 cette occasion sur notre page Facebook. Vous pouvez le partager \u00e0 souhait, la base de loisirs du Circuit du Var est suffisamment vaste pour vous recevoir en nombre.<\/p>\n<p style=\"text-align: left;\">Participer \u00e0 la ICASQUEDATE en cliquant <strong><a href=\"https:\/\/www.facebook.com\/events\/988260187894688\/\" target=\"_blank\" rel=\"noopener noreferrer\">ici<\/a><\/strong><\/p>\n<p style=\"text-align: justify;\">Les premiers tours de piste sur le circuit du Luc en Provence (83) se feront d\u00e8s 8h30. Si nos YouTubers survivent aux conseils tranchants des Vikings de chez <a href=\"https:\/\/www.facebook.com\/lgsteamvickings\" target=\"_blank\" rel=\"noopener noreferrer\"><strong>LGS EVENTS<\/strong><\/a>, on pourra ensuite admirer les d\u00e9hanchements du &#8220;King of Fail&#8221; \u00a0en la personne de <a href=\"https:\/\/www.facebook.com\/Silk722-596600683765366\/\" target=\"_blank\" rel=\"noopener noreferrer\"><strong>Silk722<\/strong><\/a> ou encore de <a href=\"https:\/\/www.facebook.com\/RideMyDream\/\" target=\"_blank\" rel=\"noopener noreferrer\"><strong>Ridemydream<\/strong><\/a> notre as de la bidouille. Je croise les doigts pour que ces 2 comp\u00e8res ne nous cassent pas les b\u00e9canes d\u00e8s la sortie du paddock\u2026L\u00e0 o\u00f9 il faudra encore accentuer le dispositif de s\u00e9curit\u00e9 et passer en \u00e9tat d\u2019alerte maximale, c\u2019est que notre Sapin Man himself <a href=\"https:\/\/www.facebook.com\/qwertyjulien\" target=\"_blank\" rel=\"noopener noreferrer\"><strong>Qwerty Julien<\/strong><\/a> sera aussi de sortie d\u00e8s le matin. En esp\u00e9rant qu\u2019il usera ses sliders diff\u00e9remment cette fois-ci.<\/p>\n<p style=\"text-align: justify;\">Pour \u00eatre franc, on ne d\u00e9sesp\u00e8re pas non plus durant cette journ\u00e9e de croiser <a href=\"https:\/\/www.facebook.com\/Mehdiator\" target=\"_blank\" rel=\"noopener noreferrer\"><strong>Mehdiator<\/strong><\/a> \u00abBonjour, je suis un motard\u00bb qui nous confirmera ou pas sa participation \u00e0 cet \u00e9v\u00e9nement. Eh oui y\u2019en a qui bossent le jeudi\u00a0!!! Diantre. En revanche, je me dis qu\u2019on devrait r\u00e9ussir \u00e0 convaincre le plus c\u00e9l\u00e8bre des Zizis sur deux-roues \u00e0 venir s\u2019essayer \u00e0 la piste\u2026 <a href=\"https:\/\/www.facebook.com\/WalaneRider\/\" target=\"_blank\" rel=\"noopener noreferrer\"><strong>Walane<\/strong><\/a> ou juste pour le plaisir.<br \/>\nAffaire \u00e0 suivre. En revanche, on regrettera l\u2019absence du Ringooos, <a href=\"https:\/\/www.facebook.com\/MonsieurMartyOfficial\/\" target=\"_blank\" rel=\"noopener noreferrer\"><strong>Monsieur Marty<\/strong><\/a> pr\u00e9f\u00e9rant vloguer vers d\u2019autres cieux.<\/p>\n<p style=\"text-align: justify;\">Pour pimenter la ICASQUEDATE, le James Bond du stunt Monsieur <a href=\"https:\/\/www.facebook.com\/thibaut.nogues.stunt\/\" target=\"_blank\" rel=\"noopener noreferrer\"><strong>Thibaut Nogues<\/strong><\/a> viendra faire un peu de drift au c\u00f4t\u00e9 de nos Youtubers avant de r\u00e9aliser un premier show en fin de matin\u00e9e. Ce mec est juste bourr\u00e9 de talent\u00a0!<\/p>\n<p><iframe title=\"GSXR Ultimate Drifting - Thibaut NOGUES\" width=\"1170\" height=\"658\" src=\"https:\/\/www.youtube.com\/embed\/LRWWOP_IN4U?feature=oembed\" frameborder=\"0\" allow=\"accelerometer; autoplay; encrypted-media; gyroscope; picture-in-picture\" allowfullscreen><\/iframe><\/p>\n<p style=\"text-align: justify;\">Apr\u00e8s les p\u00e9rip\u00e9ties du matin, \u00e9videmment pause d\u00e9jeuner pour tous. Pour ceux qui souhaiteront se restaurer sur place, deux options, soit le pique-nique que vous aurez pr\u00e9par\u00e9 la veille ou alors le restaurant brasserie de la base de loisirs. Ce sera aussi le moment de cacher son dwich merguez car <a href=\"https:\/\/www.facebook.com\/100Bitume\/\" target=\"_blank\" rel=\"noopener noreferrer\"><strong>100% Bitume<\/strong><\/a> et <a href=\"https:\/\/www.facebook.com\/KIKANINAC\" target=\"_blank\" rel=\"noopener noreferrer\"><strong>Kikaninac<\/strong><\/a> feront leur arriv\u00e9e au cours du d\u00e9jeuner. Comme vous, j\u2019ai h\u00e2te de mater le d\u00e9guisement du manouche ou encore de voir notre brocoli passer du vert vif au jaune avec la cuisson de la piste et des rayons de soleil du grand Sud.<\/p>\n<p style=\"text-align: justify;\">La base de loisirs, vous permettra de vous poser \u00e0 l\u2019ombre sur un coin de pelouse ou encore de venir faire trempette dans le bassin aquatique. Ce sera aussi l\u2019occaz de c\u00f4toyer au plus pr\u00e8s vos YouTubers pr\u00e9f\u00e9r\u00e9s ainsi que <a href=\"http:\/\/www.johannzarco.com\" target=\"_blank\" rel=\"noopener noreferrer\"><strong>Johann Zarco<\/strong><\/a>, champion du monde en titre dans la cat\u00e9gorie Moto 2 qui nous fera le privil\u00e8ge de venir sur cet \u00e9v\u00e9nement en toute simplicit\u00e9. Bien entendu, durant toute la journ\u00e9e on vous fera gagner des cadeaux avec une maxi tombola en fin d\u2019\u00e9v\u00e9nement sinon on ne s\u2019appellerait plus iCasque\u2026<\/p>\n<p style=\"text-align: justify;\">On reprendra le cours de la ICASQUEDATE avec un nouveau show de Thibaut Nogues avant le d\u00e9but des battles sur piste\u00a0: 100% Bitume Vs Kikaninac suivi de Silk722 Vs Ridemydream et de Qwerty oppos\u00e9 \u00e0 mon avis soit \u00e0 Mehdiator soit \u00e0 Walane si l\u2019un des deux pointe son pneu sur la piste du circuit du Var\u2026<\/p>\n<p style=\"text-align: justify;\"><img decoding=\"async\" class=\"aligncenter wp-image-3686 size-full\" src=\"https:\/\/www.icasque.com\/liveloveride\/wp-content\/uploads\/2016\/03\/programme2.jpg\" alt=\"Programme #ICASQUEDATE\" width=\"730\" height=\"628\" srcset=\"https:\/\/www.icasque.com\/liveloveride\/wp-content\/uploads\/2016\/03\/programme2.jpg 730w, https:\/\/www.icasque.com\/liveloveride\/wp-content\/uploads\/2016\/03\/programme2-300x258.jpg 300w\" sizes=\"(max-width: 730px) 100vw, 730px\" \/><\/p>\n<p style=\"text-align: justify;\">C\u00f4t\u00e9 village du son, nos amis <strong><a href=\"https:\/\/www.facebook.com\/Furyganofficial\/?fref=ts\" target=\"_blank\" rel=\"noopener noreferrer\">Furygan<\/a><\/strong> et <strong><a href=\"https:\/\/www.facebook.com\/shark.helmets\/?fref=ts\" target=\"_blank\" rel=\"noopener noreferrer\">Shark<\/a><\/strong> pour vous d\u00e9voiler les nouveaut\u00e9s en mati\u00e8re d\u2019\u00e9quipement ainsi que pour effectuer des menues r\u00e9paration de vos casques, la douceur de nos ICASQUEGIRLS, nos coll\u00e8gues de chez <strong><a href=\"https:\/\/www.facebook.com\/honda.werther.nice\/?fref=ts\" target=\"_blank\" rel=\"noopener noreferrer\">Honda Werther<\/a><\/strong>, le stand du <a href=\"https:\/\/www.facebook.com\/journaldesmotards\/?fref=ts\" target=\"_blank\" rel=\"noopener noreferrer\"><strong>Journal des Motards<\/strong><\/a> et autres exposants sans toutefois tomber dans la cr\u00e9ation d\u2019un salon du deux-roues car ce n\u2019est pas la finalit\u00e9 de cette journ\u00e9e\u2026Le kiff de la ICASQUEDATE c\u2019est d\u2019\u00eatre entre potos, mater des b\u00e9canes, papoter moto et surtout se faire une cure de d\u00e9connade\u00a0!!<\/p>\n<p style=\"text-align: justify;\">Enfin, pour 180 privil\u00e9gi\u00e9s c\u2019est aussi la possibilit\u00e9 de rouler gratuitement sur piste avec vos h\u00e9ros du quotidien. Pour vous inscrire, il suffit de remplir le questionnaire en ligne suivant\u00a0et bien entendu d\u2019\u00eatre s\u00e9lectionn\u00e9, r\u00e9sultat le vendredi 17 juin 2016 :<\/p>\n<p style=\"text-align: center;\"><a href=\"https:\/\/www.icasque.com\/liveloveride\/icasquedate-inscription\/\"><img decoding=\"async\" class=\"aligncenter wp-image-3675 size-full\" src=\"https:\/\/www.icasque.com\/liveloveride\/wp-content\/uploads\/2016\/03\/questionnaire-bouton-2.jpg\" alt=\"Inscription close\" width=\"477\" height=\"64\" srcset=\"https:\/\/www.icasque.com\/liveloveride\/wp-content\/uploads\/2016\/03\/questionnaire-bouton-2.jpg 477w, https:\/\/www.icasque.com\/liveloveride\/wp-content\/uploads\/2016\/03\/questionnaire-bouton-2-300x40.jpg 300w\" sizes=\"(max-width: 477px) 100vw, 477px\" \/><\/a><\/p>\n<p style=\"text-align: justify;\">Voil\u00e0, il est temps pour moi de vous laisser, la page Facebook de cet \u00e9v\u00e9nement restera la porte ouverte \u00e0 vos questions, \u00e0 vos bons plans pour venir jusqu&#8217;au Luc ou encore \u00e0 l\u2019organisation des roulages en groupe pour caler dans le Sud. Vous pouvez \u00e9galement continuer \u00e0 nous sugg\u00e9rer des id\u00e9es d\u00e9cal\u00e9es pour faire de la ICASQUEDATE un \u00e9v\u00e9nement hors normes.<\/p>\n<h2 style=\"text-align: center;\"><strong>Gazzz<\/strong><\/h2>\n","protected":false},"excerpt":{"rendered":"<p>Pas de superflu pour la ICASQUEDATE, de la moto, des potos, des barres de rire, des doigts de pieds en \u00e9ventail, du son et encore de la moto\u00a0! Bien s\u00fbr, le climat M\u00e9diterran\u00e9en nous apportera chaleur et l\u00e9g\u00e8ret\u00e9 car on ne va pas se prendre au s\u00e9rieux.<\/p>\n","protected":false},"author":5,"featured_media":3570,"comment_status":"open","ping_status":"open","sticky":false,"template":"","format":"standard","meta":{"_lmt_disableupdate":"","_lmt_disable":"","footnotes":""},"categories":[221,223],"tags":[222],"class_list":["post-3561","post","type-post","status-publish","format-standard","has-post-thumbnail","hentry","category-icasquedate","category-icasquedate-2016","tag-icasquedate"],"yoast_head":"<!-- This site is optimized with the Yoast SEO plugin v27.5 - https:\/\/yoast.com\/product\/yoast-seo-wordpress\/ -->\n<title>La #ICASQUEDATE\u00a0? Une journ\u00e9e moto \u00e0 la cool\u2026 - Le blog iCasque<\/title>\n<meta name=\"robots\" content=\"index, follow, max-snippet:-1, max-image-preview:large, max-video-preview:-1\" \/>\n<link rel=\"canonical\" href=\"https:\/\/www.icasque.com\/liveloveride\/la-icasquedate-une-journee-moto-a-la-cool\/\" \/>\n<meta property=\"og:locale\" content=\"fr_FR\" \/>\n<meta property=\"og:type\" content=\"article\" \/>\n<meta property=\"og:title\" content=\"La #ICASQUEDATE\u00a0? Une journ\u00e9e moto \u00e0 la cool\u2026 - Le blog iCasque\" \/>\n<meta property=\"og:description\" content=\"Pas de superflu pour la ICASQUEDATE, de la moto, des potos, des barres de rire, des doigts de pieds en \u00e9ventail, du son et encore de la moto\u00a0! Bien s\u00fbr, le climat M\u00e9diterran\u00e9en nous apportera chaleur et l\u00e9g\u00e8ret\u00e9 car on ne va pas se prendre au s\u00e9rieux.\" \/>\n<meta property=\"og:url\" content=\"https:\/\/www.icasque.com\/liveloveride\/la-icasquedate-une-journee-moto-a-la-cool\/\" \/>\n<meta property=\"og:site_name\" content=\"Le blog iCasque\" \/>\n<meta property=\"article:published_time\" content=\"2016-03-31T08:55:46+00:00\" \/>\n<meta property=\"article:modified_time\" content=\"2020-09-11T16:15:12+00:00\" \/>\n<meta property=\"og:image\" content=\"https:\/\/www.icasque.com\/liveloveride\/wp-content\/uploads\/2016\/03\/bandeau3.jpg\" \/>\n\t<meta property=\"og:image:width\" content=\"720\" \/>\n\t<meta property=\"og:image:height\" content=\"319\" \/>\n\t<meta property=\"og:image:type\" content=\"image\/jpeg\" \/>\n<meta name=\"author\" content=\"Fred\" \/>\n<meta name=\"twitter:card\" content=\"summary_large_image\" \/>\n<meta name=\"twitter:label1\" content=\"\u00c9crit par\" \/>\n\t<meta name=\"twitter:data1\" content=\"Fred\" \/>\n\t<meta name=\"twitter:label2\" content=\"Dur\u00e9e de lecture estim\u00e9e\" \/>\n\t<meta name=\"twitter:data2\" content=\"5 minutes\" \/>\n<script type=\"application\/ld+json\" class=\"yoast-schema-graph\">{\"@context\":\"https:\\\/\\\/schema.org\",\"@graph\":[{\"@type\":\"Article\",\"@id\":\"https:\\\/\\\/www.icasque.com\\\/liveloveride\\\/la-icasquedate-une-journee-moto-a-la-cool\\\/#article\",\"isPartOf\":{\"@id\":\"https:\\\/\\\/www.icasque.com\\\/liveloveride\\\/la-icasquedate-une-journee-moto-a-la-cool\\\/\"},\"author\":{\"name\":\"Fred\",\"@id\":\"https:\\\/\\\/www.icasque.com\\\/liveloveride\\\/#\\\/schema\\\/person\\\/b657f18d5ceaba6523b1f9bab6d3c06a\"},\"headline\":\"La #ICASQUEDATE\u00a0? Une journ\u00e9e moto \u00e0 la cool\u2026\",\"datePublished\":\"2016-03-31T08:55:46+00:00\",\"dateModified\":\"2020-09-11T16:15:12+00:00\",\"mainEntityOfPage\":{\"@id\":\"https:\\\/\\\/www.icasque.com\\\/liveloveride\\\/la-icasquedate-une-journee-moto-a-la-cool\\\/\"},\"wordCount\":929,\"commentCount\":2,\"publisher\":{\"@id\":\"https:\\\/\\\/www.icasque.com\\\/liveloveride\\\/#organization\"},\"image\":{\"@id\":\"https:\\\/\\\/www.icasque.com\\\/liveloveride\\\/la-icasquedate-une-journee-moto-a-la-cool\\\/#primaryimage\"},\"thumbnailUrl\":\"https:\\\/\\\/www.icasque.com\\\/liveloveride\\\/wp-content\\\/uploads\\\/2016\\\/03\\\/bandeau3.jpg\",\"keywords\":[\"#icasquedate\"],\"articleSection\":[\"#ICASQUEDATE\",\"#ICASQUEDATE 2016\"],\"inLanguage\":\"fr-FR\",\"potentialAction\":[{\"@type\":\"CommentAction\",\"name\":\"Comment\",\"target\":[\"https:\\\/\\\/www.icasque.com\\\/liveloveride\\\/la-icasquedate-une-journee-moto-a-la-cool\\\/#respond\"]}]},{\"@type\":\"WebPage\",\"@id\":\"https:\\\/\\\/www.icasque.com\\\/liveloveride\\\/la-icasquedate-une-journee-moto-a-la-cool\\\/\",\"url\":\"https:\\\/\\\/www.icasque.com\\\/liveloveride\\\/la-icasquedate-une-journee-moto-a-la-cool\\\/\",\"name\":\"La #ICASQUEDATE\u00a0? Une journ\u00e9e moto \u00e0 la cool\u2026 - Le blog iCasque\",\"isPartOf\":{\"@id\":\"https:\\\/\\\/www.icasque.com\\\/liveloveride\\\/#website\"},\"primaryImageOfPage\":{\"@id\":\"https:\\\/\\\/www.icasque.com\\\/liveloveride\\\/la-icasquedate-une-journee-moto-a-la-cool\\\/#primaryimage\"},\"image\":{\"@id\":\"https:\\\/\\\/www.icasque.com\\\/liveloveride\\\/la-icasquedate-une-journee-moto-a-la-cool\\\/#primaryimage\"},\"thumbnailUrl\":\"https:\\\/\\\/www.icasque.com\\\/liveloveride\\\/wp-content\\\/uploads\\\/2016\\\/03\\\/bandeau3.jpg\",\"datePublished\":\"2016-03-31T08:55:46+00:00\",\"dateModified\":\"2020-09-11T16:15:12+00:00\",\"breadcrumb\":{\"@id\":\"https:\\\/\\\/www.icasque.com\\\/liveloveride\\\/la-icasquedate-une-journee-moto-a-la-cool\\\/#breadcrumb\"},\"inLanguage\":\"fr-FR\",\"potentialAction\":[{\"@type\":\"ReadAction\",\"target\":[\"https:\\\/\\\/www.icasque.com\\\/liveloveride\\\/la-icasquedate-une-journee-moto-a-la-cool\\\/\"]}]},{\"@type\":\"ImageObject\",\"inLanguage\":\"fr-FR\",\"@id\":\"https:\\\/\\\/www.icasque.com\\\/liveloveride\\\/la-icasquedate-une-journee-moto-a-la-cool\\\/#primaryimage\",\"url\":\"https:\\\/\\\/www.icasque.com\\\/liveloveride\\\/wp-content\\\/uploads\\\/2016\\\/03\\\/bandeau3.jpg\",\"contentUrl\":\"https:\\\/\\\/www.icasque.com\\\/liveloveride\\\/wp-content\\\/uploads\\\/2016\\\/03\\\/bandeau3.jpg\",\"width\":720,\"height\":319,\"caption\":\"bandeau3\"},{\"@type\":\"BreadcrumbList\",\"@id\":\"https:\\\/\\\/www.icasque.com\\\/liveloveride\\\/la-icasquedate-une-journee-moto-a-la-cool\\\/#breadcrumb\",\"itemListElement\":[{\"@type\":\"ListItem\",\"position\":1,\"name\":\"Accueil\",\"item\":\"https:\\\/\\\/www.icasque.com\\\/liveloveride\\\/\"},{\"@type\":\"ListItem\",\"position\":2,\"name\":\"La #ICASQUEDATE\u00a0? Une journ\u00e9e moto \u00e0 la cool\u2026\"}]},{\"@type\":\"WebSite\",\"@id\":\"https:\\\/\\\/www.icasque.com\\\/liveloveride\\\/#website\",\"url\":\"https:\\\/\\\/www.icasque.com\\\/liveloveride\\\/\",\"name\":\"Le blog iCasque\",\"description\":\"Le blog moto\",\"publisher\":{\"@id\":\"https:\\\/\\\/www.icasque.com\\\/liveloveride\\\/#organization\"},\"potentialAction\":[{\"@type\":\"SearchAction\",\"target\":{\"@type\":\"EntryPoint\",\"urlTemplate\":\"https:\\\/\\\/www.icasque.com\\\/liveloveride\\\/?s={search_term_string}\"},\"query-input\":{\"@type\":\"PropertyValueSpecification\",\"valueRequired\":true,\"valueName\":\"search_term_string\"}}],\"inLanguage\":\"fr-FR\"},{\"@type\":\"Organization\",\"@id\":\"https:\\\/\\\/www.icasque.com\\\/liveloveride\\\/#organization\",\"name\":\"ICC\",\"url\":\"https:\\\/\\\/www.icasque.com\\\/liveloveride\\\/\",\"logo\":{\"@type\":\"ImageObject\",\"inLanguage\":\"fr-FR\",\"@id\":\"https:\\\/\\\/www.icasque.com\\\/liveloveride\\\/#\\\/schema\\\/logo\\\/image\\\/\",\"url\":\"https:\\\/\\\/www.icasque.com\\\/liveloveride\\\/wp-content\\\/uploads\\\/2018\\\/02\\\/logo-icasque_1200x1200-e1519038889300.jpg\",\"contentUrl\":\"https:\\\/\\\/www.icasque.com\\\/liveloveride\\\/wp-content\\\/uploads\\\/2018\\\/02\\\/logo-icasque_1200x1200-e1519038889300.jpg\",\"width\":150,\"height\":150,\"caption\":\"ICC\"},\"image\":{\"@id\":\"https:\\\/\\\/www.icasque.com\\\/liveloveride\\\/#\\\/schema\\\/logo\\\/image\\\/\"}},{\"@type\":\"Person\",\"@id\":\"https:\\\/\\\/www.icasque.com\\\/liveloveride\\\/#\\\/schema\\\/person\\\/b657f18d5ceaba6523b1f9bab6d3c06a\",\"name\":\"Fred\",\"image\":{\"@type\":\"ImageObject\",\"inLanguage\":\"fr-FR\",\"@id\":\"https:\\\/\\\/secure.gravatar.com\\\/avatar\\\/f9fc1bcd484dd9a5ab01398f62601a12191509fd5e636c45837ff57b7078aac6?s=96&d=mm&r=g\",\"url\":\"https:\\\/\\\/secure.gravatar.com\\\/avatar\\\/f9fc1bcd484dd9a5ab01398f62601a12191509fd5e636c45837ff57b7078aac6?s=96&d=mm&r=g\",\"contentUrl\":\"https:\\\/\\\/secure.gravatar.com\\\/avatar\\\/f9fc1bcd484dd9a5ab01398f62601a12191509fd5e636c45837ff57b7078aac6?s=96&d=mm&r=g\",\"caption\":\"Fred\"},\"url\":\"https:\\\/\\\/www.icasque.com\\\/liveloveride\\\/author\\\/fred\\\/\"}]}<\/script>\n<!-- \/ Yoast SEO plugin. -->","yoast_head_json":{"title":"La #ICASQUEDATE\u00a0? Une journ\u00e9e moto \u00e0 la cool\u2026 - Le blog iCasque","robots":{"index":"index","follow":"follow","max-snippet":"max-snippet:-1","max-image-preview":"max-image-preview:large","max-video-preview":"max-video-preview:-1"},"canonical":"https:\/\/www.icasque.com\/liveloveride\/la-icasquedate-une-journee-moto-a-la-cool\/","og_locale":"fr_FR","og_type":"article","og_title":"La #ICASQUEDATE\u00a0? Une journ\u00e9e moto \u00e0 la cool\u2026 - Le blog iCasque","og_description":"Pas de superflu pour la ICASQUEDATE, de la moto, des potos, des barres de rire, des doigts de pieds en \u00e9ventail, du son et encore de la moto\u00a0! Bien s\u00fbr, le climat M\u00e9diterran\u00e9en nous apportera chaleur et l\u00e9g\u00e8ret\u00e9 car on ne va pas se prendre au s\u00e9rieux.","og_url":"https:\/\/www.icasque.com\/liveloveride\/la-icasquedate-une-journee-moto-a-la-cool\/","og_site_name":"Le blog iCasque","article_published_time":"2016-03-31T08:55:46+00:00","article_modified_time":"2020-09-11T16:15:12+00:00","og_image":[{"width":720,"height":319,"url":"https:\/\/www.icasque.com\/liveloveride\/wp-content\/uploads\/2016\/03\/bandeau3.jpg","type":"image\/jpeg"}],"author":"Fred","twitter_card":"summary_large_image","twitter_misc":{"\u00c9crit par":"Fred","Dur\u00e9e de lecture estim\u00e9e":"5 minutes"},"schema":{"@context":"https:\/\/schema.org","@graph":[{"@type":"Article","@id":"https:\/\/www.icasque.com\/liveloveride\/la-icasquedate-une-journee-moto-a-la-cool\/#article","isPartOf":{"@id":"https:\/\/www.icasque.com\/liveloveride\/la-icasquedate-une-journee-moto-a-la-cool\/"},"author":{"name":"Fred","@id":"https:\/\/www.icasque.com\/liveloveride\/#\/schema\/person\/b657f18d5ceaba6523b1f9bab6d3c06a"},"headline":"La #ICASQUEDATE\u00a0? Une journ\u00e9e moto \u00e0 la cool\u2026","datePublished":"2016-03-31T08:55:46+00:00","dateModified":"2020-09-11T16:15:12+00:00","mainEntityOfPage":{"@id":"https:\/\/www.icasque.com\/liveloveride\/la-icasquedate-une-journee-moto-a-la-cool\/"},"wordCount":929,"commentCount":2,"publisher":{"@id":"https:\/\/www.icasque.com\/liveloveride\/#organization"},"image":{"@id":"https:\/\/www.icasque.com\/liveloveride\/la-icasquedate-une-journee-moto-a-la-cool\/#primaryimage"},"thumbnailUrl":"https:\/\/www.icasque.com\/liveloveride\/wp-content\/uploads\/2016\/03\/bandeau3.jpg","keywords":["#icasquedate"],"articleSection":["#ICASQUEDATE","#ICASQUEDATE 2016"],"inLanguage":"fr-FR","potentialAction":[{"@type":"CommentAction","name":"Comment","target":["https:\/\/www.icasque.com\/liveloveride\/la-icasquedate-une-journee-moto-a-la-cool\/#respond"]}]},{"@type":"WebPage","@id":"https:\/\/www.icasque.com\/liveloveride\/la-icasquedate-une-journee-moto-a-la-cool\/","url":"https:\/\/www.icasque.com\/liveloveride\/la-icasquedate-une-journee-moto-a-la-cool\/","name":"La #ICASQUEDATE\u00a0? Une journ\u00e9e moto \u00e0 la cool\u2026 - Le blog iCasque","isPartOf":{"@id":"https:\/\/www.icasque.com\/liveloveride\/#website"},"primaryImageOfPage":{"@id":"https:\/\/www.icasque.com\/liveloveride\/la-icasquedate-une-journee-moto-a-la-cool\/#primaryimage"},"image":{"@id":"https:\/\/www.icasque.com\/liveloveride\/la-icasquedate-une-journee-moto-a-la-cool\/#primaryimage"},"thumbnailUrl":"https:\/\/www.icasque.com\/liveloveride\/wp-content\/uploads\/2016\/03\/bandeau3.jpg","datePublished":"2016-03-31T08:55:46+00:00","dateModified":"2020-09-11T16:15:12+00:00","breadcrumb":{"@id":"https:\/\/www.icasque.com\/liveloveride\/la-icasquedate-une-journee-moto-a-la-cool\/#breadcrumb"},"inLanguage":"fr-FR","potentialAction":[{"@type":"ReadAction","target":["https:\/\/www.icasque.com\/liveloveride\/la-icasquedate-une-journee-moto-a-la-cool\/"]}]},{"@type":"ImageObject","inLanguage":"fr-FR","@id":"https:\/\/www.icasque.com\/liveloveride\/la-icasquedate-une-journee-moto-a-la-cool\/#primaryimage","url":"https:\/\/www.icasque.com\/liveloveride\/wp-content\/uploads\/2016\/03\/bandeau3.jpg","contentUrl":"https:\/\/www.icasque.com\/liveloveride\/wp-content\/uploads\/2016\/03\/bandeau3.jpg","width":720,"height":319,"caption":"bandeau3"},{"@type":"BreadcrumbList","@id":"https:\/\/www.icasque.com\/liveloveride\/la-icasquedate-une-journee-moto-a-la-cool\/#breadcrumb","itemListElement":[{"@type":"ListItem","position":1,"name":"Accueil","item":"https:\/\/www.icasque.com\/liveloveride\/"},{"@type":"ListItem","position":2,"name":"La #ICASQUEDATE\u00a0? Une journ\u00e9e moto \u00e0 la cool\u2026"}]},{"@type":"WebSite","@id":"https:\/\/www.icasque.com\/liveloveride\/#website","url":"https:\/\/www.icasque.com\/liveloveride\/","name":"Le blog iCasque","description":"Le blog moto","publisher":{"@id":"https:\/\/www.icasque.com\/liveloveride\/#organization"},"potentialAction":[{"@type":"SearchAction","target":{"@type":"EntryPoint","urlTemplate":"https:\/\/www.icasque.com\/liveloveride\/?s={search_term_string}"},"query-input":{"@type":"PropertyValueSpecification","valueRequired":true,"valueName":"search_term_string"}}],"inLanguage":"fr-FR"},{"@type":"Organization","@id":"https:\/\/www.icasque.com\/liveloveride\/#organization","name":"ICC","url":"https:\/\/www.icasque.com\/liveloveride\/","logo":{"@type":"ImageObject","inLanguage":"fr-FR","@id":"https:\/\/www.icasque.com\/liveloveride\/#\/schema\/logo\/image\/","url":"https:\/\/www.icasque.com\/liveloveride\/wp-content\/uploads\/2018\/02\/logo-icasque_1200x1200-e1519038889300.jpg","contentUrl":"https:\/\/www.icasque.com\/liveloveride\/wp-content\/uploads\/2018\/02\/logo-icasque_1200x1200-e1519038889300.jpg","width":150,"height":150,"caption":"ICC"},"image":{"@id":"https:\/\/www.icasque.com\/liveloveride\/#\/schema\/logo\/image\/"}},{"@type":"Person","@id":"https:\/\/www.icasque.com\/liveloveride\/#\/schema\/person\/b657f18d5ceaba6523b1f9bab6d3c06a","name":"Fred","image":{"@type":"ImageObject","inLanguage":"fr-FR","@id":"https:\/\/secure.gravatar.com\/avatar\/f9fc1bcd484dd9a5ab01398f62601a12191509fd5e636c45837ff57b7078aac6?s=96&d=mm&r=g","url":"https:\/\/secure.gravatar.com\/avatar\/f9fc1bcd484dd9a5ab01398f62601a12191509fd5e636c45837ff57b7078aac6?s=96&d=mm&r=g","contentUrl":"https:\/\/secure.gravatar.com\/avatar\/f9fc1bcd484dd9a5ab01398f62601a12191509fd5e636c45837ff57b7078aac6?s=96&d=mm&r=g","caption":"Fred"},"url":"https:\/\/www.icasque.com\/liveloveride\/author\/fred\/"}]}},"modified_by":"Pierre","_links":{"self":[{"href":"https:\/\/www.icasque.com\/liveloveride\/wp-json\/wp\/v2\/posts\/3561","targetHints":{"allow":["GET"]}}],"collection":[{"href":"https:\/\/www.icasque.com\/liveloveride\/wp-json\/wp\/v2\/posts"}],"about":[{"href":"https:\/\/www.icasque.com\/liveloveride\/wp-json\/wp\/v2\/types\/post"}],"author":[{"embeddable":true,"href":"https:\/\/www.icasque.com\/liveloveride\/wp-json\/wp\/v2\/users\/5"}],"replies":[{"embeddable":true,"href":"https:\/\/www.icasque.com\/liveloveride\/wp-json\/wp\/v2\/comments?post=3561"}],"version-history":[{"count":3,"href":"https:\/\/www.icasque.com\/liveloveride\/wp-json\/wp\/v2\/posts\/3561\/revisions"}],"predecessor-version":[{"id":9863,"href":"https:\/\/www.icasque.com\/liveloveride\/wp-json\/wp\/v2\/posts\/3561\/revisions\/9863"}],"wp:featuredmedia":[{"embeddable":true,"href":"https:\/\/www.icasque.com\/liveloveride\/wp-json\/wp\/v2\/media\/3570"}],"wp:attachment":[{"href":"https:\/\/www.icasque.com\/liveloveride\/wp-json\/wp\/v2\/media?parent=3561"}],"wp:term":[{"taxonomy":"category","embeddable":true,"href":"https:\/\/www.icasque.com\/liveloveride\/wp-json\/wp\/v2\/categories?post=3561"},{"taxonomy":"post_tag","embeddable":true,"href":"https:\/\/www.icasque.com\/liveloveride\/wp-json\/wp\/v2\/tags?post=3561"}],"curies":[{"name":"wp","href":"https:\/\/api.w.org\/{rel}","templated":true}]}}