{"id":4254,"date":"2017-06-20T14:30:40","date_gmt":"2017-06-20T12:30:40","guid":{"rendered":"http:\/\/blog.icasque.com\/?p=4254"},"modified":"2018-03-19T15:10:15","modified_gmt":"2018-03-19T14:10:15","slug":"assortir-moto-et-equipement-pour-ou-contre","status":"publish","type":"post","link":"https:\/\/www.icasque.com\/liveloveride\/assortir-moto-et-equipement-pour-ou-contre\/","title":{"rendered":"Assortir moto et \u00e9quipement, pour ou contre ?"},"content":{"rendered":"<p>Comme vous le savez d\u00e9j\u00e0 (ou pas) chez iCasque nous sommes motards de <a href=\"http:\/\/www.icasque.com\/aide\/about.php\">g\u00e9n\u00e9ration en g\u00e9n\u00e9ration<\/a> et comme nous n\u2019avons pas de babyfoot dans les bureaux, on parle surtout moto\u00a0! Parfois des sujets s\u00e9rieux, souvent des d\u00e9lires, on \u00e9change des\u00a0<a href=\"https:\/\/www.icasque.com\/liveloveride\/5-astuces-pour-rouler-au-frais-cet-ete\/\">astuces moto<\/a> et on va m\u00eame jusqu\u2019aux sujets les plus inavouables comme les questions de style ou de look.<\/p>\n<p>Voil\u00e0 c\u2019est dit, au bureau \u00e7a discute aussi style\u00a0! On d\u00e9cide m\u00eame d\u2019assumer jusqu\u2019au bout et de partager avec vous la vie de l\u2019open-space, du moins une partie, on ne peut pas tout vous dire non plus\u00a0!<br \/>\n<!--more--><\/p>\n<p>En d\u00e9but de semaine, Amaury, le petit jeunot de la team arrive avec le smile des meilleurs jours\u00a0et nous annonce qu\u2019il a trouv\u00e9 un acheteur pour sa Honda CB 500F de 2013, ce qui va lui permettre de devenir l\u2019heureux propri\u00e9taire de la nouvelle CB650F qu\u2019il a choisi dans le coloris rouge &#8220;Millennium&#8221; pour un style plus sportif et moins salissant que son ancienne monture de couleur blanche.<\/p>\n<p>Inutile de vous dire qu\u2019il est surexcit\u00e9 le petiot\u00a0! Dans la foul\u00e9e, il a tr\u00e8s envie de changer son Scorpion Exo 2000 Air blanc par un <a href=\"http:\/\/www.icasque.com\/Casque-moto\/couleur-rouge\/\">casque de moto rouge<\/a> pour un look 100% assorti. D\u2019ailleurs, si vous avez envie de lui recommander un mod\u00e8le, n\u2019h\u00e9sitez pas \u00e0 lui en faire-part dans les commentaires.<\/p>\n<p>Finalement, c\u2019est vrai, quand on y pense, la couleur exerce une influence importante dans le monde de la moto, il suffit de regarder la ligne de d\u00e9part des MotoGP, \u00e7a saute imm\u00e9diatement aux yeux, chaque marque de moto \u00e0 une couleur qui lui donne une identit\u00e9 forte et bien que nous ne soyons pas tous des pilotes de Grand Prix oblig\u00e9s de s\u2019afficher aux couleurs de notre \u00e9curie, nous exprimons une part de notre personnalit\u00e9 au travers de la couleur de notre b\u00e9cane et de notre \u00e9quipement.<\/p>\n<p>H\u00e9 oui, je vous le disais, on ne fait pas que d\u00e9conner chez iCasque, on se pose de vraies questions existentielles aussi\u00a0! Nous pensons m\u00eame qu\u2019Amaury s\u2019est tourn\u00e9 vers une monture rouge cette ann\u00e9e car il vient enfin de se maquer, \u00e7a lui donne des ailes\u00a0et il voulait une couleur qui en impose, \u00e0 l\u2019image d\u2019Austin St. John, le chef des Power Rangers\u00a0!<\/p>\n<p>Apr\u00e8s c\u2019est vrai qu\u2019il existe des KTM vertes et des KAWASAKI orange mais franchement quand on \u00e9voque les marques de moto, il y a forc\u00e9ment une couleur qui nous vient en t\u00eate imm\u00e9diatement.<\/p>\n<p>Aussi, notre \u00e9quipement moto c\u2019est un peu comme notre armure alors \u00e0 l\u2019image des Bioman, Power Rangers et autres super-h\u00e9ros, on veut une couleur qui nous repr\u00e9sente. Non\u00a0?<\/p>\n<p>Bon ok, l\u00e0 on se dit qu&#8217;on nage peut-\u00eatre en plein d\u00e9lire et que les <a href=\"http:\/\/www.icasque.com\/Casque-moto\/couleur-noir\/\">casques noir<\/a> et les <a href=\"http:\/\/www.icasque.com\/Casque-moto\/couleur-blanc\/\">casques blanc<\/a>\u00a0 restent quand m\u00eame un best-seller, du coup, nous avons d\u00e9cid\u00e9 de vous interroger sur les r\u00e9seaux sociaux pour en savoir davantage sur vos pr\u00e9occupations colorim\u00e9triques. Et voici ce qui en ressort\u00a0!<\/p>\n<p>Tout d\u2019abord lorsqu&#8217;on vous demande si vous faites partie de ceux qui assortissent moto et \u00e9quipement, vous \u00eates 67% \u00e0 r\u00e9pondre OUI\u00a0!<\/p>\n<p><img fetchpriority=\"high\" decoding=\"async\" class=\"alignnone size-full wp-image-4256 aligncenter\" src=\"https:\/\/www.icasque.com\/liveloveride\/wp-content\/uploads\/2017\/06\/Capture-d\u2019e\u0301cran-2017-06-20-a\u0300-14.00.07.png\" alt=\"\" width=\"1001\" height=\"638\" \/><\/p>\n<p>Qu\u2019on se le dise, le choix du matos moto est tout aussi important que celui de votre tenue lors d\u2019un premier rendez-vous meetic.<\/p>\n<p>Chez les twittos, pareil, 73% des participants pensent que c\u2019est la classe d\u2019avoir moto et \u00e9quipement dans les m\u00eames coloris\u00a0et franchement nous sommes bien d\u2019accord avec <a href=\"https:\/\/twitter.com\/GlgReviews?lang=fr\">@greglegeek<\/a>, son casque noir et orange est total raccord avec sa KTM et \u00e7a claque\u00a0!<\/p>\n<p><img decoding=\"async\" class=\"size-full wp-image-4257 aligncenter\" src=\"https:\/\/www.icasque.com\/liveloveride\/wp-content\/uploads\/2017\/06\/Capture-d\u2019e\u0301cran-2017-06-20-a\u0300-14.02.06.png\" alt=\"\" width=\"586\" height=\"241\" \/><\/p>\n<p><img decoding=\"async\" class=\"size-full wp-image-4258 aligncenter\" src=\"https:\/\/www.icasque.com\/liveloveride\/wp-content\/uploads\/2017\/06\/greglegeek-ktm.png\" alt=\"\" width=\"944\" height=\"608\" \/><\/p>\n<p>Assortir moto et \u00e9quipement, c\u2019est une question de style pour la majorit\u00e9 mais pas que\u2026 Puisque pour 65% des r\u00e9pondants c\u2019est \u00e9galement un gain de visibilit\u00e9 et donc de s\u00e9curit\u00e9.<\/p>\n<p><img loading=\"lazy\" decoding=\"async\" class=\"size-large wp-image-4260 aligncenter\" src=\"https:\/\/www.icasque.com\/liveloveride\/wp-content\/uploads\/2017\/06\/Capture-d\u2019e\u0301cran-2017-06-20-a\u0300-14.06.37-1024x622.png\" alt=\"\" width=\"604\" height=\"367\" \/><\/p>\n<p>Il existe d\u2019ailleurs des <a href=\"http:\/\/www.icasque.com\/casques-haute-visibilite-fluo.html\">casques haute visibilit\u00e9<\/a> qui font la part belle aux coloris flashy mais pour ceux qui pr\u00e9f\u00e8rent rester sur des casques noir ou noir mat, il existe m\u00eame un mod\u00e8le chez <a href=\"http:\/\/www.icasque.com\/Casque-moto\/Integral\/\">Shark, l&#8217;int\u00e9gral Skwal <\/a>qui int\u00e8gre des LEDs pour augmenter votre visibilit\u00e9 sur la route, sans pour autant avoir besoin d\u2019opter pour un \u00e9quipement color\u00e9.<\/p>\n<p>Quand on vous interroge sur votre couleur de casque pr\u00e9f\u00e9r\u00e9e, sans grosse surprise pour nous, c\u2019est la couleur noir qui se hisse sur la plus haute marche du podium, suivie du rouge et \u2026 Du jaune\u00a0! Pour ce coup, le p\u2019tit dernier du TOP 3 a cr\u00e9\u00e9 l\u2019effet de surprise\u00a0! On ne s\u2019y attendait pas. Un palmar\u00e8s qui finira peut-\u00eatre de convaincre <a href=\"https:\/\/twitter.com\/ASO_photography?lang=fr\">@ASO_photography<\/a> qui est r\u00e9ticent \u00e0 porter du jaune\u2026 Canari bien s\u00fbr\u00a0!<\/p>\n<p><img loading=\"lazy\" decoding=\"async\" alt=\"Capture d\u2019e\u0301cran 2017 06 20 a\u0300 14.02.06\" class=\"wp-image-4263\"aligncenter\" src=\"https:\/\/www.icasque.com\/liveloveride\/wp-content\/uploads\/2017\/06\/jaune-canari.png\"  width=\"944\" height=\"627\" \/><\/p>\n<p>Parmi ceux qui r\u00e9pondent NON, c\u2019est bien souvent l\u2019aspect financier qui est mis en avant.<\/p>\n<p>Ils privil\u00e9gient des couleurs neutres et sobres pour que leur tenue s\u2019accorde avec tout et ainsi \u00e9viter de renouveler leur \u00e9quipement lorsqu\u2019ils changent de moto.<\/p>\n<p><img loading=\"lazy\" decoding=\"async\" alt=\"1200x627 v1\" class=\"wp-image-426\"\" src=\"https:\/\/www.icasque.com\/liveloveride\/wp-content\/uploads\/2017\/06\/frein-1.png\"  width=\"944\" height=\"207\" \/> <img loading=\"lazy\" decoding=\"async\" alt=\"Capture d\u2019e\u0301cran 2017 06 20 a\u0300 14.00.07\" class=\"wp-image-426\"\" src=\"https:\/\/www.icasque.com\/liveloveride\/wp-content\/uploads\/2017\/06\/frein-2.png\"  width=\"944\" height=\"332\" \/><\/p>\n<p>Il est vrai que ce qui est emb\u00eatant avec les passions c\u2019est qu\u2019on doit leur consacrer un budget\u2026 Remarquez, mieux vaut \u00eatre passionn\u00e9 de moto et creuser son d\u00e9ficit personnel pour un max de plaisir plut\u00f4t que d\u2019\u00eatre philat\u00e9liste et mettre le prix d\u2019une b\u00e9cane d\u2019occas (voire neuve) dans une planche de timbres\u00a0! Vous ne pensez-pas\u00a0?<\/p>\n<p><img loading=\"lazy\" decoding=\"async\" alt=\"greglegeek ktm\" class=\"wp-image-4264\"aligncenter\" src=\"https:\/\/www.icasque.com\/liveloveride\/wp-content\/uploads\/2017\/06\/philateliste.png\"  width=\"944\" height=\"484\" \/><\/p>\n<p>Alors pour r\u00e9sumer, ce que l\u2019on retient c\u2019est qu\u2019avoir un look 100% assorti, \u00e7a plait \u00e0 la plupart d\u2019entre vous m\u00eame si la question du budget fait h\u00e9siter certains d\u2019entre vous\u00a0!<\/p>\n<p>Chez iCasque, on aime vous faire plaisir alors on ne vous offrira pas une planche de vieux timbres \u00e0 collectionner mais on vous a pr\u00e9par\u00e9 une <a href=\"http:\/\/www.icasque.com\/\">s\u00e9lection de casques haute en couleurs<\/a>\u00a0, des prix tr\u00e8s sympas qui n\u2019auront aucune raison de vous faire rougir si vous craquer sur du nouveau matos\u00a0!<\/p>\n<p>Merci \u00e0 tous les participants du sondage !<\/p>\n<p>V<\/p>\n<p>&nbsp;<\/p>\n","protected":false},"excerpt":{"rendered":"<p>Comme vous le savez d\u00e9j\u00e0 (ou pas) chez iCasque nous sommes motards de g\u00e9n\u00e9ration en g\u00e9n\u00e9ration et comme nous n\u2019avons pas de babyfoot dans les bureaux, on parle surtout moto\u00a0! Parfois des sujets s\u00e9rieux, souvent des d\u00e9lires, on \u00e9change des\u00a0astuces moto et on va m\u00eame jusqu\u2019aux sujets les plus inavouables comme les questions de style [&hellip;]<\/p>\n","protected":false},"author":6,"featured_media":4261,"comment_status":"open","ping_status":"open","sticky":false,"template":"","format":"standard","meta":{"_lmt_disableupdate":"","_lmt_disable":"","footnotes":""},"categories":[201,202],"tags":[],"class_list":["post-4254","post","type-post","status-publish","format-standard","has-post-thumbnail","hentry","category-bien-sequiper","category-equipement-moto"],"yoast_head":"<!-- This site is optimized with the Yoast SEO plugin v27.5 - https:\/\/yoast.com\/product\/yoast-seo-wordpress\/ -->\n<title>Assortir moto et \u00e9quipement, pour ou contre ? - Le blog iCasque<\/title>\n<meta name=\"robots\" content=\"index, follow, max-snippet:-1, max-image-preview:large, max-video-preview:-1\" \/>\n<link rel=\"canonical\" href=\"https:\/\/www.icasque.com\/liveloveride\/assortir-moto-et-equipement-pour-ou-contre\/\" \/>\n<meta property=\"og:locale\" content=\"fr_FR\" \/>\n<meta property=\"og:type\" content=\"article\" \/>\n<meta property=\"og:title\" content=\"Assortir moto et \u00e9quipement, pour ou contre ? - Le blog iCasque\" \/>\n<meta property=\"og:description\" content=\"Comme vous le savez d\u00e9j\u00e0 (ou pas) chez iCasque nous sommes motards de g\u00e9n\u00e9ration en g\u00e9n\u00e9ration et comme nous n\u2019avons pas de babyfoot dans les bureaux, on parle surtout moto\u00a0! Parfois des sujets s\u00e9rieux, souvent des d\u00e9lires, on \u00e9change des\u00a0astuces moto et on va m\u00eame jusqu\u2019aux sujets les plus inavouables comme les questions de style [&hellip;]\" \/>\n<meta property=\"og:url\" content=\"https:\/\/www.icasque.com\/liveloveride\/assortir-moto-et-equipement-pour-ou-contre\/\" \/>\n<meta property=\"og:site_name\" content=\"Le blog iCasque\" \/>\n<meta property=\"article:published_time\" content=\"2017-06-20T12:30:40+00:00\" \/>\n<meta property=\"article:modified_time\" content=\"2018-03-19T14:10:15+00:00\" \/>\n<meta property=\"og:image\" content=\"https:\/\/www.icasque.com\/liveloveride\/wp-content\/uploads\/2017\/06\/1200x627_v1.jpg\" \/>\n\t<meta property=\"og:image:width\" content=\"1200\" \/>\n\t<meta property=\"og:image:height\" content=\"627\" \/>\n\t<meta property=\"og:image:type\" content=\"image\/jpeg\" \/>\n<meta name=\"author\" content=\"Emma\" \/>\n<meta name=\"twitter:card\" content=\"summary_large_image\" \/>\n<meta name=\"twitter:label1\" content=\"\u00c9crit par\" \/>\n\t<meta name=\"twitter:data1\" content=\"Emma\" \/>\n\t<meta name=\"twitter:label2\" content=\"Dur\u00e9e de lecture estim\u00e9e\" \/>\n\t<meta name=\"twitter:data2\" content=\"5 minutes\" \/>\n<script type=\"application\/ld+json\" class=\"yoast-schema-graph\">{\"@context\":\"https:\\\/\\\/schema.org\",\"@graph\":[{\"@type\":\"Article\",\"@id\":\"https:\\\/\\\/www.icasque.com\\\/liveloveride\\\/assortir-moto-et-equipement-pour-ou-contre\\\/#article\",\"isPartOf\":{\"@id\":\"https:\\\/\\\/www.icasque.com\\\/liveloveride\\\/assortir-moto-et-equipement-pour-ou-contre\\\/\"},\"author\":{\"name\":\"Emma\",\"@id\":\"https:\\\/\\\/www.icasque.com\\\/liveloveride\\\/#\\\/schema\\\/person\\\/2de757ae253b9a58805c9464e8b2e1f4\"},\"headline\":\"Assortir moto et \u00e9quipement, pour ou contre ?\",\"datePublished\":\"2017-06-20T12:30:40+00:00\",\"dateModified\":\"2018-03-19T14:10:15+00:00\",\"mainEntityOfPage\":{\"@id\":\"https:\\\/\\\/www.icasque.com\\\/liveloveride\\\/assortir-moto-et-equipement-pour-ou-contre\\\/\"},\"wordCount\":914,\"commentCount\":0,\"publisher\":{\"@id\":\"https:\\\/\\\/www.icasque.com\\\/liveloveride\\\/#organization\"},\"image\":{\"@id\":\"https:\\\/\\\/www.icasque.com\\\/liveloveride\\\/assortir-moto-et-equipement-pour-ou-contre\\\/#primaryimage\"},\"thumbnailUrl\":\"https:\\\/\\\/www.icasque.com\\\/liveloveride\\\/wp-content\\\/uploads\\\/2017\\\/06\\\/1200x627_v1.jpg\",\"articleSection\":[\"Bien s'\u00e9quiper\",\"Equipement moto\"],\"inLanguage\":\"fr-FR\",\"potentialAction\":[{\"@type\":\"CommentAction\",\"name\":\"Comment\",\"target\":[\"https:\\\/\\\/www.icasque.com\\\/liveloveride\\\/assortir-moto-et-equipement-pour-ou-contre\\\/#respond\"]}]},{\"@type\":\"WebPage\",\"@id\":\"https:\\\/\\\/www.icasque.com\\\/liveloveride\\\/assortir-moto-et-equipement-pour-ou-contre\\\/\",\"url\":\"https:\\\/\\\/www.icasque.com\\\/liveloveride\\\/assortir-moto-et-equipement-pour-ou-contre\\\/\",\"name\":\"Assortir moto et \u00e9quipement, pour ou contre ? - Le blog iCasque\",\"isPartOf\":{\"@id\":\"https:\\\/\\\/www.icasque.com\\\/liveloveride\\\/#website\"},\"primaryImageOfPage\":{\"@id\":\"https:\\\/\\\/www.icasque.com\\\/liveloveride\\\/assortir-moto-et-equipement-pour-ou-contre\\\/#primaryimage\"},\"image\":{\"@id\":\"https:\\\/\\\/www.icasque.com\\\/liveloveride\\\/assortir-moto-et-equipement-pour-ou-contre\\\/#primaryimage\"},\"thumbnailUrl\":\"https:\\\/\\\/www.icasque.com\\\/liveloveride\\\/wp-content\\\/uploads\\\/2017\\\/06\\\/1200x627_v1.jpg\",\"datePublished\":\"2017-06-20T12:30:40+00:00\",\"dateModified\":\"2018-03-19T14:10:15+00:00\",\"breadcrumb\":{\"@id\":\"https:\\\/\\\/www.icasque.com\\\/liveloveride\\\/assortir-moto-et-equipement-pour-ou-contre\\\/#breadcrumb\"},\"inLanguage\":\"fr-FR\",\"potentialAction\":[{\"@type\":\"ReadAction\",\"target\":[\"https:\\\/\\\/www.icasque.com\\\/liveloveride\\\/assortir-moto-et-equipement-pour-ou-contre\\\/\"]}]},{\"@type\":\"ImageObject\",\"inLanguage\":\"fr-FR\",\"@id\":\"https:\\\/\\\/www.icasque.com\\\/liveloveride\\\/assortir-moto-et-equipement-pour-ou-contre\\\/#primaryimage\",\"url\":\"https:\\\/\\\/www.icasque.com\\\/liveloveride\\\/wp-content\\\/uploads\\\/2017\\\/06\\\/1200x627_v1.jpg\",\"contentUrl\":\"https:\\\/\\\/www.icasque.com\\\/liveloveride\\\/wp-content\\\/uploads\\\/2017\\\/06\\\/1200x627_v1.jpg\",\"width\":1200,\"height\":627,\"caption\":\"1200x627 v1\"},{\"@type\":\"BreadcrumbList\",\"@id\":\"https:\\\/\\\/www.icasque.com\\\/liveloveride\\\/assortir-moto-et-equipement-pour-ou-contre\\\/#breadcrumb\",\"itemListElement\":[{\"@type\":\"ListItem\",\"position\":1,\"name\":\"Accueil\",\"item\":\"https:\\\/\\\/www.icasque.com\\\/liveloveride\\\/\"},{\"@type\":\"ListItem\",\"position\":2,\"name\":\"Assortir moto et \u00e9quipement, pour ou contre ?\"}]},{\"@type\":\"WebSite\",\"@id\":\"https:\\\/\\\/www.icasque.com\\\/liveloveride\\\/#website\",\"url\":\"https:\\\/\\\/www.icasque.com\\\/liveloveride\\\/\",\"name\":\"Le blog iCasque\",\"description\":\"Le blog moto\",\"publisher\":{\"@id\":\"https:\\\/\\\/www.icasque.com\\\/liveloveride\\\/#organization\"},\"potentialAction\":[{\"@type\":\"SearchAction\",\"target\":{\"@type\":\"EntryPoint\",\"urlTemplate\":\"https:\\\/\\\/www.icasque.com\\\/liveloveride\\\/?s={search_term_string}\"},\"query-input\":{\"@type\":\"PropertyValueSpecification\",\"valueRequired\":true,\"valueName\":\"search_term_string\"}}],\"inLanguage\":\"fr-FR\"},{\"@type\":\"Organization\",\"@id\":\"https:\\\/\\\/www.icasque.com\\\/liveloveride\\\/#organization\",\"name\":\"ICC\",\"url\":\"https:\\\/\\\/www.icasque.com\\\/liveloveride\\\/\",\"logo\":{\"@type\":\"ImageObject\",\"inLanguage\":\"fr-FR\",\"@id\":\"https:\\\/\\\/www.icasque.com\\\/liveloveride\\\/#\\\/schema\\\/logo\\\/image\\\/\",\"url\":\"https:\\\/\\\/www.icasque.com\\\/liveloveride\\\/wp-content\\\/uploads\\\/2018\\\/02\\\/logo-icasque_1200x1200-e1519038889300.jpg\",\"contentUrl\":\"https:\\\/\\\/www.icasque.com\\\/liveloveride\\\/wp-content\\\/uploads\\\/2018\\\/02\\\/logo-icasque_1200x1200-e1519038889300.jpg\",\"width\":150,\"height\":150,\"caption\":\"ICC\"},\"image\":{\"@id\":\"https:\\\/\\\/www.icasque.com\\\/liveloveride\\\/#\\\/schema\\\/logo\\\/image\\\/\"}},{\"@type\":\"Person\",\"@id\":\"https:\\\/\\\/www.icasque.com\\\/liveloveride\\\/#\\\/schema\\\/person\\\/2de757ae253b9a58805c9464e8b2e1f4\",\"name\":\"Emma\",\"image\":{\"@type\":\"ImageObject\",\"inLanguage\":\"fr-FR\",\"@id\":\"https:\\\/\\\/secure.gravatar.com\\\/avatar\\\/b4570b84d6b18971658ffdf44ea9372b63e2bdf4b09d9dcc08f9baf6923a1f86?s=96&d=mm&r=g\",\"url\":\"https:\\\/\\\/secure.gravatar.com\\\/avatar\\\/b4570b84d6b18971658ffdf44ea9372b63e2bdf4b09d9dcc08f9baf6923a1f86?s=96&d=mm&r=g\",\"contentUrl\":\"https:\\\/\\\/secure.gravatar.com\\\/avatar\\\/b4570b84d6b18971658ffdf44ea9372b63e2bdf4b09d9dcc08f9baf6923a1f86?s=96&d=mm&r=g\",\"caption\":\"Emma\"},\"url\":\"https:\\\/\\\/www.icasque.com\\\/liveloveride\\\/author\\\/sophie\\\/\"}]}<\/script>\n<!-- \/ Yoast SEO plugin. -->","yoast_head_json":{"title":"Assortir moto et \u00e9quipement, pour ou contre ? - Le blog iCasque","robots":{"index":"index","follow":"follow","max-snippet":"max-snippet:-1","max-image-preview":"max-image-preview:large","max-video-preview":"max-video-preview:-1"},"canonical":"https:\/\/www.icasque.com\/liveloveride\/assortir-moto-et-equipement-pour-ou-contre\/","og_locale":"fr_FR","og_type":"article","og_title":"Assortir moto et \u00e9quipement, pour ou contre ? - Le blog iCasque","og_description":"Comme vous le savez d\u00e9j\u00e0 (ou pas) chez iCasque nous sommes motards de g\u00e9n\u00e9ration en g\u00e9n\u00e9ration et comme nous n\u2019avons pas de babyfoot dans les bureaux, on parle surtout moto\u00a0! Parfois des sujets s\u00e9rieux, souvent des d\u00e9lires, on \u00e9change des\u00a0astuces moto et on va m\u00eame jusqu\u2019aux sujets les plus inavouables comme les questions de style [&hellip;]","og_url":"https:\/\/www.icasque.com\/liveloveride\/assortir-moto-et-equipement-pour-ou-contre\/","og_site_name":"Le blog iCasque","article_published_time":"2017-06-20T12:30:40+00:00","article_modified_time":"2018-03-19T14:10:15+00:00","og_image":[{"width":1200,"height":627,"url":"https:\/\/www.icasque.com\/liveloveride\/wp-content\/uploads\/2017\/06\/1200x627_v1.jpg","type":"image\/jpeg"}],"author":"Emma","twitter_card":"summary_large_image","twitter_misc":{"\u00c9crit par":"Emma","Dur\u00e9e de lecture estim\u00e9e":"5 minutes"},"schema":{"@context":"https:\/\/schema.org","@graph":[{"@type":"Article","@id":"https:\/\/www.icasque.com\/liveloveride\/assortir-moto-et-equipement-pour-ou-contre\/#article","isPartOf":{"@id":"https:\/\/www.icasque.com\/liveloveride\/assortir-moto-et-equipement-pour-ou-contre\/"},"author":{"name":"Emma","@id":"https:\/\/www.icasque.com\/liveloveride\/#\/schema\/person\/2de757ae253b9a58805c9464e8b2e1f4"},"headline":"Assortir moto et \u00e9quipement, pour ou contre ?","datePublished":"2017-06-20T12:30:40+00:00","dateModified":"2018-03-19T14:10:15+00:00","mainEntityOfPage":{"@id":"https:\/\/www.icasque.com\/liveloveride\/assortir-moto-et-equipement-pour-ou-contre\/"},"wordCount":914,"commentCount":0,"publisher":{"@id":"https:\/\/www.icasque.com\/liveloveride\/#organization"},"image":{"@id":"https:\/\/www.icasque.com\/liveloveride\/assortir-moto-et-equipement-pour-ou-contre\/#primaryimage"},"thumbnailUrl":"https:\/\/www.icasque.com\/liveloveride\/wp-content\/uploads\/2017\/06\/1200x627_v1.jpg","articleSection":["Bien s'\u00e9quiper","Equipement moto"],"inLanguage":"fr-FR","potentialAction":[{"@type":"CommentAction","name":"Comment","target":["https:\/\/www.icasque.com\/liveloveride\/assortir-moto-et-equipement-pour-ou-contre\/#respond"]}]},{"@type":"WebPage","@id":"https:\/\/www.icasque.com\/liveloveride\/assortir-moto-et-equipement-pour-ou-contre\/","url":"https:\/\/www.icasque.com\/liveloveride\/assortir-moto-et-equipement-pour-ou-contre\/","name":"Assortir moto et \u00e9quipement, pour ou contre ? - Le blog iCasque","isPartOf":{"@id":"https:\/\/www.icasque.com\/liveloveride\/#website"},"primaryImageOfPage":{"@id":"https:\/\/www.icasque.com\/liveloveride\/assortir-moto-et-equipement-pour-ou-contre\/#primaryimage"},"image":{"@id":"https:\/\/www.icasque.com\/liveloveride\/assortir-moto-et-equipement-pour-ou-contre\/#primaryimage"},"thumbnailUrl":"https:\/\/www.icasque.com\/liveloveride\/wp-content\/uploads\/2017\/06\/1200x627_v1.jpg","datePublished":"2017-06-20T12:30:40+00:00","dateModified":"2018-03-19T14:10:15+00:00","breadcrumb":{"@id":"https:\/\/www.icasque.com\/liveloveride\/assortir-moto-et-equipement-pour-ou-contre\/#breadcrumb"},"inLanguage":"fr-FR","potentialAction":[{"@type":"ReadAction","target":["https:\/\/www.icasque.com\/liveloveride\/assortir-moto-et-equipement-pour-ou-contre\/"]}]},{"@type":"ImageObject","inLanguage":"fr-FR","@id":"https:\/\/www.icasque.com\/liveloveride\/assortir-moto-et-equipement-pour-ou-contre\/#primaryimage","url":"https:\/\/www.icasque.com\/liveloveride\/wp-content\/uploads\/2017\/06\/1200x627_v1.jpg","contentUrl":"https:\/\/www.icasque.com\/liveloveride\/wp-content\/uploads\/2017\/06\/1200x627_v1.jpg","width":1200,"height":627,"caption":"1200x627 v1"},{"@type":"BreadcrumbList","@id":"https:\/\/www.icasque.com\/liveloveride\/assortir-moto-et-equipement-pour-ou-contre\/#breadcrumb","itemListElement":[{"@type":"ListItem","position":1,"name":"Accueil","item":"https:\/\/www.icasque.com\/liveloveride\/"},{"@type":"ListItem","position":2,"name":"Assortir moto et \u00e9quipement, pour ou contre ?"}]},{"@type":"WebSite","@id":"https:\/\/www.icasque.com\/liveloveride\/#website","url":"https:\/\/www.icasque.com\/liveloveride\/","name":"Le blog iCasque","description":"Le blog moto","publisher":{"@id":"https:\/\/www.icasque.com\/liveloveride\/#organization"},"potentialAction":[{"@type":"SearchAction","target":{"@type":"EntryPoint","urlTemplate":"https:\/\/www.icasque.com\/liveloveride\/?s={search_term_string}"},"query-input":{"@type":"PropertyValueSpecification","valueRequired":true,"valueName":"search_term_string"}}],"inLanguage":"fr-FR"},{"@type":"Organization","@id":"https:\/\/www.icasque.com\/liveloveride\/#organization","name":"ICC","url":"https:\/\/www.icasque.com\/liveloveride\/","logo":{"@type":"ImageObject","inLanguage":"fr-FR","@id":"https:\/\/www.icasque.com\/liveloveride\/#\/schema\/logo\/image\/","url":"https:\/\/www.icasque.com\/liveloveride\/wp-content\/uploads\/2018\/02\/logo-icasque_1200x1200-e1519038889300.jpg","contentUrl":"https:\/\/www.icasque.com\/liveloveride\/wp-content\/uploads\/2018\/02\/logo-icasque_1200x1200-e1519038889300.jpg","width":150,"height":150,"caption":"ICC"},"image":{"@id":"https:\/\/www.icasque.com\/liveloveride\/#\/schema\/logo\/image\/"}},{"@type":"Person","@id":"https:\/\/www.icasque.com\/liveloveride\/#\/schema\/person\/2de757ae253b9a58805c9464e8b2e1f4","name":"Emma","image":{"@type":"ImageObject","inLanguage":"fr-FR","@id":"https:\/\/secure.gravatar.com\/avatar\/b4570b84d6b18971658ffdf44ea9372b63e2bdf4b09d9dcc08f9baf6923a1f86?s=96&d=mm&r=g","url":"https:\/\/secure.gravatar.com\/avatar\/b4570b84d6b18971658ffdf44ea9372b63e2bdf4b09d9dcc08f9baf6923a1f86?s=96&d=mm&r=g","contentUrl":"https:\/\/secure.gravatar.com\/avatar\/b4570b84d6b18971658ffdf44ea9372b63e2bdf4b09d9dcc08f9baf6923a1f86?s=96&d=mm&r=g","caption":"Emma"},"url":"https:\/\/www.icasque.com\/liveloveride\/author\/sophie\/"}]}},"modified_by":"Emma","_links":{"self":[{"href":"https:\/\/www.icasque.com\/liveloveride\/wp-json\/wp\/v2\/posts\/4254","targetHints":{"allow":["GET"]}}],"collection":[{"href":"https:\/\/www.icasque.com\/liveloveride\/wp-json\/wp\/v2\/posts"}],"about":[{"href":"https:\/\/www.icasque.com\/liveloveride\/wp-json\/wp\/v2\/types\/post"}],"author":[{"embeddable":true,"href":"https:\/\/www.icasque.com\/liveloveride\/wp-json\/wp\/v2\/users\/6"}],"replies":[{"embeddable":true,"href":"https:\/\/www.icasque.com\/liveloveride\/wp-json\/wp\/v2\/comments?post=4254"}],"version-history":[{"count":4,"href":"https:\/\/www.icasque.com\/liveloveride\/wp-json\/wp\/v2\/posts\/4254\/revisions"}],"predecessor-version":[{"id":5413,"href":"https:\/\/www.icasque.com\/liveloveride\/wp-json\/wp\/v2\/posts\/4254\/revisions\/5413"}],"wp:featuredmedia":[{"embeddable":true,"href":"https:\/\/www.icasque.com\/liveloveride\/wp-json\/wp\/v2\/media\/4261"}],"wp:attachment":[{"href":"https:\/\/www.icasque.com\/liveloveride\/wp-json\/wp\/v2\/media?parent=4254"}],"wp:term":[{"taxonomy":"category","embeddable":true,"href":"https:\/\/www.icasque.com\/liveloveride\/wp-json\/wp\/v2\/categories?post=4254"},{"taxonomy":"post_tag","embeddable":true,"href":"https:\/\/www.icasque.com\/liveloveride\/wp-json\/wp\/v2\/tags?post=4254"}],"curies":[{"name":"wp","href":"https:\/\/api.w.org\/{rel}","templated":true}]}}