{"id":6629,"date":"2018-08-09T18:44:03","date_gmt":"2018-08-09T16:44:03","guid":{"rendered":"https:\/\/blog.icasque.com\/?p=6629"},"modified":"2018-08-09T18:44:03","modified_gmt":"2018-08-09T16:44:03","slug":"alpes-aventure-motofestival-2018","status":"publish","type":"post","link":"https:\/\/www.icasque.com\/liveloveride\/alpes-aventure-motofestival-2018\/","title":{"rendered":"Alpes Aventure Motofestival : les trails envahissent \u00e0 nouveau l&#8217;une des plus belles r\u00e9gions moto de France !"},"content":{"rendered":"<p><strong>Un mois ! Il ne reste plus qu\u2019un mois avant le retour de l\u2019Alpes Aventure Motofestival du 7 au 9 septembre 2018. N\u2019oublie pas de le noter dans ton agenda. Ou sur ton calendrier Pirelli, c\u2019est au choix. L&#8217;ann\u00e9e derni\u00e8re, ce festival organis\u00e9 \u00e0 Barcelonnette a marqu\u00e9 le paysage moto en devenant le premier festival de la moto d&#8217;aventure et de voyage en France. L\u2019\u00e9dition inaugurale \u00e9tait une belle r\u00e9ussite et le mill\u00e9sime 2018 promet encore un superbe week-end de moto et de passion !<\/strong><\/p>\n<p><!--more--><\/p>\n<p>La re\u0301gion PACA continue de de\u0301velopper son identite\u0301 motarde. Barcelonnette est la charmante ville situe\u0301e au c\u0153ur de la Valle\u0301e de l\u2019Ubaye, l\u2019une des deux zones de montagne tre\u0300s prise\u0301es par les motards dans le Sud-Est de la France, avec le Parc National du Mercantour. La Vall\u00e9e de l\u2019Ubaye et le Parc du Mercantour se rejoignent d\u2019ailleurs via le ce\u0301le\u0300bre Col de la Bonette et la cime du me\u0302me nom, offrant aux nombreux motards venant de toute l\u2019Europe l\u2019occasion de se rassasier les pneus dans les virages et les yeux une fois au sommet de ce qui est la plus haute route d\u2019Europe.<\/p>\n<p>Pouvait-on r\u00eaver d\u2019un meilleur endroit pour organiser un festival d\u00e9di\u00e9 au voyage moto ? Bien s\u00fbr que non et Christophe Pinon et Jean-Pierre Bonato le savent bien. Les deux organisateurs de l\u2019Alpes Aventure Motofestival (AAM) sont deux passionn\u00e9s de moto, deux gars sympa, mais aussi deux experts de l\u2019organisation qui n\u2019en sont pas \u00e0 leur coup d\u2019essai : Jean-Pierre est l\u2019organisateur de l\u2019\u00e9v\u00e9nement de motos anciennes Sunday Ride Classic au circuit Paul Ricard et Christophe fait notamment partie de l\u2019\u00e9quipe d\u2019organisation du Mondial de la Moto qui aura lieu \u00e0 Paris en octobre.<\/p>\n<p>L\u2019une des animations phares au sein de l\u2019AAM est la pr\u00e9sence des marques de moto pour les essais de leur gamme. Il est rare de pouvoir essayer des trails et motos d\u2019aventure dans un cadre aussi beau et dans un environnement pour lequel ces machines ont \u00e9t\u00e9 pens\u00e9es. En plus des essais avec les marques, pr\u00e9pare ta propre moto car les organisateurs ont \u00e9labor\u00e9 un roadbook avec 11 circuits routiers permettant aux participants de d\u00e9couvrir les Alpes du Sud pendant leur s\u00e9jour. Avec plus de 4000 kilom\u00e8tres de routes de montagne, tu devrais \u00eatre servi !<\/p>\n<p>Je te conseille aussi un passage par le village de Saint-Paul-sur-Ubaye pour d\u00e9couvrir une p\u00e9pite presque cach\u00e9e : situ\u00e9 \u00e0 une demi-heure du c\u0153ur du festival sur la belle route qui m\u00e8ne vers le Col de Vars, Saint-Paul-sur-Ubaye abrite un petit muse\u0301e de la moto qui a ouvert ses portes l\u2019ann\u00e9e derni\u00e8re ! L\u2019initiative vient d\u2019un passionne\u0301, Laurent Gonnard, \u00e9galement pre\u0301sident de l\u2019association Mot\u2019art. C\u2019est dans ce mus\u00e9e que je suis tomb\u00e9 amoureux d\u2019une Honda CB 350 de 1972. Pour les romantiques comme moi ou les admirateurs de machines anciennes, le mus\u00e9e est une \u00e9tape obligatoire.<\/p>\n<figure id=\"attachment_6631\" aria-describedby=\"caption-attachment-6631\" style=\"width: 1024px\" class=\"wp-caption alignnone\"><img fetchpriority=\"high\" decoding=\"async\" alt=\"Alpes Aventure Motofestival 2\" class=\"wp-image-663\"\" src=\"https:\/\/www.icasque.com\/liveloveride\/wp-content\/uploads\/2018\/08\/Alpes-Aventure-Motofestival_2-1024x768.jpg\"  width=\"1024\" height=\"768\" \/><figcaption id=\"caption-attachment-6631\" class=\"wp-caption-text\">Mus\u00e9e de la moto de Saint-Paul-sur-Ubaye, un petit bijou de la vall\u00e9e ! (Cr\u00e9dits : Nicolas Bassand)<\/figcaption><\/figure>\n<p>Personnellement, j\u2019ai particip\u00e9 \u00e0 la premi\u00e8re \u00e9dition de l\u2019AAM en septembre 2017 et j\u2019ai tr\u00e8s h\u00e2te d\u2019\u00eatre de retour dans la Vall\u00e9e de l\u2019Ubaye dans quelques semaines ! L\u2019ann\u00e9e derni\u00e8re, entre les essais des motos sur des routes plus belles les unes que les autres, mon mini-stage d\u2019enduro avec Ducati, la sympathie des habitants de Barcelonnette et une balade inoubliable sous la pluie avec Laurent Cochet, je peux te dire que le week-end f\u00fbt riche en \u00e9motions !<\/p>\n<p>Tu sais quel est le meilleur dans tout \u00e7a ? L\u2019Alpes Aventure Motofestival 2018 est gratuit ! Pour toutes les informations et les inscriptions, rends-toi sur le site officiel de l\u2019\u00e9v\u00e9nement : <a href=\"https:\/\/www.alpesaventuremotofestival.com\/\">www.alpesaventuremotofestival.com<\/a>. Il ne me reste plus qu\u2019\u00e0 te dire \u00e0 bient\u00f4t \u00e0 Barcelonnette !<\/p>\n","protected":false},"excerpt":{"rendered":"<p>Un mois ! Il ne reste plus qu\u2019un mois avant le retour de l\u2019Alpes Aventure Motofestival du 7 au 9 septembre 2018. N\u2019oublie pas de le noter dans ton agenda. Ou sur ton calendrier Pirelli, c\u2019est au choix. L&#8217;ann\u00e9e derni\u00e8re, ce festival organis\u00e9 \u00e0 Barcelonnette a marqu\u00e9 le paysage moto en devenant le premier festival [&hellip;]<\/p>\n","protected":false},"author":15,"featured_media":6637,"comment_status":"open","ping_status":"open","sticky":false,"template":"","format":"standard","meta":{"_lmt_disableupdate":"","_lmt_disable":"","footnotes":""},"categories":[229,234],"tags":[273,275,278,276,277,274],"class_list":["post-6629","post","type-post","status-publish","format-standard","has-post-thumbnail","hentry","category-actu","category-evenements","tag-alpes-aventure-motofestival","tag-aventure","tag-barcelonnette","tag-evenement","tag-festival","tag-trail"],"yoast_head":"<!-- This site is optimized with the Yoast SEO plugin v27.5 - https:\/\/yoast.com\/product\/yoast-seo-wordpress\/ -->\n<title>Alpes Aventure Motofestival : les trails envahissent \u00e0 nouveau l&#039;une des plus belles r\u00e9gions moto de France ! - Le blog iCasque<\/title>\n<meta name=\"description\" content=\"Alpes Aventure Motofestival : le premier festival de la moto d&#039;aventure et de voyage en France est de retour en septembre \u00e0 Barcelonnette.\" \/>\n<meta name=\"robots\" content=\"index, follow, max-snippet:-1, max-image-preview:large, max-video-preview:-1\" \/>\n<link rel=\"canonical\" href=\"https:\/\/www.icasque.com\/liveloveride\/alpes-aventure-motofestival-2018\/\" \/>\n<meta property=\"og:locale\" content=\"fr_FR\" \/>\n<meta property=\"og:type\" content=\"article\" \/>\n<meta property=\"og:title\" content=\"Alpes Aventure Motofestival : les trails envahissent \u00e0 nouveau l&#039;une des plus belles r\u00e9gions moto de France ! - Le blog iCasque\" \/>\n<meta property=\"og:description\" content=\"Alpes Aventure Motofestival : le premier festival de la moto d&#039;aventure et de voyage en France est de retour en septembre \u00e0 Barcelonnette.\" \/>\n<meta property=\"og:url\" content=\"https:\/\/www.icasque.com\/liveloveride\/alpes-aventure-motofestival-2018\/\" \/>\n<meta property=\"og:site_name\" content=\"Le blog iCasque\" \/>\n<meta property=\"article:published_time\" content=\"2018-08-09T16:44:03+00:00\" \/>\n<meta property=\"og:image\" content=\"https:\/\/www.icasque.com\/liveloveride\/wp-content\/uploads\/2018\/08\/Alpes-Aventure-Motofestival_1.jpg\" \/>\n\t<meta property=\"og:image:width\" content=\"1404\" \/>\n\t<meta property=\"og:image:height\" content=\"921\" \/>\n\t<meta property=\"og:image:type\" content=\"image\/jpeg\" \/>\n<meta name=\"author\" content=\"Nicolas\" \/>\n<meta name=\"twitter:card\" content=\"summary_large_image\" \/>\n<meta name=\"twitter:label1\" content=\"\u00c9crit par\" \/>\n\t<meta name=\"twitter:data1\" content=\"Nicolas\" \/>\n\t<meta name=\"twitter:label2\" content=\"Dur\u00e9e de lecture estim\u00e9e\" \/>\n\t<meta name=\"twitter:data2\" content=\"3 minutes\" \/>\n<script type=\"application\/ld+json\" class=\"yoast-schema-graph\">{\"@context\":\"https:\\\/\\\/schema.org\",\"@graph\":[{\"@type\":\"Article\",\"@id\":\"https:\\\/\\\/www.icasque.com\\\/liveloveride\\\/alpes-aventure-motofestival-2018\\\/#article\",\"isPartOf\":{\"@id\":\"https:\\\/\\\/www.icasque.com\\\/liveloveride\\\/alpes-aventure-motofestival-2018\\\/\"},\"author\":{\"name\":\"Nicolas\",\"@id\":\"https:\\\/\\\/www.icasque.com\\\/liveloveride\\\/#\\\/schema\\\/person\\\/76c225c786fc7f67504a507ffafb4eef\"},\"headline\":\"Alpes Aventure Motofestival : les trails envahissent \u00e0 nouveau l&#8217;une des plus belles r\u00e9gions moto de France !\",\"datePublished\":\"2018-08-09T16:44:03+00:00\",\"mainEntityOfPage\":{\"@id\":\"https:\\\/\\\/www.icasque.com\\\/liveloveride\\\/alpes-aventure-motofestival-2018\\\/\"},\"wordCount\":544,\"commentCount\":0,\"publisher\":{\"@id\":\"https:\\\/\\\/www.icasque.com\\\/liveloveride\\\/#organization\"},\"image\":{\"@id\":\"https:\\\/\\\/www.icasque.com\\\/liveloveride\\\/alpes-aventure-motofestival-2018\\\/#primaryimage\"},\"thumbnailUrl\":\"https:\\\/\\\/www.icasque.com\\\/liveloveride\\\/wp-content\\\/uploads\\\/2018\\\/08\\\/Alpes-Aventure-Motofestival_1.jpg\",\"keywords\":[\"alpes aventure motofestival\",\"aventure\",\"barcelonnette\",\"\u00e9v\u00e9nement\",\"festival\",\"trail\"],\"articleSection\":[\"Actu\",\"Evenements\"],\"inLanguage\":\"fr-FR\",\"potentialAction\":[{\"@type\":\"CommentAction\",\"name\":\"Comment\",\"target\":[\"https:\\\/\\\/www.icasque.com\\\/liveloveride\\\/alpes-aventure-motofestival-2018\\\/#respond\"]}]},{\"@type\":\"WebPage\",\"@id\":\"https:\\\/\\\/www.icasque.com\\\/liveloveride\\\/alpes-aventure-motofestival-2018\\\/\",\"url\":\"https:\\\/\\\/www.icasque.com\\\/liveloveride\\\/alpes-aventure-motofestival-2018\\\/\",\"name\":\"Alpes Aventure Motofestival : les trails envahissent \u00e0 nouveau l'une des plus belles r\u00e9gions moto de France ! - Le blog iCasque\",\"isPartOf\":{\"@id\":\"https:\\\/\\\/www.icasque.com\\\/liveloveride\\\/#website\"},\"primaryImageOfPage\":{\"@id\":\"https:\\\/\\\/www.icasque.com\\\/liveloveride\\\/alpes-aventure-motofestival-2018\\\/#primaryimage\"},\"image\":{\"@id\":\"https:\\\/\\\/www.icasque.com\\\/liveloveride\\\/alpes-aventure-motofestival-2018\\\/#primaryimage\"},\"thumbnailUrl\":\"https:\\\/\\\/www.icasque.com\\\/liveloveride\\\/wp-content\\\/uploads\\\/2018\\\/08\\\/Alpes-Aventure-Motofestival_1.jpg\",\"datePublished\":\"2018-08-09T16:44:03+00:00\",\"description\":\"Alpes Aventure Motofestival : le premier festival de la moto d'aventure et de voyage en France est de retour en septembre \u00e0 Barcelonnette.\",\"breadcrumb\":{\"@id\":\"https:\\\/\\\/www.icasque.com\\\/liveloveride\\\/alpes-aventure-motofestival-2018\\\/#breadcrumb\"},\"inLanguage\":\"fr-FR\",\"potentialAction\":[{\"@type\":\"ReadAction\",\"target\":[\"https:\\\/\\\/www.icasque.com\\\/liveloveride\\\/alpes-aventure-motofestival-2018\\\/\"]}]},{\"@type\":\"ImageObject\",\"inLanguage\":\"fr-FR\",\"@id\":\"https:\\\/\\\/www.icasque.com\\\/liveloveride\\\/alpes-aventure-motofestival-2018\\\/#primaryimage\",\"url\":\"https:\\\/\\\/www.icasque.com\\\/liveloveride\\\/wp-content\\\/uploads\\\/2018\\\/08\\\/Alpes-Aventure-Motofestival_1.jpg\",\"contentUrl\":\"https:\\\/\\\/www.icasque.com\\\/liveloveride\\\/wp-content\\\/uploads\\\/2018\\\/08\\\/Alpes-Aventure-Motofestival_1.jpg\",\"width\":1404,\"height\":921,\"caption\":\"Alpes Aventure Motofestival 1\"},{\"@type\":\"BreadcrumbList\",\"@id\":\"https:\\\/\\\/www.icasque.com\\\/liveloveride\\\/alpes-aventure-motofestival-2018\\\/#breadcrumb\",\"itemListElement\":[{\"@type\":\"ListItem\",\"position\":1,\"name\":\"Accueil\",\"item\":\"https:\\\/\\\/www.icasque.com\\\/liveloveride\\\/\"},{\"@type\":\"ListItem\",\"position\":2,\"name\":\"Alpes Aventure Motofestival : les trails envahissent \u00e0 nouveau l&#8217;une des plus belles r\u00e9gions moto de France !\"}]},{\"@type\":\"WebSite\",\"@id\":\"https:\\\/\\\/www.icasque.com\\\/liveloveride\\\/#website\",\"url\":\"https:\\\/\\\/www.icasque.com\\\/liveloveride\\\/\",\"name\":\"Le blog iCasque\",\"description\":\"Le blog moto\",\"publisher\":{\"@id\":\"https:\\\/\\\/www.icasque.com\\\/liveloveride\\\/#organization\"},\"potentialAction\":[{\"@type\":\"SearchAction\",\"target\":{\"@type\":\"EntryPoint\",\"urlTemplate\":\"https:\\\/\\\/www.icasque.com\\\/liveloveride\\\/?s={search_term_string}\"},\"query-input\":{\"@type\":\"PropertyValueSpecification\",\"valueRequired\":true,\"valueName\":\"search_term_string\"}}],\"inLanguage\":\"fr-FR\"},{\"@type\":\"Organization\",\"@id\":\"https:\\\/\\\/www.icasque.com\\\/liveloveride\\\/#organization\",\"name\":\"ICC\",\"url\":\"https:\\\/\\\/www.icasque.com\\\/liveloveride\\\/\",\"logo\":{\"@type\":\"ImageObject\",\"inLanguage\":\"fr-FR\",\"@id\":\"https:\\\/\\\/www.icasque.com\\\/liveloveride\\\/#\\\/schema\\\/logo\\\/image\\\/\",\"url\":\"https:\\\/\\\/www.icasque.com\\\/liveloveride\\\/wp-content\\\/uploads\\\/2018\\\/02\\\/logo-icasque_1200x1200-e1519038889300.jpg\",\"contentUrl\":\"https:\\\/\\\/www.icasque.com\\\/liveloveride\\\/wp-content\\\/uploads\\\/2018\\\/02\\\/logo-icasque_1200x1200-e1519038889300.jpg\",\"width\":150,\"height\":150,\"caption\":\"ICC\"},\"image\":{\"@id\":\"https:\\\/\\\/www.icasque.com\\\/liveloveride\\\/#\\\/schema\\\/logo\\\/image\\\/\"}},{\"@type\":\"Person\",\"@id\":\"https:\\\/\\\/www.icasque.com\\\/liveloveride\\\/#\\\/schema\\\/person\\\/76c225c786fc7f67504a507ffafb4eef\",\"name\":\"Nicolas\",\"image\":{\"@type\":\"ImageObject\",\"inLanguage\":\"fr-FR\",\"@id\":\"https:\\\/\\\/secure.gravatar.com\\\/avatar\\\/0549c7fe01af44508a765d0d3010cdf923ffab7d78455cbbf28f82a0f83ec333?s=96&d=mm&r=g\",\"url\":\"https:\\\/\\\/secure.gravatar.com\\\/avatar\\\/0549c7fe01af44508a765d0d3010cdf923ffab7d78455cbbf28f82a0f83ec333?s=96&d=mm&r=g\",\"contentUrl\":\"https:\\\/\\\/secure.gravatar.com\\\/avatar\\\/0549c7fe01af44508a765d0d3010cdf923ffab7d78455cbbf28f82a0f83ec333?s=96&d=mm&r=g\",\"caption\":\"Nicolas\"},\"description\":\"Je suis convaincu que la passion nous emporte loin...surtout si on y va \u00e0 moto ! Avec mon supermotard 50 cm3 \u00e0 mes d\u00e9buts jusqu'\u00e0 ma sportive 1000 cm3 aujourd'hui, je roule depuis 15 ans. Je roule en ville et en montagne, sous le soleil et la pluie, sur la route et sur circuit : pour moi, la moto se vit 365 jours par an. Si on partage cette passion ensemble, c'est encore mieux, non ? Alors c'est parti : live, love, ride !\",\"url\":\"https:\\\/\\\/www.icasque.com\\\/liveloveride\\\/author\\\/nicolas\\\/\"}]}<\/script>\n<!-- \/ Yoast SEO plugin. -->","yoast_head_json":{"title":"Alpes Aventure Motofestival : les trails envahissent \u00e0 nouveau l'une des plus belles r\u00e9gions moto de France ! - Le blog iCasque","description":"Alpes Aventure Motofestival : le premier festival de la moto d'aventure et de voyage en France est de retour en septembre \u00e0 Barcelonnette.","robots":{"index":"index","follow":"follow","max-snippet":"max-snippet:-1","max-image-preview":"max-image-preview:large","max-video-preview":"max-video-preview:-1"},"canonical":"https:\/\/www.icasque.com\/liveloveride\/alpes-aventure-motofestival-2018\/","og_locale":"fr_FR","og_type":"article","og_title":"Alpes Aventure Motofestival : les trails envahissent \u00e0 nouveau l'une des plus belles r\u00e9gions moto de France ! - Le blog iCasque","og_description":"Alpes Aventure Motofestival : le premier festival de la moto d'aventure et de voyage en France est de retour en septembre \u00e0 Barcelonnette.","og_url":"https:\/\/www.icasque.com\/liveloveride\/alpes-aventure-motofestival-2018\/","og_site_name":"Le blog iCasque","article_published_time":"2018-08-09T16:44:03+00:00","og_image":[{"width":1404,"height":921,"url":"https:\/\/www.icasque.com\/liveloveride\/wp-content\/uploads\/2018\/08\/Alpes-Aventure-Motofestival_1.jpg","type":"image\/jpeg"}],"author":"Nicolas","twitter_card":"summary_large_image","twitter_misc":{"\u00c9crit par":"Nicolas","Dur\u00e9e de lecture estim\u00e9e":"3 minutes"},"schema":{"@context":"https:\/\/schema.org","@graph":[{"@type":"Article","@id":"https:\/\/www.icasque.com\/liveloveride\/alpes-aventure-motofestival-2018\/#article","isPartOf":{"@id":"https:\/\/www.icasque.com\/liveloveride\/alpes-aventure-motofestival-2018\/"},"author":{"name":"Nicolas","@id":"https:\/\/www.icasque.com\/liveloveride\/#\/schema\/person\/76c225c786fc7f67504a507ffafb4eef"},"headline":"Alpes Aventure Motofestival : les trails envahissent \u00e0 nouveau l&#8217;une des plus belles r\u00e9gions moto de France !","datePublished":"2018-08-09T16:44:03+00:00","mainEntityOfPage":{"@id":"https:\/\/www.icasque.com\/liveloveride\/alpes-aventure-motofestival-2018\/"},"wordCount":544,"commentCount":0,"publisher":{"@id":"https:\/\/www.icasque.com\/liveloveride\/#organization"},"image":{"@id":"https:\/\/www.icasque.com\/liveloveride\/alpes-aventure-motofestival-2018\/#primaryimage"},"thumbnailUrl":"https:\/\/www.icasque.com\/liveloveride\/wp-content\/uploads\/2018\/08\/Alpes-Aventure-Motofestival_1.jpg","keywords":["alpes aventure motofestival","aventure","barcelonnette","\u00e9v\u00e9nement","festival","trail"],"articleSection":["Actu","Evenements"],"inLanguage":"fr-FR","potentialAction":[{"@type":"CommentAction","name":"Comment","target":["https:\/\/www.icasque.com\/liveloveride\/alpes-aventure-motofestival-2018\/#respond"]}]},{"@type":"WebPage","@id":"https:\/\/www.icasque.com\/liveloveride\/alpes-aventure-motofestival-2018\/","url":"https:\/\/www.icasque.com\/liveloveride\/alpes-aventure-motofestival-2018\/","name":"Alpes Aventure Motofestival : les trails envahissent \u00e0 nouveau l'une des plus belles r\u00e9gions moto de France ! - Le blog iCasque","isPartOf":{"@id":"https:\/\/www.icasque.com\/liveloveride\/#website"},"primaryImageOfPage":{"@id":"https:\/\/www.icasque.com\/liveloveride\/alpes-aventure-motofestival-2018\/#primaryimage"},"image":{"@id":"https:\/\/www.icasque.com\/liveloveride\/alpes-aventure-motofestival-2018\/#primaryimage"},"thumbnailUrl":"https:\/\/www.icasque.com\/liveloveride\/wp-content\/uploads\/2018\/08\/Alpes-Aventure-Motofestival_1.jpg","datePublished":"2018-08-09T16:44:03+00:00","description":"Alpes Aventure Motofestival : le premier festival de la moto d'aventure et de voyage en France est de retour en septembre \u00e0 Barcelonnette.","breadcrumb":{"@id":"https:\/\/www.icasque.com\/liveloveride\/alpes-aventure-motofestival-2018\/#breadcrumb"},"inLanguage":"fr-FR","potentialAction":[{"@type":"ReadAction","target":["https:\/\/www.icasque.com\/liveloveride\/alpes-aventure-motofestival-2018\/"]}]},{"@type":"ImageObject","inLanguage":"fr-FR","@id":"https:\/\/www.icasque.com\/liveloveride\/alpes-aventure-motofestival-2018\/#primaryimage","url":"https:\/\/www.icasque.com\/liveloveride\/wp-content\/uploads\/2018\/08\/Alpes-Aventure-Motofestival_1.jpg","contentUrl":"https:\/\/www.icasque.com\/liveloveride\/wp-content\/uploads\/2018\/08\/Alpes-Aventure-Motofestival_1.jpg","width":1404,"height":921,"caption":"Alpes Aventure Motofestival 1"},{"@type":"BreadcrumbList","@id":"https:\/\/www.icasque.com\/liveloveride\/alpes-aventure-motofestival-2018\/#breadcrumb","itemListElement":[{"@type":"ListItem","position":1,"name":"Accueil","item":"https:\/\/www.icasque.com\/liveloveride\/"},{"@type":"ListItem","position":2,"name":"Alpes Aventure Motofestival : les trails envahissent \u00e0 nouveau l&#8217;une des plus belles r\u00e9gions moto de France !"}]},{"@type":"WebSite","@id":"https:\/\/www.icasque.com\/liveloveride\/#website","url":"https:\/\/www.icasque.com\/liveloveride\/","name":"Le blog iCasque","description":"Le blog moto","publisher":{"@id":"https:\/\/www.icasque.com\/liveloveride\/#organization"},"potentialAction":[{"@type":"SearchAction","target":{"@type":"EntryPoint","urlTemplate":"https:\/\/www.icasque.com\/liveloveride\/?s={search_term_string}"},"query-input":{"@type":"PropertyValueSpecification","valueRequired":true,"valueName":"search_term_string"}}],"inLanguage":"fr-FR"},{"@type":"Organization","@id":"https:\/\/www.icasque.com\/liveloveride\/#organization","name":"ICC","url":"https:\/\/www.icasque.com\/liveloveride\/","logo":{"@type":"ImageObject","inLanguage":"fr-FR","@id":"https:\/\/www.icasque.com\/liveloveride\/#\/schema\/logo\/image\/","url":"https:\/\/www.icasque.com\/liveloveride\/wp-content\/uploads\/2018\/02\/logo-icasque_1200x1200-e1519038889300.jpg","contentUrl":"https:\/\/www.icasque.com\/liveloveride\/wp-content\/uploads\/2018\/02\/logo-icasque_1200x1200-e1519038889300.jpg","width":150,"height":150,"caption":"ICC"},"image":{"@id":"https:\/\/www.icasque.com\/liveloveride\/#\/schema\/logo\/image\/"}},{"@type":"Person","@id":"https:\/\/www.icasque.com\/liveloveride\/#\/schema\/person\/76c225c786fc7f67504a507ffafb4eef","name":"Nicolas","image":{"@type":"ImageObject","inLanguage":"fr-FR","@id":"https:\/\/secure.gravatar.com\/avatar\/0549c7fe01af44508a765d0d3010cdf923ffab7d78455cbbf28f82a0f83ec333?s=96&d=mm&r=g","url":"https:\/\/secure.gravatar.com\/avatar\/0549c7fe01af44508a765d0d3010cdf923ffab7d78455cbbf28f82a0f83ec333?s=96&d=mm&r=g","contentUrl":"https:\/\/secure.gravatar.com\/avatar\/0549c7fe01af44508a765d0d3010cdf923ffab7d78455cbbf28f82a0f83ec333?s=96&d=mm&r=g","caption":"Nicolas"},"description":"Je suis convaincu que la passion nous emporte loin...surtout si on y va \u00e0 moto ! Avec mon supermotard 50 cm3 \u00e0 mes d\u00e9buts jusqu'\u00e0 ma sportive 1000 cm3 aujourd'hui, je roule depuis 15 ans. Je roule en ville et en montagne, sous le soleil et la pluie, sur la route et sur circuit : pour moi, la moto se vit 365 jours par an. Si on partage cette passion ensemble, c'est encore mieux, non ? Alors c'est parti : live, love, ride !","url":"https:\/\/www.icasque.com\/liveloveride\/author\/nicolas\/"}]}},"modified_by":"Nicolas","_links":{"self":[{"href":"https:\/\/www.icasque.com\/liveloveride\/wp-json\/wp\/v2\/posts\/6629","targetHints":{"allow":["GET"]}}],"collection":[{"href":"https:\/\/www.icasque.com\/liveloveride\/wp-json\/wp\/v2\/posts"}],"about":[{"href":"https:\/\/www.icasque.com\/liveloveride\/wp-json\/wp\/v2\/types\/post"}],"author":[{"embeddable":true,"href":"https:\/\/www.icasque.com\/liveloveride\/wp-json\/wp\/v2\/users\/15"}],"replies":[{"embeddable":true,"href":"https:\/\/www.icasque.com\/liveloveride\/wp-json\/wp\/v2\/comments?post=6629"}],"version-history":[{"count":6,"href":"https:\/\/www.icasque.com\/liveloveride\/wp-json\/wp\/v2\/posts\/6629\/revisions"}],"predecessor-version":[{"id":6639,"href":"https:\/\/www.icasque.com\/liveloveride\/wp-json\/wp\/v2\/posts\/6629\/revisions\/6639"}],"wp:featuredmedia":[{"embeddable":true,"href":"https:\/\/www.icasque.com\/liveloveride\/wp-json\/wp\/v2\/media\/6637"}],"wp:attachment":[{"href":"https:\/\/www.icasque.com\/liveloveride\/wp-json\/wp\/v2\/media?parent=6629"}],"wp:term":[{"taxonomy":"category","embeddable":true,"href":"https:\/\/www.icasque.com\/liveloveride\/wp-json\/wp\/v2\/categories?post=6629"},{"taxonomy":"post_tag","embeddable":true,"href":"https:\/\/www.icasque.com\/liveloveride\/wp-json\/wp\/v2\/tags?post=6629"}],"curies":[{"name":"wp","href":"https:\/\/api.w.org\/{rel}","templated":true}]}}