{"id":6697,"date":"2018-08-22T18:41:04","date_gmt":"2018-08-22T16:41:04","guid":{"rendered":"https:\/\/blog.icasque.com\/?p=6697"},"modified":"2018-12-13T16:52:17","modified_gmt":"2018-12-13T15:52:17","slug":"justine-pedemonte","status":"publish","type":"post","link":"https:\/\/www.icasque.com\/liveloveride\/justine-pedemonte\/","title":{"rendered":"Justine Pedemonte\u00a0: 11 ans et de la d\u00e9termination \u00e0 revendre"},"content":{"rendered":"<p><strong>Pendant que les cadors du MotoGP et du Superbike jouent des coudes tous les week-ends sur les circuits du monde, la rel\u00e8ve se pr\u00e9pare aussi aux quatre coins du globe chez la prochaine g\u00e9n\u00e9ration. Plus loin des cam\u00e9ras, les jeunes pilotes font leurs armes et aiguisent leurs trajectoires. Dans le village de Contes, sur les hauteurs de Nice et Monaco, <a href=\"https:\/\/www.facebook.com\/justinepedemonte\/\">Justine Pedemonte<\/a>\u00a0<\/strong><strong>n\u2019a que 11 ans mais elle fait partie de ces enfants motiv\u00e9s comme jamais pour percer dans leur sport favori. Interview avec cette championne en herbe ainsi qu\u2019avec Yvan, son p\u00e8re et manager.<\/strong><\/p>\n<p><!--more--><\/p>\n<p>Cette ann\u00e9e, <a href=\"https:\/\/www.facebook.com\/justinepedemonte\/\">Justine<\/a> est engag\u00e9e en\u00a0<a href=\"http:\/\/25power-occitanie.fr\/\">Championnat 25 Power Occitanie<\/a>\u00a0pour l\u2019int\u00e9gralit\u00e9 du calendrier, un championnat r\u00e9serv\u00e9 aux motos de 25 chevaux maximum et comportant 7 courses de vitesse et une \u00e9preuve d\u2019endurance de 6 heures.\u00a0Elle participe aussi \u00e0 trois courses\u00a0du <a href=\"https:\/\/www.ffmoto.org\/actualite\/championnats-de-france-25-power-vitesse-et-endurance-2018\">Championnat de France 25 Power<\/a>, un championnat qui comporte, lui, 9 courses r\u00e9parties sur tout le territoire. Yvan a choisi ces championnats afin de permettre \u00e0 Justine de faire le maximum de courses et d\u2019acqu\u00e9rir de l\u2019exp\u00e9rience tout en minimisant les co\u00fbts.<\/p>\n<figure id=\"attachment_6700\" aria-describedby=\"caption-attachment-6700\" style=\"width: 1024px\" class=\"wp-caption alignnone\"><img fetchpriority=\"high\" decoding=\"async\" alt=\"Justine Pedemonte 2\" class=\"wp-image-6700\"size-large\" src=\"https:\/\/www.icasque.com\/liveloveride\/wp-content\/uploads\/2018\/08\/Justine-Pedemonte_2-1024x498.jpg\"  width=\"1024\" height=\"498\" srcset=\"https:\/\/www.icasque.com\/liveloveride\/wp-content\/uploads\/2018\/08\/Justine-Pedemonte_2-1024x498.jpg 1024w, https:\/\/www.icasque.com\/liveloveride\/wp-content\/uploads\/2018\/08\/Justine-Pedemonte_2-300x146.jpg 300w, https:\/\/www.icasque.com\/liveloveride\/wp-content\/uploads\/2018\/08\/Justine-Pedemonte_2-768x374.jpg 768w, https:\/\/www.icasque.com\/liveloveride\/wp-content\/uploads\/2018\/08\/Justine-Pedemonte_2-320x156.jpg 320w, https:\/\/www.icasque.com\/liveloveride\/wp-content\/uploads\/2018\/08\/Justine-Pedemonte_2.jpg 1972w\" sizes=\"(max-width: 1024px) 100vw, 1024px\" \/><figcaption id=\"caption-attachment-6700\" class=\"wp-caption-text\">En \u00e9t\u00e9 comme en hiver, Justine vit \u00e0 l\u2019heure de la moto\u00a0!\u00a0(Cr\u00e9dits\u00a0: Juju Team #125)<\/figcaption><\/figure>\n<p>Quand on lui demande ce qui lui pla\u00eet autant dans la moto sur circuit, Justine nous am\u00e8ne directement au c\u0153ur de son sujet\u00a0:\u00a0<em>En entra\u00eenement, je prends beaucoup de plaisir \u00e0 \u00eatre sur la moto et essayer d\u2019aller toujours plus vite. Il y a aussi une tr\u00e8s bonne ambiance avec les copains qui roulent avec moi, c\u2019est une partie importante du plaisir \u00e0 s\u2019entra\u00eener. En course, c\u2019est autre chose, on rentre un peu dans une autre dimension\u00a0: ce qui m\u2019attire, c\u2019est l\u2019adr\u00e9naline de prendre le d\u00e9part, le fait de doubler pour s\u2019imposer et devoir gagner.<\/em><\/p>\n<figure id=\"attachment_6701\" aria-describedby=\"caption-attachment-6701\" style=\"width: 612px\" class=\"wp-caption alignnone\"><img decoding=\"async\" alt=\"Justine Pedemonte 3\" class=\"wp-image-670\"\" src=\"https:\/\/www.icasque.com\/liveloveride\/wp-content\/uploads\/2018\/08\/Justine-Pedemonte_3-612x1024.jpg\"  width=\"612\" height=\"1024\" \/><figcaption id=\"caption-attachment-6701\" class=\"wp-caption-text\">Justine \u00e0 l\u2019attaque\u00a0!\u00a0(Cr\u00e9dits\u00a0: GhostPhoto)<\/figcaption><\/figure>\n<p>&nbsp;<\/p>\n<h4><strong>Les d\u00e9buts<\/strong><\/h4>\n<p><strong>Justine, comment est-ce que tu as commenc\u00e9 \u00e0 t\u2019int\u00e9resser \u00e0 la moto ?\u00a0<\/strong><em>Un jour, je suis all\u00e9e voir mon p\u00e8re participer \u00e0 une course de c\u00f4te avec ses copains. Il y avait aussi des enfants qui prenaient\u00a0le d\u00e9part sur des petites motos adapt\u00e9es\u00a0: j\u2019ai ador\u00e9 voir \u00e7a\u00a0! A la fin de la journ\u00e9e, j\u2019ai demand\u00e9 \u00e0 mon p\u00e8re si je pouvais faire de la moto.<\/em><\/p>\n<p>Yvan a \u00e9t\u00e9 lui-m\u00eame\u00a0pilote de moto en comp\u00e9tition, alors est-ce que le papa pouvait dire non\u00a0? C\u2019\u00e9tait impossible bien s\u00fbr\u00a0!\u00a0Yvan a \u00e9t\u00e9 engag\u00e9 en course de c\u00f4te et rallye, jusqu\u2019\u00e0 devenir champion de Provence de La Montagne\u00a0puis vainqueur du Rallye du Mounta Cala (r\u00e9gion ni\u00e7oise) en Championnat de France des Rallyes en 1996. Il s\u2019est ensuite orient\u00e9 vers les circuits. Dans les \u00e9preuves de vitesse, Yvan a particip\u00e9 \u00e0 quelques manches en Championnat de France Promosport, Supersport et Superbike. Il a ensuite gravi une autre marche en s\u2019engageant en 1997 et 1998 dans l\u2019une des courses les plus mythiques du Championnat du Monde d\u2019Endurance, le Bol d\u2019Or.<\/p>\n<p>Qu\u2019en est-il de l\u2019histoire de Justine\u00a0? Justine monte pour la premi\u00e8re fois sur une moto en juin 2016\u00a0: \u00e7a se passe sur un mini-circuit avec une Yamaha PW50, la moto de d\u00e9butant par excellence avec laquelle tant de motards ont fait leurs premiers tours de roues. Quelques mois plus tard, \u00e0 No\u00ebl 2016, Justine se voit offrir sa premi\u00e8re moto\u00a0! Il s\u2019agit d\u2019un pit bike et plus pr\u00e9cis\u00e9ment un petit supermotard \u00e0 vitesses\u00a0: une Bastos 90. Justine encha\u00eene ensuite avec sa premi\u00e8re moto sportive, une Honda NSF 100\u00a0: la premi\u00e8re fois qu\u2019elle roule avec sa nouvelle monture en avril 2017 en Italie, Justine est enchant\u00e9e\u00a0!\u00a0\u00c7a y est, elle est piqu\u00e9e par le virus et c\u2019est maintenant impossible de faire machine arri\u00e8re. Elle me raconte la suite :\u00a0<em>Un mois apr\u00e8s avoir test\u00e9 ma Honda NSF pour la premi\u00e8re fois, j\u2019ai effectu\u00e9 ma premi\u00e8re course en Championnat de France 25 Power. C\u2019\u00e9tait en mai 2017, au Creusot, en Sa\u00f4ne-et-Loire. La suite de l\u2019ann\u00e9e 2017 a \u00e9t\u00e9 riche en \u00e9v\u00e9nements\u00a0! J\u2019ai ensuite obtenu une nouvelle Honda NSF 100, plus performante\u00a0: \u00e7a m\u2019a permis de ne plus me faire \u00ab\u00a0tracer\u00a0\u00bb dans les lignes droites par les autres pilotes\u00a0! Plus tard, en ao\u00fbt, je me suis entra\u00een\u00e9 pour la premi\u00e8re fois sur un grand circuit, \u00e0 Al\u00e8s. Quel beau souvenir\u00a0! Vers la fin de l\u2019ann\u00e9e, en novembre, j\u2019ai fait du motocross pour la premi\u00e8re fois dans la boue. Je ne te raconte m\u00eame pas le nombre de fois o\u00f9 j\u2019ai chut\u00e9\u00a0!<\/em><\/p>\n<figure id=\"attachment_6702\" aria-describedby=\"caption-attachment-6702\" style=\"width: 977px\" class=\"wp-caption alignnone\"><img decoding=\"async\" alt=\"Justine Pedemonte 4\" class=\"wp-image-670\"\" src=\"https:\/\/www.icasque.com\/liveloveride\/wp-content\/uploads\/2018\/08\/Justine-Pedemonte_4.jpg\"  width=\"977\" height=\"651\" \/><figcaption id=\"caption-attachment-6702\" class=\"wp-caption-text\">Justine sur sa premi\u00e8re moto, une Bastos 90\u00a0! (Cr\u00e9dits\u00a0: Juju Team #125)<\/figcaption><\/figure>\n<p>&nbsp;<\/p>\n<h4><strong>Superpapa<\/strong><\/h4>\n<p>Yvan Pedemonte est \u00e0 la fois le p\u00e8re de Justine et son team manager. Ce \u00ab\u00a0superpapa\u00a0\u00bb est le premier soutien de Justine mais aussi le plus grand. C\u2019est lui qui a d\u00e9marr\u00e9 l\u2019\u00e9quipe \u00ab\u00a0Juju Team #125\u00a0\u00bb afin que sa fille puisse s\u2019\u00e9panouir dans la moto et courir en comp\u00e9tition. Sur piste, m\u00e9fiez-vous du diable rose malgr\u00e9 ses airs de petit ange !<\/p>\n<figure id=\"attachment_6712\" aria-describedby=\"caption-attachment-6712\" style=\"width: 834px\" class=\"wp-caption alignnone\"><img loading=\"lazy\" decoding=\"async\" alt=\"Justine Pedemonte 5\" class=\"wp-image-671\"\" src=\"https:\/\/www.icasque.com\/liveloveride\/wp-content\/uploads\/2018\/08\/Justine-Pedemonte-5.jpg\"  width=\"834\" height=\"1000\" \/><figcaption id=\"caption-attachment-6712\" class=\"wp-caption-text\">Cr\u00e9dits\u00a0: Ga\u00eblle Cr\u00e9ations<\/figcaption><\/figure>\n<p><strong>Yvan, quel est ton r\u00f4le aupr\u00e8s de Justine ?\u00a0<\/strong><em>Au d\u00e9but, je me suis attach\u00e9 \u00e0 lui enseigner les bases de la moto et de la comp\u00e9tition.<\/em><em>\u00a0Aujourd\u2019hui, je l\u2019aide \u00e0 d\u00e9velopper la moto, c\u2019est-\u00e0-dire pr\u00e9parer la machine aux diff\u00e9rents circuits, diff\u00e9rentes conditions de course et d\u2019entra\u00eenement. Je travaille aussi avec Justine pour mettre en place ensemble une strat\u00e9gie de course. En dehors de \u00e7a, je conduis bien s\u00fbr le camion pour nous rendre sur les courses et je m\u2019occupe des relations avec nos sponsors\u00a0!<\/em><\/p>\n<figure id=\"attachment_6704\" aria-describedby=\"caption-attachment-6704\" style=\"width: 960px\" class=\"wp-caption alignnone\"><img loading=\"lazy\" decoding=\"async\" alt=\"Justine Pedemonte 6\" class=\"wp-image-670\"\" src=\"https:\/\/www.icasque.com\/liveloveride\/wp-content\/uploads\/2018\/08\/Justine-Pedemonte_6.jpg\"  width=\"960\" height=\"720\" \/><figcaption id=\"caption-attachment-6704\" class=\"wp-caption-text\">Superpapa, toujours l\u00e0. (Cr\u00e9dits\u00a0: Juju Team #125)<\/figcaption><\/figure>\n<p><strong>Comment est-ce que ton pass\u00e9 en comp\u00e9tition impacte la mani\u00e8re dont tu accompagnes Justine\u00a0?\u00a0<\/strong><em>Dans un premier temps, mon exp\u00e9rience en comp\u00e9tition nous a aid\u00e9 pour la pr\u00e9paration de la moto et du team avant d\u2019arriver sur les courses. Cela m\u2019a aussi permis de montrer \u00e0 Justine l\u2019importance\u00a0<\/em><em>de prendre au s\u00e9rieux les entra\u00eenements et les essais libres avant les courses. Ensuite, mon pass\u00e9 est un atout car il m\u2019a donn\u00e9 une capacit\u00e9 \u00e0 comprendre et traduire les sensations de pilotage de Justine apr\u00e8s chaque roulage\u00a0: je peux d\u00e9briefer avec elle sur les trajectoires, les freinages, les acc\u00e9l\u00e9rations et les strat\u00e9gies de course. Tout cela me permet de mieux supporter Justine dans son \u00e9volution personnelle et dans le d\u00e9veloppement de sa moto.<\/em><\/p>\n<p>&nbsp;<\/p>\n<h4><strong>2018, point pivot<\/strong><\/h4>\n<p>La saison 2018 est une \u00e9tape importante pour Justine car il s\u2019agit de sa premi\u00e8re saison compl\u00e8te en comp\u00e9tition moto. Au d\u00e9but de l\u2019ann\u00e9e, elle a d\u2019ailleurs sign\u00e9 son premier contrat pilote avec la <a href=\"http:\/\/www.race-experience-school.fr\/\">Race Experience School<\/a>, l\u2019\u00e9cole de pilotage fond\u00e9e par S\u00e9bastien Gimbert, Thibaut Gourin et Franck Rostagni.\u00a0Quelques mois plus tard, en avril 2018, Justine remporte sa premi\u00e8re course au Muret (Haute-Garonne) en Championnat 25 Power Occitanie. Elle me confie d\u2019ailleurs qu\u2019il s\u2019agit de son meilleur souvenir \u00e0 ce jour !<\/p>\n<figure id=\"attachment_6705\" aria-describedby=\"caption-attachment-6705\" style=\"width: 1024px\" class=\"wp-caption alignnone\"><img loading=\"lazy\" decoding=\"async\" alt=\"Justine Pedemonte 7\" class=\"wp-image-670\"\" src=\"https:\/\/www.icasque.com\/liveloveride\/wp-content\/uploads\/2018\/08\/Justine-Pedemonte_7-1024x813.jpg\"  width=\"1024\" height=\"813\" \/><figcaption id=\"caption-attachment-6705\" class=\"wp-caption-text\">Justine entour\u00e9e des fondateurs de la Race Experience School. De gauche \u00e0 droite sur la photo, on retrouve\u00a0S\u00e9bastien Gimbert, Franck Rostagni\u00a0et\u00a0Thibaut Gourin. (Cr\u00e9dits\u00a0: Juju Team #125)<\/figcaption><\/figure>\n<p><strong>Justine, pour ta premi\u00e8re saison compl\u00e8te en comp\u00e9tition moto, quels sont tes objectifs\u00a0?\u00a0<\/strong><em>Au d\u00e9but de l\u2019ann\u00e9e, mon objectif \u00e9tait de rouler le plus possible pour gagner en exp\u00e9rience, c\u2019est pourquoi je suis inscrite sur deux championnats, Occitanie en entier et France en compl\u00e9ment pour trois courses<\/em><em>, Roanne, Moirans en Montagne et Al\u00e8s. La saison a \u00e9volu\u00e9 et mes objectifs aussi\u00a0: je cherche maintenant \u00e0 gagner le Championnat 25 Power Occitanie et \u00e0 finir sur les podiums des \u00e9preuves auxquelles je participe au Championnat de France 25 Power.<\/em><\/p>\n<figure id=\"attachment_6706\" aria-describedby=\"caption-attachment-6706\" style=\"width: 960px\" class=\"wp-caption alignnone\"><img loading=\"lazy\" decoding=\"async\" alt=\"Justine Pedemonte 8\" class=\"wp-image-670\"\" src=\"https:\/\/www.icasque.com\/liveloveride\/wp-content\/uploads\/2018\/08\/Justine-Pedemonte_8.jpg\"  width=\"960\" height=\"720\" \/><figcaption id=\"caption-attachment-6706\" class=\"wp-caption-text\">\u00c0 Carcassonne dans le cadre du Championnat d\u2019Occitanie en mai dernier, un week-end parfait\u00a0pour Justine\u00a0: p\u00f4le position et victoire dans les deux courses, sous le soleil puis la pluie\u00a0!\u00a0(Cr\u00e9dits\u00a0: Juju Team #125)<\/figcaption><\/figure>\n<p><strong>Maintenant que tu es pilote officielle de la Race Experience School, quels changements est-ce que cela implique dans ta pratique en comp\u00e9tition ?\u00a0<\/strong><em>Cela m\u2019a plong\u00e9 dans un nouvel entourage\u00a0: j\u2019ai fait la connaissance de pilotes de moto de mon \u00e2ge avec qui je m\u2019entends bien et je suis \u00e9galement entour\u00e9e de pilotes professionnels. Mes coachs S\u00e9bastien et Thibaut ont beaucoup d\u2019exp\u00e9rience en comp\u00e9tition au niveau international et me donnent de tr\u00e8s bons conseils\u00a0: cela me permet de progresser sur la moto mais aussi en strat\u00e9gie de course. Notre strat\u00e9gie se d\u00e9roule aussi en dehors des courses\u00a0:\u00a0<\/em><em>j\u2019ai des objectifs sp\u00e9cifiques \u00e0 atteindre d\u2019entra\u00eenement en entra\u00eenement. Je dois \u00eatre s\u00e9rieuse et faire de mon mieux quand je suis sur la moto mais tout \u00e7a se fait dans une bonne ambiance.<\/em><\/p>\n<figure id=\"attachment_6707\" aria-describedby=\"caption-attachment-6707\" style=\"width: 681px\" class=\"wp-caption alignnone\"><img loading=\"lazy\" decoding=\"async\" alt=\"Justine Pedemonte 9\" class=\"wp-image-670\"\" src=\"https:\/\/www.icasque.com\/liveloveride\/wp-content\/uploads\/2018\/08\/Justine-Pedemonte_9-681x1024.jpg\"  width=\"681\" height=\"1024\" \/><figcaption id=\"caption-attachment-6707\" class=\"wp-caption-text\">Justine avec les \u00e9l\u00e8ves de la Race Experience School.\u00a0(Cr\u00e9dits\u00a0: Race Experience School)<\/figcaption><\/figure>\n<p>Malgr\u00e9 son jeune \u00e2ge, Justine fait preuve de maturit\u00e9\u00a0: elle sait adopter les bons comportements pour bien \u00e9voluer et se concentrer sur les choses qui comptent. Elle est par exemple l\u2019une des rares filles dans un monde de gar\u00e7ons, mais cela ne la d\u00e9range pas et elle a d\u00e9cid\u00e9 de ne pas consid\u00e9rer cela comme une limite\u00a0: pour Justine, c\u2019est comme si elle \u00e9tait entour\u00e9e de filles puisqu\u2019elle entretient de bons liens d\u2019amiti\u00e9s avec tous les autres pilotes. Lorsqu\u2019elle d\u00e9barque sur piste, Justine sait que la concentration est importante\u00a0: elle enfile rapidement son casque pour rentrer dans sa bulle et \u00e9viter les discussions. De l\u2019autre c\u00f4t\u00e9 du rideau, quand le drapeau \u00e0 damiers est tomb\u00e9, ce n\u2019est pas facile de g\u00e9rer un emploi du temps qui se partage entre la moto et l\u2019\u00e9cole. L\u00e0-aussi, Justine fait preuve de r\u00e9flexion et recul\u00a0: elle\u00a0\u00e9coute bien en classe et fait un maximum de devoirs dans le camion, sur la route qui l\u2019am\u00e8ne sur les courses ou sur les sessions d\u2019entra\u00eenement, afin de ne pas prendre\u00a0de retard dans ses devoirs.<\/p>\n<p>&nbsp;<\/p>\n<h4><strong>Le regard tourn\u00e9 vers la rentr\u00e9e<\/strong><\/h4>\n<p>L\u2019\u00e9t\u00e9 est bient\u00f4t termin\u00e9 et nous entrons bient\u00f4t dans derni\u00e8re partie de la saison 2018. Justine est actuellement en t\u00eate du\u00a0Championnat 25 Power Occitanie et se dirige vers son objectif de victoire au championnat. Sur les deux manches du Championnat de France qu\u2019elle a disput\u00e9es, Justine est mont\u00e9e deux fois sur le podium, \u00e0 la troisi\u00e8me place. Les r\u00e9sultats ont donc \u00e9t\u00e9 tr\u00e8s bons jusqu\u2019ici en 2018 et la derni\u00e8re partie de saison sera l\u2019occasion de confirmer la bonne lanc\u00e9e.<\/p>\n<p>Pendant les vacances d\u2019\u00e9t\u00e9, No\u00ebl est arriv\u00e9 avant l\u2019heure\u00a0: Justine s\u2019est vue offrir une nouvelle moto\u00a0au mois d\u2019ao\u00fbt ! Il s\u2019agit d\u2019une <a href=\"http:\/\/ohvale.com\/gp-0-160-4-speed\/\">Ohvale GP-0 160<\/a> : les Ohvale sont des motos italiennes tr\u00e8s pl\u00e9biscit\u00e9es sur les circuits pour leur comportement proche des grandes motos de comp\u00e9tition. Justine est fan du pilote de MotoGP Marc M\u00e1rquez et c\u2019est tout naturellement que sa nouvelle moto arbore la m\u00eame d\u00e9coration que celle du sextuple champion du monde. \u00c7a ne rigole plus !<\/p>\n<figure id=\"attachment_6708\" aria-describedby=\"caption-attachment-6708\" style=\"width: 720px\" class=\"wp-caption alignnone\"><img loading=\"lazy\" decoding=\"async\" alt=\"Justine Pedemonte 10\" class=\"wp-image-670\"\" src=\"https:\/\/www.icasque.com\/liveloveride\/wp-content\/uploads\/2018\/08\/Justine-Pedemonte_10.jpg\"  width=\"720\" height=\"960\" \/><figcaption id=\"caption-attachment-6708\" class=\"wp-caption-text\">L\u2019Ovhale de Justine, une M\u00e1rquez Replica ! (Cr\u00e9dits\u00a0: Juju Team #125)<\/figcaption><\/figure>\n<p><strong>Justine, si tu jettes un regard en arri\u00e8re sur la saison en cours, quelle est ta plus grande fiert\u00e9\u00a0?\u00a0<\/strong><em>Etre forte sous la pluie\u00a0: j\u2019ai gagn\u00e9 ma premi\u00e8re course sous la\u00a0pluie\u00a0!<\/em><\/p>\n<p><strong>Yvan, quelle est la plus grande difficult\u00e9 que tu as rencontr\u00e9 dans la gestion du Juju Team #125 cette ann\u00e9e ?\u00a0<\/strong><em>Trouver des partenaires dans le monde de la moto est ind\u00e9niablement la partie la plus difficile de nos aventures\u00a0!<\/em><\/p>\n<p><strong>Pour terminer, m\u00eame question que pour Justine\u00a0: d&#8217;un autre c\u00f4t\u00e9, quelle est ta plus grande fiert\u00e9 ?\u00a0<\/strong><em>Concernant l\u2019\u00e9quipe, nous sommes maintenant un team structur\u00e9 et organis\u00e9, avec des personnes comp\u00e9tentes et investies\u00a0: j\u2019en suis tr\u00e8s content. En ce qui concerne Justine, je suis vraiment tr\u00e8s fier de ma fille pour la progression et la motivation qu\u2019elle d\u00e9montre.<\/em><\/p>\n<figure id=\"attachment_6709\" aria-describedby=\"caption-attachment-6709\" style=\"width: 1024px\" class=\"wp-caption alignnone\"><img loading=\"lazy\" decoding=\"async\" alt=\"Justine Pedemonte 11\" class=\"wp-image-670\"\" src=\"https:\/\/www.icasque.com\/liveloveride\/wp-content\/uploads\/2018\/08\/Justine-Pedemonte_11-1024x768.jpg\"  width=\"1024\" height=\"768\" \/><figcaption id=\"caption-attachment-6709\" class=\"wp-caption-text\">La moto, un lien sacr\u00e9 dans la famille Pedemonte entre p\u00e8re et fille.\u00a0(Cr\u00e9dits\u00a0: Juju Team #125)<\/figcaption><\/figure>\n<p>M\u00eame si la saison 2018 n\u2019est pas termin\u00e9e, Justine et Yvan se projettent aussi dans la saison prochaine avec peut-\u00eatre un engagement en CIV, le Championnat d&#8217;Italie. Dans ce championnat au niveau relev\u00e9, le challenge serait de taille\u00a0: Justine pourrait \u00eatre la seule fille dans sa cat\u00e9gorie. Le petit diable rose du village de Contes nous a d\u00e9j\u00e0 montr\u00e9 qu\u2019elle poss\u00e8de de la d\u00e9termination \u00e0 en revendre\u00a0: l\u2019aventure transalpine serait une nouvelle occasion de le prouver.<\/p>\n","protected":false},"excerpt":{"rendered":"<p>Pendant que les cadors du MotoGP et du Superbike jouent des coudes tous les week-ends sur les circuits du monde, la rel\u00e8ve se pr\u00e9pare aussi aux quatre coins du globe chez la prochaine g\u00e9n\u00e9ration. Plus loin des cam\u00e9ras, les jeunes pilotes font leurs armes et aiguisent leurs trajectoires. Dans le village de Contes, sur les [&hellip;]<\/p>\n","protected":false},"author":15,"featured_media":6699,"comment_status":"open","ping_status":"open","sticky":false,"template":"","format":"standard","meta":{"_lmt_disableupdate":"","_lmt_disable":"","footnotes":""},"categories":[279,213,280],"tags":[303,305,301,302,304],"class_list":["post-6697","post","type-post","status-publish","format-standard","has-post-thumbnail","hentry","category-culture-moto","category-moto-au-feminin","category-portraits","tag-fille-pilote","tag-fille-pilote-moto","tag-justine-pedemonte","tag-pilote","tag-pilote-moto"],"yoast_head":"<!-- This site is optimized with the Yoast SEO plugin v27.5 - https:\/\/yoast.com\/product\/yoast-seo-wordpress\/ -->\n<title>Justine Pedemonte\u00a0: 11 ans et de la d\u00e9termination \u00e0 revendre - Le blog iCasque<\/title>\n<meta name=\"description\" content=\"Dans le village de Contes, Justine Pedemonte\u00a0n\u2019a que 11 ans mais elle fait partie de ces enfants motiv\u00e9s comme jamais pour percer dans le sport moto.\" \/>\n<meta name=\"robots\" content=\"index, follow, max-snippet:-1, max-image-preview:large, max-video-preview:-1\" \/>\n<link rel=\"canonical\" href=\"https:\/\/www.icasque.com\/liveloveride\/justine-pedemonte\/\" \/>\n<meta property=\"og:locale\" content=\"fr_FR\" \/>\n<meta property=\"og:type\" content=\"article\" \/>\n<meta property=\"og:title\" content=\"Justine Pedemonte\u00a0: 11 ans et de la d\u00e9termination \u00e0 revendre - Le blog iCasque\" \/>\n<meta property=\"og:description\" content=\"Dans le village de Contes, Justine Pedemonte\u00a0n\u2019a que 11 ans mais elle fait partie de ces enfants motiv\u00e9s comme jamais pour percer dans le sport moto.\" \/>\n<meta property=\"og:url\" content=\"https:\/\/www.icasque.com\/liveloveride\/justine-pedemonte\/\" \/>\n<meta property=\"og:site_name\" content=\"Le blog iCasque\" \/>\n<meta property=\"article:published_time\" content=\"2018-08-22T16:41:04+00:00\" \/>\n<meta property=\"article:modified_time\" content=\"2018-12-13T15:52:17+00:00\" \/>\n<meta property=\"og:image\" content=\"https:\/\/www.icasque.com\/liveloveride\/wp-content\/uploads\/2018\/08\/Justine-Pedemonte_1.jpg\" \/>\n\t<meta property=\"og:image:width\" content=\"1020\" \/>\n\t<meta property=\"og:image:height\" content=\"668\" \/>\n\t<meta property=\"og:image:type\" content=\"image\/jpeg\" \/>\n<meta name=\"author\" content=\"Nicolas\" \/>\n<meta name=\"twitter:card\" content=\"summary_large_image\" \/>\n<meta name=\"twitter:label1\" content=\"\u00c9crit par\" \/>\n\t<meta name=\"twitter:data1\" content=\"Nicolas\" \/>\n\t<meta name=\"twitter:label2\" content=\"Dur\u00e9e de lecture estim\u00e9e\" \/>\n\t<meta name=\"twitter:data2\" content=\"7 minutes\" \/>\n<script type=\"application\/ld+json\" class=\"yoast-schema-graph\">{\"@context\":\"https:\\\/\\\/schema.org\",\"@graph\":[{\"@type\":\"Article\",\"@id\":\"https:\\\/\\\/www.icasque.com\\\/liveloveride\\\/justine-pedemonte\\\/#article\",\"isPartOf\":{\"@id\":\"https:\\\/\\\/www.icasque.com\\\/liveloveride\\\/justine-pedemonte\\\/\"},\"author\":{\"name\":\"Nicolas\",\"@id\":\"https:\\\/\\\/www.icasque.com\\\/liveloveride\\\/#\\\/schema\\\/person\\\/76c225c786fc7f67504a507ffafb4eef\"},\"headline\":\"Justine Pedemonte\u00a0: 11 ans et de la d\u00e9termination \u00e0 revendre\",\"datePublished\":\"2018-08-22T16:41:04+00:00\",\"dateModified\":\"2018-12-13T15:52:17+00:00\",\"mainEntityOfPage\":{\"@id\":\"https:\\\/\\\/www.icasque.com\\\/liveloveride\\\/justine-pedemonte\\\/\"},\"wordCount\":1449,\"commentCount\":4,\"publisher\":{\"@id\":\"https:\\\/\\\/www.icasque.com\\\/liveloveride\\\/#organization\"},\"image\":{\"@id\":\"https:\\\/\\\/www.icasque.com\\\/liveloveride\\\/justine-pedemonte\\\/#primaryimage\"},\"thumbnailUrl\":\"https:\\\/\\\/www.icasque.com\\\/liveloveride\\\/wp-content\\\/uploads\\\/2018\\\/08\\\/Justine-Pedemonte_1.jpg\",\"keywords\":[\"fille pilote\",\"fille pilote moto\",\"justine pedemonte\",\"pilote\",\"pilote moto\"],\"articleSection\":[\"Culture moto\",\"Moto au f\u00e9minin\",\"Portraits\"],\"inLanguage\":\"fr-FR\",\"potentialAction\":[{\"@type\":\"CommentAction\",\"name\":\"Comment\",\"target\":[\"https:\\\/\\\/www.icasque.com\\\/liveloveride\\\/justine-pedemonte\\\/#respond\"]}]},{\"@type\":\"WebPage\",\"@id\":\"https:\\\/\\\/www.icasque.com\\\/liveloveride\\\/justine-pedemonte\\\/\",\"url\":\"https:\\\/\\\/www.icasque.com\\\/liveloveride\\\/justine-pedemonte\\\/\",\"name\":\"Justine Pedemonte\u00a0: 11 ans et de la d\u00e9termination \u00e0 revendre - Le blog iCasque\",\"isPartOf\":{\"@id\":\"https:\\\/\\\/www.icasque.com\\\/liveloveride\\\/#website\"},\"primaryImageOfPage\":{\"@id\":\"https:\\\/\\\/www.icasque.com\\\/liveloveride\\\/justine-pedemonte\\\/#primaryimage\"},\"image\":{\"@id\":\"https:\\\/\\\/www.icasque.com\\\/liveloveride\\\/justine-pedemonte\\\/#primaryimage\"},\"thumbnailUrl\":\"https:\\\/\\\/www.icasque.com\\\/liveloveride\\\/wp-content\\\/uploads\\\/2018\\\/08\\\/Justine-Pedemonte_1.jpg\",\"datePublished\":\"2018-08-22T16:41:04+00:00\",\"dateModified\":\"2018-12-13T15:52:17+00:00\",\"description\":\"Dans le village de Contes, Justine Pedemonte\u00a0n\u2019a que 11 ans mais elle fait partie de ces enfants motiv\u00e9s comme jamais pour percer dans le sport moto.\",\"breadcrumb\":{\"@id\":\"https:\\\/\\\/www.icasque.com\\\/liveloveride\\\/justine-pedemonte\\\/#breadcrumb\"},\"inLanguage\":\"fr-FR\",\"potentialAction\":[{\"@type\":\"ReadAction\",\"target\":[\"https:\\\/\\\/www.icasque.com\\\/liveloveride\\\/justine-pedemonte\\\/\"]}]},{\"@type\":\"ImageObject\",\"inLanguage\":\"fr-FR\",\"@id\":\"https:\\\/\\\/www.icasque.com\\\/liveloveride\\\/justine-pedemonte\\\/#primaryimage\",\"url\":\"https:\\\/\\\/www.icasque.com\\\/liveloveride\\\/wp-content\\\/uploads\\\/2018\\\/08\\\/Justine-Pedemonte_1.jpg\",\"contentUrl\":\"https:\\\/\\\/www.icasque.com\\\/liveloveride\\\/wp-content\\\/uploads\\\/2018\\\/08\\\/Justine-Pedemonte_1.jpg\",\"width\":1020,\"height\":668,\"caption\":\"Justine Pedemonte 1\"},{\"@type\":\"BreadcrumbList\",\"@id\":\"https:\\\/\\\/www.icasque.com\\\/liveloveride\\\/justine-pedemonte\\\/#breadcrumb\",\"itemListElement\":[{\"@type\":\"ListItem\",\"position\":1,\"name\":\"Accueil\",\"item\":\"https:\\\/\\\/www.icasque.com\\\/liveloveride\\\/\"},{\"@type\":\"ListItem\",\"position\":2,\"name\":\"Justine Pedemonte\u00a0: 11 ans et de la d\u00e9termination \u00e0 revendre\"}]},{\"@type\":\"WebSite\",\"@id\":\"https:\\\/\\\/www.icasque.com\\\/liveloveride\\\/#website\",\"url\":\"https:\\\/\\\/www.icasque.com\\\/liveloveride\\\/\",\"name\":\"Le blog iCasque\",\"description\":\"Le blog moto\",\"publisher\":{\"@id\":\"https:\\\/\\\/www.icasque.com\\\/liveloveride\\\/#organization\"},\"potentialAction\":[{\"@type\":\"SearchAction\",\"target\":{\"@type\":\"EntryPoint\",\"urlTemplate\":\"https:\\\/\\\/www.icasque.com\\\/liveloveride\\\/?s={search_term_string}\"},\"query-input\":{\"@type\":\"PropertyValueSpecification\",\"valueRequired\":true,\"valueName\":\"search_term_string\"}}],\"inLanguage\":\"fr-FR\"},{\"@type\":\"Organization\",\"@id\":\"https:\\\/\\\/www.icasque.com\\\/liveloveride\\\/#organization\",\"name\":\"ICC\",\"url\":\"https:\\\/\\\/www.icasque.com\\\/liveloveride\\\/\",\"logo\":{\"@type\":\"ImageObject\",\"inLanguage\":\"fr-FR\",\"@id\":\"https:\\\/\\\/www.icasque.com\\\/liveloveride\\\/#\\\/schema\\\/logo\\\/image\\\/\",\"url\":\"https:\\\/\\\/www.icasque.com\\\/liveloveride\\\/wp-content\\\/uploads\\\/2018\\\/02\\\/logo-icasque_1200x1200-e1519038889300.jpg\",\"contentUrl\":\"https:\\\/\\\/www.icasque.com\\\/liveloveride\\\/wp-content\\\/uploads\\\/2018\\\/02\\\/logo-icasque_1200x1200-e1519038889300.jpg\",\"width\":150,\"height\":150,\"caption\":\"ICC\"},\"image\":{\"@id\":\"https:\\\/\\\/www.icasque.com\\\/liveloveride\\\/#\\\/schema\\\/logo\\\/image\\\/\"}},{\"@type\":\"Person\",\"@id\":\"https:\\\/\\\/www.icasque.com\\\/liveloveride\\\/#\\\/schema\\\/person\\\/76c225c786fc7f67504a507ffafb4eef\",\"name\":\"Nicolas\",\"image\":{\"@type\":\"ImageObject\",\"inLanguage\":\"fr-FR\",\"@id\":\"https:\\\/\\\/secure.gravatar.com\\\/avatar\\\/0549c7fe01af44508a765d0d3010cdf923ffab7d78455cbbf28f82a0f83ec333?s=96&d=mm&r=g\",\"url\":\"https:\\\/\\\/secure.gravatar.com\\\/avatar\\\/0549c7fe01af44508a765d0d3010cdf923ffab7d78455cbbf28f82a0f83ec333?s=96&d=mm&r=g\",\"contentUrl\":\"https:\\\/\\\/secure.gravatar.com\\\/avatar\\\/0549c7fe01af44508a765d0d3010cdf923ffab7d78455cbbf28f82a0f83ec333?s=96&d=mm&r=g\",\"caption\":\"Nicolas\"},\"description\":\"Je suis convaincu que la passion nous emporte loin...surtout si on y va \u00e0 moto ! Avec mon supermotard 50 cm3 \u00e0 mes d\u00e9buts jusqu'\u00e0 ma sportive 1000 cm3 aujourd'hui, je roule depuis 15 ans. Je roule en ville et en montagne, sous le soleil et la pluie, sur la route et sur circuit : pour moi, la moto se vit 365 jours par an. Si on partage cette passion ensemble, c'est encore mieux, non ? Alors c'est parti : live, love, ride !\",\"url\":\"https:\\\/\\\/www.icasque.com\\\/liveloveride\\\/author\\\/nicolas\\\/\"}]}<\/script>\n<!-- \/ Yoast SEO plugin. -->","yoast_head_json":{"title":"Justine Pedemonte\u00a0: 11 ans et de la d\u00e9termination \u00e0 revendre - Le blog iCasque","description":"Dans le village de Contes, Justine Pedemonte\u00a0n\u2019a que 11 ans mais elle fait partie de ces enfants motiv\u00e9s comme jamais pour percer dans le sport moto.","robots":{"index":"index","follow":"follow","max-snippet":"max-snippet:-1","max-image-preview":"max-image-preview:large","max-video-preview":"max-video-preview:-1"},"canonical":"https:\/\/www.icasque.com\/liveloveride\/justine-pedemonte\/","og_locale":"fr_FR","og_type":"article","og_title":"Justine Pedemonte\u00a0: 11 ans et de la d\u00e9termination \u00e0 revendre - Le blog iCasque","og_description":"Dans le village de Contes, Justine Pedemonte\u00a0n\u2019a que 11 ans mais elle fait partie de ces enfants motiv\u00e9s comme jamais pour percer dans le sport moto.","og_url":"https:\/\/www.icasque.com\/liveloveride\/justine-pedemonte\/","og_site_name":"Le blog iCasque","article_published_time":"2018-08-22T16:41:04+00:00","article_modified_time":"2018-12-13T15:52:17+00:00","og_image":[{"width":1020,"height":668,"url":"https:\/\/www.icasque.com\/liveloveride\/wp-content\/uploads\/2018\/08\/Justine-Pedemonte_1.jpg","type":"image\/jpeg"}],"author":"Nicolas","twitter_card":"summary_large_image","twitter_misc":{"\u00c9crit par":"Nicolas","Dur\u00e9e de lecture estim\u00e9e":"7 minutes"},"schema":{"@context":"https:\/\/schema.org","@graph":[{"@type":"Article","@id":"https:\/\/www.icasque.com\/liveloveride\/justine-pedemonte\/#article","isPartOf":{"@id":"https:\/\/www.icasque.com\/liveloveride\/justine-pedemonte\/"},"author":{"name":"Nicolas","@id":"https:\/\/www.icasque.com\/liveloveride\/#\/schema\/person\/76c225c786fc7f67504a507ffafb4eef"},"headline":"Justine Pedemonte\u00a0: 11 ans et de la d\u00e9termination \u00e0 revendre","datePublished":"2018-08-22T16:41:04+00:00","dateModified":"2018-12-13T15:52:17+00:00","mainEntityOfPage":{"@id":"https:\/\/www.icasque.com\/liveloveride\/justine-pedemonte\/"},"wordCount":1449,"commentCount":4,"publisher":{"@id":"https:\/\/www.icasque.com\/liveloveride\/#organization"},"image":{"@id":"https:\/\/www.icasque.com\/liveloveride\/justine-pedemonte\/#primaryimage"},"thumbnailUrl":"https:\/\/www.icasque.com\/liveloveride\/wp-content\/uploads\/2018\/08\/Justine-Pedemonte_1.jpg","keywords":["fille pilote","fille pilote moto","justine pedemonte","pilote","pilote moto"],"articleSection":["Culture moto","Moto au f\u00e9minin","Portraits"],"inLanguage":"fr-FR","potentialAction":[{"@type":"CommentAction","name":"Comment","target":["https:\/\/www.icasque.com\/liveloveride\/justine-pedemonte\/#respond"]}]},{"@type":"WebPage","@id":"https:\/\/www.icasque.com\/liveloveride\/justine-pedemonte\/","url":"https:\/\/www.icasque.com\/liveloveride\/justine-pedemonte\/","name":"Justine Pedemonte\u00a0: 11 ans et de la d\u00e9termination \u00e0 revendre - Le blog iCasque","isPartOf":{"@id":"https:\/\/www.icasque.com\/liveloveride\/#website"},"primaryImageOfPage":{"@id":"https:\/\/www.icasque.com\/liveloveride\/justine-pedemonte\/#primaryimage"},"image":{"@id":"https:\/\/www.icasque.com\/liveloveride\/justine-pedemonte\/#primaryimage"},"thumbnailUrl":"https:\/\/www.icasque.com\/liveloveride\/wp-content\/uploads\/2018\/08\/Justine-Pedemonte_1.jpg","datePublished":"2018-08-22T16:41:04+00:00","dateModified":"2018-12-13T15:52:17+00:00","description":"Dans le village de Contes, Justine Pedemonte\u00a0n\u2019a que 11 ans mais elle fait partie de ces enfants motiv\u00e9s comme jamais pour percer dans le sport moto.","breadcrumb":{"@id":"https:\/\/www.icasque.com\/liveloveride\/justine-pedemonte\/#breadcrumb"},"inLanguage":"fr-FR","potentialAction":[{"@type":"ReadAction","target":["https:\/\/www.icasque.com\/liveloveride\/justine-pedemonte\/"]}]},{"@type":"ImageObject","inLanguage":"fr-FR","@id":"https:\/\/www.icasque.com\/liveloveride\/justine-pedemonte\/#primaryimage","url":"https:\/\/www.icasque.com\/liveloveride\/wp-content\/uploads\/2018\/08\/Justine-Pedemonte_1.jpg","contentUrl":"https:\/\/www.icasque.com\/liveloveride\/wp-content\/uploads\/2018\/08\/Justine-Pedemonte_1.jpg","width":1020,"height":668,"caption":"Justine Pedemonte 1"},{"@type":"BreadcrumbList","@id":"https:\/\/www.icasque.com\/liveloveride\/justine-pedemonte\/#breadcrumb","itemListElement":[{"@type":"ListItem","position":1,"name":"Accueil","item":"https:\/\/www.icasque.com\/liveloveride\/"},{"@type":"ListItem","position":2,"name":"Justine Pedemonte\u00a0: 11 ans et de la d\u00e9termination \u00e0 revendre"}]},{"@type":"WebSite","@id":"https:\/\/www.icasque.com\/liveloveride\/#website","url":"https:\/\/www.icasque.com\/liveloveride\/","name":"Le blog iCasque","description":"Le blog moto","publisher":{"@id":"https:\/\/www.icasque.com\/liveloveride\/#organization"},"potentialAction":[{"@type":"SearchAction","target":{"@type":"EntryPoint","urlTemplate":"https:\/\/www.icasque.com\/liveloveride\/?s={search_term_string}"},"query-input":{"@type":"PropertyValueSpecification","valueRequired":true,"valueName":"search_term_string"}}],"inLanguage":"fr-FR"},{"@type":"Organization","@id":"https:\/\/www.icasque.com\/liveloveride\/#organization","name":"ICC","url":"https:\/\/www.icasque.com\/liveloveride\/","logo":{"@type":"ImageObject","inLanguage":"fr-FR","@id":"https:\/\/www.icasque.com\/liveloveride\/#\/schema\/logo\/image\/","url":"https:\/\/www.icasque.com\/liveloveride\/wp-content\/uploads\/2018\/02\/logo-icasque_1200x1200-e1519038889300.jpg","contentUrl":"https:\/\/www.icasque.com\/liveloveride\/wp-content\/uploads\/2018\/02\/logo-icasque_1200x1200-e1519038889300.jpg","width":150,"height":150,"caption":"ICC"},"image":{"@id":"https:\/\/www.icasque.com\/liveloveride\/#\/schema\/logo\/image\/"}},{"@type":"Person","@id":"https:\/\/www.icasque.com\/liveloveride\/#\/schema\/person\/76c225c786fc7f67504a507ffafb4eef","name":"Nicolas","image":{"@type":"ImageObject","inLanguage":"fr-FR","@id":"https:\/\/secure.gravatar.com\/avatar\/0549c7fe01af44508a765d0d3010cdf923ffab7d78455cbbf28f82a0f83ec333?s=96&d=mm&r=g","url":"https:\/\/secure.gravatar.com\/avatar\/0549c7fe01af44508a765d0d3010cdf923ffab7d78455cbbf28f82a0f83ec333?s=96&d=mm&r=g","contentUrl":"https:\/\/secure.gravatar.com\/avatar\/0549c7fe01af44508a765d0d3010cdf923ffab7d78455cbbf28f82a0f83ec333?s=96&d=mm&r=g","caption":"Nicolas"},"description":"Je suis convaincu que la passion nous emporte loin...surtout si on y va \u00e0 moto ! Avec mon supermotard 50 cm3 \u00e0 mes d\u00e9buts jusqu'\u00e0 ma sportive 1000 cm3 aujourd'hui, je roule depuis 15 ans. Je roule en ville et en montagne, sous le soleil et la pluie, sur la route et sur circuit : pour moi, la moto se vit 365 jours par an. Si on partage cette passion ensemble, c'est encore mieux, non ? Alors c'est parti : live, love, ride !","url":"https:\/\/www.icasque.com\/liveloveride\/author\/nicolas\/"}]}},"modified_by":"Nicolas","_links":{"self":[{"href":"https:\/\/www.icasque.com\/liveloveride\/wp-json\/wp\/v2\/posts\/6697","targetHints":{"allow":["GET"]}}],"collection":[{"href":"https:\/\/www.icasque.com\/liveloveride\/wp-json\/wp\/v2\/posts"}],"about":[{"href":"https:\/\/www.icasque.com\/liveloveride\/wp-json\/wp\/v2\/types\/post"}],"author":[{"embeddable":true,"href":"https:\/\/www.icasque.com\/liveloveride\/wp-json\/wp\/v2\/users\/15"}],"replies":[{"embeddable":true,"href":"https:\/\/www.icasque.com\/liveloveride\/wp-json\/wp\/v2\/comments?post=6697"}],"version-history":[{"count":12,"href":"https:\/\/www.icasque.com\/liveloveride\/wp-json\/wp\/v2\/posts\/6697\/revisions"}],"predecessor-version":[{"id":6722,"href":"https:\/\/www.icasque.com\/liveloveride\/wp-json\/wp\/v2\/posts\/6697\/revisions\/6722"}],"wp:featuredmedia":[{"embeddable":true,"href":"https:\/\/www.icasque.com\/liveloveride\/wp-json\/wp\/v2\/media\/6699"}],"wp:attachment":[{"href":"https:\/\/www.icasque.com\/liveloveride\/wp-json\/wp\/v2\/media?parent=6697"}],"wp:term":[{"taxonomy":"category","embeddable":true,"href":"https:\/\/www.icasque.com\/liveloveride\/wp-json\/wp\/v2\/categories?post=6697"},{"taxonomy":"post_tag","embeddable":true,"href":"https:\/\/www.icasque.com\/liveloveride\/wp-json\/wp\/v2\/tags?post=6697"}],"curies":[{"name":"wp","href":"https:\/\/api.w.org\/{rel}","templated":true}]}}