{"id":7708,"date":"2018-12-31T16:56:51","date_gmt":"2018-12-31T15:56:51","guid":{"rendered":"https:\/\/blog.icasque.com\/?p=7708"},"modified":"2018-12-31T16:56:51","modified_gmt":"2018-12-31T15:56:51","slug":"retour-aux-origines-du-trail-yamaha-tenere-700","status":"publish","type":"post","link":"https:\/\/www.icasque.com\/liveloveride\/retour-aux-origines-du-trail-yamaha-tenere-700\/","title":{"rendered":"Le retour aux origines du trail : la Yamaha T\u00e9n\u00e9r\u00e9 700 est-elle la bonne r\u00e9solution de 2019 ?"},"content":{"rendered":"<p><strong>Plus que quelques heures avant 2019 et plus que quelques jours avant le d\u00e9part de l\u2019un des rallyes-raids les plus prestigieux et difficiles au monde : du 7 au 17 janvier 2019, le P\u00e9rou accueille le 41e Dakar ! Si vous ne vous sentez pas d\u2019attaque pour le d\u00e9sert sud-am\u00e9ricain, l\u2019esprit d\u2019aventure reste \u00e0 port\u00e9e de guidon avec la nouvelle Yamaha T\u00e9n\u00e9r\u00e9 700 !<\/strong><\/p>\n<p><!--more--><\/p>\n<p>La T\u00e9n\u00e9r\u00e9 de moyenne cylindr\u00e9e est enfin pass\u00e9e du concept \u00e0 la r\u00e9alit\u00e9. Il y a 2 ans, en novembre 2016, Yamaha pr\u00e9sentait le \u00ab Concept T7 \u00bb, une moto au moteur et \u00e0 la partie-cycle \u00e9tudi\u00e9s pour casser la tendance des trails inadapt\u00e9s au off-road. La marque japonaise a ensuite fait \u00e9voluer son concept et d\u00e9velopp\u00e9e le prototype T\u00e9n\u00e9r\u00e9 700 World Raid pour tester concr\u00e8tement la machine sur le terrain en 2018 : au cours de l\u2019ann\u00e9e, des pilotes et ambassadeurs Yamaha se sont relay\u00e9s au guidon du prototype pour relever quatre <a href=\"https:\/\/world-raid.com\/fr\/\" target=\"_blank\" rel=\"noopener\">d\u00e9fis sportifs<\/a> \u00e0 travers le monde. Enfin, apr\u00e8s des mois d\u2019attente, la version d\u00e9finitive de la moto pour le grand public a \u00e9t\u00e9 r\u00e9v\u00e9l\u00e9e en novembre dernier au salon de Milan 2018 et se nomme T\u00e9n\u00e9r\u00e9 700.<\/p>\n<figure id=\"attachment_7711\" aria-describedby=\"caption-attachment-7711\" style=\"width: 1024px\" class=\"wp-caption alignnone\"><img fetchpriority=\"high\" decoding=\"async\" alt=\"Yamaha Te\u0301ne\u0301re\u0301 700 2\" class=\"wp-image-771\"\" src=\"https:\/\/www.icasque.com\/liveloveride\/wp-content\/uploads\/2018\/12\/Yamaha-Te\u0301ne\u0301re\u0301-700_2-1024x682.jpg\"  width=\"1024\" height=\"682\" \/><figcaption id=\"caption-attachment-7711\" class=\"wp-caption-text\">Le Concept T7 de Yamaha expos\u00e9 \u00e0 l\u2019EICMA 2018 de Milan. (Cr\u00e9dits : Nicolas Bassand)<\/figcaption><\/figure>\n<figure id=\"attachment_7712\" aria-describedby=\"caption-attachment-7712\" style=\"width: 1024px\" class=\"wp-caption alignnone\"><img decoding=\"async\" alt=\"Yamaha Te\u0301ne\u0301re\u0301 700 3\" class=\"wp-image-771\"\" src=\"https:\/\/www.icasque.com\/liveloveride\/wp-content\/uploads\/2018\/12\/Yamaha-Te\u0301ne\u0301re\u0301-700_3-1024x694.jpg\"  width=\"1024\" height=\"694\" \/><figcaption id=\"caption-attachment-7712\" class=\"wp-caption-text\">Le prototype T\u00e9n\u00e9r\u00e9 700 World Raid, \u00e9galement expos\u00e9 \u00e0 l\u2019EICMA 2018 de Milan. (Cr\u00e9dits : Nicolas Bassand)<\/figcaption><\/figure>\n<h4><\/h4>\n<h4><strong>Retour aux sources : allez viens, je t\u2019emm\u00e8ne au vent<\/strong><\/h4>\n<p>Avec la T\u00e9n\u00e9r\u00e9 700, on est loin des maxi-trails de 1200 cm3 (ou plus) qui forment le cr\u00e9neau des trails haut de gamme et que l\u2019on voit surtout \u00e9voluer sur la route. La nouvelle Yamaha est une moto de moyenne cylindr\u00e9e qui revient aux origines du trail, c\u2019est-\u00e0-dire une machine passe-partout, \u00e0 l\u2019aise sur route mais \u00e9galement sur les chemins et m\u00eame hors des sentiers battus : la T\u00e9n\u00e9r\u00e9 700 est une moto fine avec des suspensions \u00e0 fort d\u00e9battement (210 mm \u00e0 l\u2019avant et 200mm \u00e0 l\u2019arri\u00e8re), des roues \u00e0 rayons de 21 et 18 pouces, des pneus mixtes route\/tout-terrain et enfin une garde au sol de 240 mm. Tout \u00e7a se \u00ab paye \u00bb tout de m\u00eame avec une hauteur de selle importante de 880 mm ! Les quatre phares \u00e0 leds soulignent l\u2019esprit rallye-raid et comp\u00e9tition pour vous rappeler que cette moto peut vous emmener au bout du monde !<\/p>\n<figure id=\"attachment_7713\" aria-describedby=\"caption-attachment-7713\" style=\"width: 1024px\" class=\"wp-caption alignnone\"><img decoding=\"async\" alt=\"Yamaha Te\u0301ne\u0301re\u0301 700 4\" class=\"wp-image-771\"\" src=\"https:\/\/www.icasque.com\/liveloveride\/wp-content\/uploads\/2018\/12\/Yamaha-Te\u0301ne\u0301re\u0301-700_4-1024x576.jpg\"  width=\"1024\" height=\"576\" \/><figcaption id=\"caption-attachment-7713\" class=\"wp-caption-text\">La T\u00e9n\u00e9r\u00e9 700 et son optique \u00e0 leds : m\u00eame sans le d\u00e9sert autour de vous, l\u2019esprit rallye-raid sera l\u00e0 ! (Cr\u00e9dits : Yamaha)<\/figcaption><\/figure>\n<p>Niveau motorisation, on retrouve le bloc bicylindre de 689 cm3 qui \u00e9quipe la MT-07 (la moto la plus vendue chez Yamaha) : il d\u00e9livre ici une puissance de 73 ch \u00e0 9000 tr\/min et un couple de 6,9 Mkg \u00e0 6500 tr\/min.<\/p>\n<p>Yamaha n\u2019a pas encore annonc\u00e9 le poids de la T\u00e9n\u00e9r\u00e9 700 mais avec son orientation tout-terrain, son r\u00e9servoir de 16 litres (environ 350 km d\u2019autonomie d\u2019apr\u00e8s Yamaha) et son cadre en acier \u00e0 double berceau, on peut s\u2019attendre \u00e0 une moto l\u00e9g\u00e8re.<\/p>\n<p>Enfin, le prix est l\u2019autre informatique encore manquante. On conna\u00eet en revanche la disponibilit\u00e9 : il faudra attendre un peu puisque la T\u00e9n\u00e9r\u00e9 700 arrivera sur le march\u00e9 \u00e0 partir du deuxi\u00e8me semestre 2019.<\/p>\n<figure id=\"attachment_7714\" aria-describedby=\"caption-attachment-7714\" style=\"width: 1024px\" class=\"wp-caption alignnone\"><img loading=\"lazy\" decoding=\"async\" alt=\"Yamaha Te\u0301ne\u0301re\u0301 700 5\" class=\"wp-image-771\"\" src=\"https:\/\/www.icasque.com\/liveloveride\/wp-content\/uploads\/2018\/12\/Yamaha-Te\u0301ne\u0301re\u0301-700_5-1024x682.jpg\"  width=\"1024\" height=\"682\" \/><figcaption id=\"caption-attachment-7714\" class=\"wp-caption-text\">Loin du d\u00e9sert, la Yamaha T\u00e9n\u00e9r\u00e9 700 \u00e9tait pr\u00e9sente \u00e0 l\u2019EICMA de Milan cette ann\u00e9e, o\u00f9 elle \u00e9tait enfin r\u00e9v\u00e9l\u00e9e au public pour la premi\u00e8re fois ! (Cr\u00e9dits : Nicolas Bassand)<\/figcaption><\/figure>\n<h4><\/h4>\n<h4><strong>Nouvelle ann\u00e9e, nouvelle(s) r\u00e9solution(s)<\/strong><\/h4>\n<p>Le trail de moyenne cylindr\u00e9e est un cr\u00e9neau avec une concurrence marqu\u00e9e : la Yamaha T\u00e9n\u00e9r\u00e9 700 va faire face \u00e0 des motos comme les BMW F 750 GS et F 850 GS, les Triumph Tiger 800 XCx et XCa, ou encore la Suzuki V-Storm 650XT et bien s\u00fbr la tr\u00e8s attendue KTM 790 Adventure R (\u00e0 retrouver <a href=\"https:\/\/www.icasque.com\/liveloveride\/eicma-2018-milan-premiere-journee-photos\/\" target=\"_blank\" rel=\"noopener\">ici<\/a> dans notre galerie photos de l\u2019EICMA).<\/p>\n<figure id=\"attachment_7715\" aria-describedby=\"caption-attachment-7715\" style=\"width: 1024px\" class=\"wp-caption alignnone\"><img loading=\"lazy\" decoding=\"async\" alt=\"Yamaha Te\u0301ne\u0301re\u0301 700 6\" class=\"wp-image-771\"\" src=\"https:\/\/www.icasque.com\/liveloveride\/wp-content\/uploads\/2018\/12\/Yamaha-Te\u0301ne\u0301re\u0301-700_6-1024x576.jpg\"  width=\"1024\" height=\"576\" \/><figcaption id=\"caption-attachment-7715\" class=\"wp-caption-text\">Yamaha T\u00e9n\u00e9r\u00e9 700 : c\u2019est parti pour les grands espaces ! On note bien s\u00fbr que les marques de moto sont tr\u00e8s fortes pour r\u00e9aliser des photos promotionnelles qui en mettent plein la vue ! (Cr\u00e9dits : Yamaha)<\/figcaption><\/figure>\n<p>Et si le retour aux origines du trail \u00e9tait en fait un voyage vers le futur de la moto ? Dans un contexte soci\u00e9tal qui n\u2019accueille pas la performance pure et la vitesse \u00e0 bras ouverts, la Yamaha T\u00e9n\u00e9r\u00e9 700 peut \u00eatre la bonne r\u00e9solution de 2019, ou plut\u00f4t de la deuxi\u00e8me moiti\u00e9 de 2019 vu sa sortie au second semestre : la T\u00e9n\u00e9r\u00e9 700 peut \u00eatre un symbole des plaisirs presque simples et de l\u2019inspiration des grands espaces. Comme disent beaucoup nos amis am\u00e9ricains : \u00ab think bigger \u00bb.<\/p>\n","protected":false},"excerpt":{"rendered":"<p>Plus que quelques heures avant 2019 et plus que quelques jours avant le d\u00e9part de l\u2019un des rallyes-raids les plus prestigieux et difficiles au monde : du 7 au 17 janvier 2019, le P\u00e9rou accueille le 41e Dakar ! Si vous ne vous sentez pas d\u2019attaque pour le d\u00e9sert sud-am\u00e9ricain, l\u2019esprit d\u2019aventure reste \u00e0 port\u00e9e [&hellip;]<\/p>\n","protected":false},"author":15,"featured_media":7710,"comment_status":"open","ping_status":"open","sticky":false,"template":"","format":"standard","meta":{"_lmt_disableupdate":"","_lmt_disable":"","footnotes":""},"categories":[229,279,234],"tags":[339,340,274,367],"class_list":["post-7708","post","type-post","status-publish","format-standard","has-post-thumbnail","hentry","category-actu","category-culture-moto","category-evenements","tag-eicma","tag-milan","tag-trail","tag-yamaha-tenere"],"yoast_head":"<!-- This site is optimized with the Yoast SEO plugin v27.5 - https:\/\/yoast.com\/product\/yoast-seo-wordpress\/ -->\n<title>Le retour aux origines du trail : la Yamaha T\u00e9n\u00e9r\u00e9 700 est-elle la bonne r\u00e9solution de 2019 ? - Le blog iCasque<\/title>\n<meta name=\"description\" content=\"Le 41e Dakar d\u00e9marre bient\u00f4t : si vous ne vous sentez pas d\u2019attaque, l\u2019esprit d\u2019aventure reste \u00e0 port\u00e9e de guidon avec la nouvelle Yamaha T\u00e9n\u00e9r\u00e9 700 !\" \/>\n<meta name=\"robots\" content=\"index, follow, max-snippet:-1, max-image-preview:large, max-video-preview:-1\" \/>\n<link rel=\"canonical\" href=\"https:\/\/www.icasque.com\/liveloveride\/retour-aux-origines-du-trail-yamaha-tenere-700\/\" \/>\n<meta property=\"og:locale\" content=\"fr_FR\" \/>\n<meta property=\"og:type\" content=\"article\" \/>\n<meta property=\"og:title\" content=\"Le retour aux origines du trail : la Yamaha T\u00e9n\u00e9r\u00e9 700 est-elle la bonne r\u00e9solution de 2019 ? - Le blog iCasque\" \/>\n<meta property=\"og:description\" content=\"Le 41e Dakar d\u00e9marre bient\u00f4t : si vous ne vous sentez pas d\u2019attaque, l\u2019esprit d\u2019aventure reste \u00e0 port\u00e9e de guidon avec la nouvelle Yamaha T\u00e9n\u00e9r\u00e9 700 !\" \/>\n<meta property=\"og:url\" content=\"https:\/\/www.icasque.com\/liveloveride\/retour-aux-origines-du-trail-yamaha-tenere-700\/\" \/>\n<meta property=\"og:site_name\" content=\"Le blog iCasque\" \/>\n<meta property=\"article:published_time\" content=\"2018-12-31T15:56:51+00:00\" \/>\n<meta property=\"og:image\" content=\"https:\/\/www.icasque.com\/liveloveride\/wp-content\/uploads\/2018\/12\/Yamaha-Te\u0301ne\u0301re\u0301-700_1.jpg\" \/>\n\t<meta property=\"og:image:width\" content=\"2000\" \/>\n\t<meta property=\"og:image:height\" content=\"1125\" \/>\n\t<meta property=\"og:image:type\" content=\"image\/jpeg\" \/>\n<meta name=\"author\" content=\"Nicolas\" \/>\n<meta name=\"twitter:card\" content=\"summary_large_image\" \/>\n<meta name=\"twitter:label1\" content=\"\u00c9crit par\" \/>\n\t<meta name=\"twitter:data1\" content=\"Nicolas\" \/>\n\t<meta name=\"twitter:label2\" content=\"Dur\u00e9e de lecture estim\u00e9e\" \/>\n\t<meta name=\"twitter:data2\" content=\"3 minutes\" \/>\n<script type=\"application\/ld+json\" class=\"yoast-schema-graph\">{\"@context\":\"https:\\\/\\\/schema.org\",\"@graph\":[{\"@type\":\"Article\",\"@id\":\"https:\\\/\\\/www.icasque.com\\\/liveloveride\\\/retour-aux-origines-du-trail-yamaha-tenere-700\\\/#article\",\"isPartOf\":{\"@id\":\"https:\\\/\\\/www.icasque.com\\\/liveloveride\\\/retour-aux-origines-du-trail-yamaha-tenere-700\\\/\"},\"author\":{\"name\":\"Nicolas\",\"@id\":\"https:\\\/\\\/www.icasque.com\\\/liveloveride\\\/#\\\/schema\\\/person\\\/76c225c786fc7f67504a507ffafb4eef\"},\"headline\":\"Le retour aux origines du trail : la Yamaha T\u00e9n\u00e9r\u00e9 700 est-elle la bonne r\u00e9solution de 2019 ?\",\"datePublished\":\"2018-12-31T15:56:51+00:00\",\"mainEntityOfPage\":{\"@id\":\"https:\\\/\\\/www.icasque.com\\\/liveloveride\\\/retour-aux-origines-du-trail-yamaha-tenere-700\\\/\"},\"wordCount\":538,\"commentCount\":0,\"publisher\":{\"@id\":\"https:\\\/\\\/www.icasque.com\\\/liveloveride\\\/#organization\"},\"image\":{\"@id\":\"https:\\\/\\\/www.icasque.com\\\/liveloveride\\\/retour-aux-origines-du-trail-yamaha-tenere-700\\\/#primaryimage\"},\"thumbnailUrl\":\"https:\\\/\\\/www.icasque.com\\\/liveloveride\\\/wp-content\\\/uploads\\\/2018\\\/12\\\/Yamaha-Te\u0301ne\u0301re\u0301-700_1.jpg\",\"keywords\":[\"eicma\",\"milan\",\"trail\",\"yamaha t\u00e9n\u00e9r\u00e9\"],\"articleSection\":[\"Actu\",\"Culture moto\",\"Evenements\"],\"inLanguage\":\"fr-FR\",\"potentialAction\":[{\"@type\":\"CommentAction\",\"name\":\"Comment\",\"target\":[\"https:\\\/\\\/www.icasque.com\\\/liveloveride\\\/retour-aux-origines-du-trail-yamaha-tenere-700\\\/#respond\"]}]},{\"@type\":\"WebPage\",\"@id\":\"https:\\\/\\\/www.icasque.com\\\/liveloveride\\\/retour-aux-origines-du-trail-yamaha-tenere-700\\\/\",\"url\":\"https:\\\/\\\/www.icasque.com\\\/liveloveride\\\/retour-aux-origines-du-trail-yamaha-tenere-700\\\/\",\"name\":\"Le retour aux origines du trail : la Yamaha T\u00e9n\u00e9r\u00e9 700 est-elle la bonne r\u00e9solution de 2019 ? - Le blog iCasque\",\"isPartOf\":{\"@id\":\"https:\\\/\\\/www.icasque.com\\\/liveloveride\\\/#website\"},\"primaryImageOfPage\":{\"@id\":\"https:\\\/\\\/www.icasque.com\\\/liveloveride\\\/retour-aux-origines-du-trail-yamaha-tenere-700\\\/#primaryimage\"},\"image\":{\"@id\":\"https:\\\/\\\/www.icasque.com\\\/liveloveride\\\/retour-aux-origines-du-trail-yamaha-tenere-700\\\/#primaryimage\"},\"thumbnailUrl\":\"https:\\\/\\\/www.icasque.com\\\/liveloveride\\\/wp-content\\\/uploads\\\/2018\\\/12\\\/Yamaha-Te\u0301ne\u0301re\u0301-700_1.jpg\",\"datePublished\":\"2018-12-31T15:56:51+00:00\",\"description\":\"Le 41e Dakar d\u00e9marre bient\u00f4t : si vous ne vous sentez pas d\u2019attaque, l\u2019esprit d\u2019aventure reste \u00e0 port\u00e9e de guidon avec la nouvelle Yamaha T\u00e9n\u00e9r\u00e9 700 !\",\"breadcrumb\":{\"@id\":\"https:\\\/\\\/www.icasque.com\\\/liveloveride\\\/retour-aux-origines-du-trail-yamaha-tenere-700\\\/#breadcrumb\"},\"inLanguage\":\"fr-FR\",\"potentialAction\":[{\"@type\":\"ReadAction\",\"target\":[\"https:\\\/\\\/www.icasque.com\\\/liveloveride\\\/retour-aux-origines-du-trail-yamaha-tenere-700\\\/\"]}]},{\"@type\":\"ImageObject\",\"inLanguage\":\"fr-FR\",\"@id\":\"https:\\\/\\\/www.icasque.com\\\/liveloveride\\\/retour-aux-origines-du-trail-yamaha-tenere-700\\\/#primaryimage\",\"url\":\"https:\\\/\\\/www.icasque.com\\\/liveloveride\\\/wp-content\\\/uploads\\\/2018\\\/12\\\/Yamaha-Te\u0301ne\u0301re\u0301-700_1.jpg\",\"contentUrl\":\"https:\\\/\\\/www.icasque.com\\\/liveloveride\\\/wp-content\\\/uploads\\\/2018\\\/12\\\/Yamaha-Te\u0301ne\u0301re\u0301-700_1.jpg\",\"width\":2000,\"height\":1125,\"caption\":\"Yamaha Te\u0301ne\u0301re\u0301 700 1\"},{\"@type\":\"BreadcrumbList\",\"@id\":\"https:\\\/\\\/www.icasque.com\\\/liveloveride\\\/retour-aux-origines-du-trail-yamaha-tenere-700\\\/#breadcrumb\",\"itemListElement\":[{\"@type\":\"ListItem\",\"position\":1,\"name\":\"Accueil\",\"item\":\"https:\\\/\\\/www.icasque.com\\\/liveloveride\\\/\"},{\"@type\":\"ListItem\",\"position\":2,\"name\":\"Le retour aux origines du trail : la Yamaha T\u00e9n\u00e9r\u00e9 700 est-elle la bonne r\u00e9solution de 2019 ?\"}]},{\"@type\":\"WebSite\",\"@id\":\"https:\\\/\\\/www.icasque.com\\\/liveloveride\\\/#website\",\"url\":\"https:\\\/\\\/www.icasque.com\\\/liveloveride\\\/\",\"name\":\"Le blog iCasque\",\"description\":\"Le blog moto\",\"publisher\":{\"@id\":\"https:\\\/\\\/www.icasque.com\\\/liveloveride\\\/#organization\"},\"potentialAction\":[{\"@type\":\"SearchAction\",\"target\":{\"@type\":\"EntryPoint\",\"urlTemplate\":\"https:\\\/\\\/www.icasque.com\\\/liveloveride\\\/?s={search_term_string}\"},\"query-input\":{\"@type\":\"PropertyValueSpecification\",\"valueRequired\":true,\"valueName\":\"search_term_string\"}}],\"inLanguage\":\"fr-FR\"},{\"@type\":\"Organization\",\"@id\":\"https:\\\/\\\/www.icasque.com\\\/liveloveride\\\/#organization\",\"name\":\"ICC\",\"url\":\"https:\\\/\\\/www.icasque.com\\\/liveloveride\\\/\",\"logo\":{\"@type\":\"ImageObject\",\"inLanguage\":\"fr-FR\",\"@id\":\"https:\\\/\\\/www.icasque.com\\\/liveloveride\\\/#\\\/schema\\\/logo\\\/image\\\/\",\"url\":\"https:\\\/\\\/www.icasque.com\\\/liveloveride\\\/wp-content\\\/uploads\\\/2018\\\/02\\\/logo-icasque_1200x1200-e1519038889300.jpg\",\"contentUrl\":\"https:\\\/\\\/www.icasque.com\\\/liveloveride\\\/wp-content\\\/uploads\\\/2018\\\/02\\\/logo-icasque_1200x1200-e1519038889300.jpg\",\"width\":150,\"height\":150,\"caption\":\"ICC\"},\"image\":{\"@id\":\"https:\\\/\\\/www.icasque.com\\\/liveloveride\\\/#\\\/schema\\\/logo\\\/image\\\/\"}},{\"@type\":\"Person\",\"@id\":\"https:\\\/\\\/www.icasque.com\\\/liveloveride\\\/#\\\/schema\\\/person\\\/76c225c786fc7f67504a507ffafb4eef\",\"name\":\"Nicolas\",\"image\":{\"@type\":\"ImageObject\",\"inLanguage\":\"fr-FR\",\"@id\":\"https:\\\/\\\/secure.gravatar.com\\\/avatar\\\/0549c7fe01af44508a765d0d3010cdf923ffab7d78455cbbf28f82a0f83ec333?s=96&d=mm&r=g\",\"url\":\"https:\\\/\\\/secure.gravatar.com\\\/avatar\\\/0549c7fe01af44508a765d0d3010cdf923ffab7d78455cbbf28f82a0f83ec333?s=96&d=mm&r=g\",\"contentUrl\":\"https:\\\/\\\/secure.gravatar.com\\\/avatar\\\/0549c7fe01af44508a765d0d3010cdf923ffab7d78455cbbf28f82a0f83ec333?s=96&d=mm&r=g\",\"caption\":\"Nicolas\"},\"description\":\"Je suis convaincu que la passion nous emporte loin...surtout si on y va \u00e0 moto ! Avec mon supermotard 50 cm3 \u00e0 mes d\u00e9buts jusqu'\u00e0 ma sportive 1000 cm3 aujourd'hui, je roule depuis 15 ans. Je roule en ville et en montagne, sous le soleil et la pluie, sur la route et sur circuit : pour moi, la moto se vit 365 jours par an. Si on partage cette passion ensemble, c'est encore mieux, non ? Alors c'est parti : live, love, ride !\",\"url\":\"https:\\\/\\\/www.icasque.com\\\/liveloveride\\\/author\\\/nicolas\\\/\"}]}<\/script>\n<!-- \/ Yoast SEO plugin. -->","yoast_head_json":{"title":"Le retour aux origines du trail : la Yamaha T\u00e9n\u00e9r\u00e9 700 est-elle la bonne r\u00e9solution de 2019 ? - Le blog iCasque","description":"Le 41e Dakar d\u00e9marre bient\u00f4t : si vous ne vous sentez pas d\u2019attaque, l\u2019esprit d\u2019aventure reste \u00e0 port\u00e9e de guidon avec la nouvelle Yamaha T\u00e9n\u00e9r\u00e9 700 !","robots":{"index":"index","follow":"follow","max-snippet":"max-snippet:-1","max-image-preview":"max-image-preview:large","max-video-preview":"max-video-preview:-1"},"canonical":"https:\/\/www.icasque.com\/liveloveride\/retour-aux-origines-du-trail-yamaha-tenere-700\/","og_locale":"fr_FR","og_type":"article","og_title":"Le retour aux origines du trail : la Yamaha T\u00e9n\u00e9r\u00e9 700 est-elle la bonne r\u00e9solution de 2019 ? - Le blog iCasque","og_description":"Le 41e Dakar d\u00e9marre bient\u00f4t : si vous ne vous sentez pas d\u2019attaque, l\u2019esprit d\u2019aventure reste \u00e0 port\u00e9e de guidon avec la nouvelle Yamaha T\u00e9n\u00e9r\u00e9 700 !","og_url":"https:\/\/www.icasque.com\/liveloveride\/retour-aux-origines-du-trail-yamaha-tenere-700\/","og_site_name":"Le blog iCasque","article_published_time":"2018-12-31T15:56:51+00:00","og_image":[{"width":2000,"height":1125,"url":"https:\/\/www.icasque.com\/liveloveride\/wp-content\/uploads\/2018\/12\/Yamaha-Te\u0301ne\u0301re\u0301-700_1.jpg","type":"image\/jpeg"}],"author":"Nicolas","twitter_card":"summary_large_image","twitter_misc":{"\u00c9crit par":"Nicolas","Dur\u00e9e de lecture estim\u00e9e":"3 minutes"},"schema":{"@context":"https:\/\/schema.org","@graph":[{"@type":"Article","@id":"https:\/\/www.icasque.com\/liveloveride\/retour-aux-origines-du-trail-yamaha-tenere-700\/#article","isPartOf":{"@id":"https:\/\/www.icasque.com\/liveloveride\/retour-aux-origines-du-trail-yamaha-tenere-700\/"},"author":{"name":"Nicolas","@id":"https:\/\/www.icasque.com\/liveloveride\/#\/schema\/person\/76c225c786fc7f67504a507ffafb4eef"},"headline":"Le retour aux origines du trail : la Yamaha T\u00e9n\u00e9r\u00e9 700 est-elle la bonne r\u00e9solution de 2019 ?","datePublished":"2018-12-31T15:56:51+00:00","mainEntityOfPage":{"@id":"https:\/\/www.icasque.com\/liveloveride\/retour-aux-origines-du-trail-yamaha-tenere-700\/"},"wordCount":538,"commentCount":0,"publisher":{"@id":"https:\/\/www.icasque.com\/liveloveride\/#organization"},"image":{"@id":"https:\/\/www.icasque.com\/liveloveride\/retour-aux-origines-du-trail-yamaha-tenere-700\/#primaryimage"},"thumbnailUrl":"https:\/\/www.icasque.com\/liveloveride\/wp-content\/uploads\/2018\/12\/Yamaha-Te\u0301ne\u0301re\u0301-700_1.jpg","keywords":["eicma","milan","trail","yamaha t\u00e9n\u00e9r\u00e9"],"articleSection":["Actu","Culture moto","Evenements"],"inLanguage":"fr-FR","potentialAction":[{"@type":"CommentAction","name":"Comment","target":["https:\/\/www.icasque.com\/liveloveride\/retour-aux-origines-du-trail-yamaha-tenere-700\/#respond"]}]},{"@type":"WebPage","@id":"https:\/\/www.icasque.com\/liveloveride\/retour-aux-origines-du-trail-yamaha-tenere-700\/","url":"https:\/\/www.icasque.com\/liveloveride\/retour-aux-origines-du-trail-yamaha-tenere-700\/","name":"Le retour aux origines du trail : la Yamaha T\u00e9n\u00e9r\u00e9 700 est-elle la bonne r\u00e9solution de 2019 ? - Le blog iCasque","isPartOf":{"@id":"https:\/\/www.icasque.com\/liveloveride\/#website"},"primaryImageOfPage":{"@id":"https:\/\/www.icasque.com\/liveloveride\/retour-aux-origines-du-trail-yamaha-tenere-700\/#primaryimage"},"image":{"@id":"https:\/\/www.icasque.com\/liveloveride\/retour-aux-origines-du-trail-yamaha-tenere-700\/#primaryimage"},"thumbnailUrl":"https:\/\/www.icasque.com\/liveloveride\/wp-content\/uploads\/2018\/12\/Yamaha-Te\u0301ne\u0301re\u0301-700_1.jpg","datePublished":"2018-12-31T15:56:51+00:00","description":"Le 41e Dakar d\u00e9marre bient\u00f4t : si vous ne vous sentez pas d\u2019attaque, l\u2019esprit d\u2019aventure reste \u00e0 port\u00e9e de guidon avec la nouvelle Yamaha T\u00e9n\u00e9r\u00e9 700 !","breadcrumb":{"@id":"https:\/\/www.icasque.com\/liveloveride\/retour-aux-origines-du-trail-yamaha-tenere-700\/#breadcrumb"},"inLanguage":"fr-FR","potentialAction":[{"@type":"ReadAction","target":["https:\/\/www.icasque.com\/liveloveride\/retour-aux-origines-du-trail-yamaha-tenere-700\/"]}]},{"@type":"ImageObject","inLanguage":"fr-FR","@id":"https:\/\/www.icasque.com\/liveloveride\/retour-aux-origines-du-trail-yamaha-tenere-700\/#primaryimage","url":"https:\/\/www.icasque.com\/liveloveride\/wp-content\/uploads\/2018\/12\/Yamaha-Te\u0301ne\u0301re\u0301-700_1.jpg","contentUrl":"https:\/\/www.icasque.com\/liveloveride\/wp-content\/uploads\/2018\/12\/Yamaha-Te\u0301ne\u0301re\u0301-700_1.jpg","width":2000,"height":1125,"caption":"Yamaha Te\u0301ne\u0301re\u0301 700 1"},{"@type":"BreadcrumbList","@id":"https:\/\/www.icasque.com\/liveloveride\/retour-aux-origines-du-trail-yamaha-tenere-700\/#breadcrumb","itemListElement":[{"@type":"ListItem","position":1,"name":"Accueil","item":"https:\/\/www.icasque.com\/liveloveride\/"},{"@type":"ListItem","position":2,"name":"Le retour aux origines du trail : la Yamaha T\u00e9n\u00e9r\u00e9 700 est-elle la bonne r\u00e9solution de 2019 ?"}]},{"@type":"WebSite","@id":"https:\/\/www.icasque.com\/liveloveride\/#website","url":"https:\/\/www.icasque.com\/liveloveride\/","name":"Le blog iCasque","description":"Le blog moto","publisher":{"@id":"https:\/\/www.icasque.com\/liveloveride\/#organization"},"potentialAction":[{"@type":"SearchAction","target":{"@type":"EntryPoint","urlTemplate":"https:\/\/www.icasque.com\/liveloveride\/?s={search_term_string}"},"query-input":{"@type":"PropertyValueSpecification","valueRequired":true,"valueName":"search_term_string"}}],"inLanguage":"fr-FR"},{"@type":"Organization","@id":"https:\/\/www.icasque.com\/liveloveride\/#organization","name":"ICC","url":"https:\/\/www.icasque.com\/liveloveride\/","logo":{"@type":"ImageObject","inLanguage":"fr-FR","@id":"https:\/\/www.icasque.com\/liveloveride\/#\/schema\/logo\/image\/","url":"https:\/\/www.icasque.com\/liveloveride\/wp-content\/uploads\/2018\/02\/logo-icasque_1200x1200-e1519038889300.jpg","contentUrl":"https:\/\/www.icasque.com\/liveloveride\/wp-content\/uploads\/2018\/02\/logo-icasque_1200x1200-e1519038889300.jpg","width":150,"height":150,"caption":"ICC"},"image":{"@id":"https:\/\/www.icasque.com\/liveloveride\/#\/schema\/logo\/image\/"}},{"@type":"Person","@id":"https:\/\/www.icasque.com\/liveloveride\/#\/schema\/person\/76c225c786fc7f67504a507ffafb4eef","name":"Nicolas","image":{"@type":"ImageObject","inLanguage":"fr-FR","@id":"https:\/\/secure.gravatar.com\/avatar\/0549c7fe01af44508a765d0d3010cdf923ffab7d78455cbbf28f82a0f83ec333?s=96&d=mm&r=g","url":"https:\/\/secure.gravatar.com\/avatar\/0549c7fe01af44508a765d0d3010cdf923ffab7d78455cbbf28f82a0f83ec333?s=96&d=mm&r=g","contentUrl":"https:\/\/secure.gravatar.com\/avatar\/0549c7fe01af44508a765d0d3010cdf923ffab7d78455cbbf28f82a0f83ec333?s=96&d=mm&r=g","caption":"Nicolas"},"description":"Je suis convaincu que la passion nous emporte loin...surtout si on y va \u00e0 moto ! Avec mon supermotard 50 cm3 \u00e0 mes d\u00e9buts jusqu'\u00e0 ma sportive 1000 cm3 aujourd'hui, je roule depuis 15 ans. Je roule en ville et en montagne, sous le soleil et la pluie, sur la route et sur circuit : pour moi, la moto se vit 365 jours par an. Si on partage cette passion ensemble, c'est encore mieux, non ? Alors c'est parti : live, love, ride !","url":"https:\/\/www.icasque.com\/liveloveride\/author\/nicolas\/"}]}},"modified_by":"Nicolas","_links":{"self":[{"href":"https:\/\/www.icasque.com\/liveloveride\/wp-json\/wp\/v2\/posts\/7708","targetHints":{"allow":["GET"]}}],"collection":[{"href":"https:\/\/www.icasque.com\/liveloveride\/wp-json\/wp\/v2\/posts"}],"about":[{"href":"https:\/\/www.icasque.com\/liveloveride\/wp-json\/wp\/v2\/types\/post"}],"author":[{"embeddable":true,"href":"https:\/\/www.icasque.com\/liveloveride\/wp-json\/wp\/v2\/users\/15"}],"replies":[{"embeddable":true,"href":"https:\/\/www.icasque.com\/liveloveride\/wp-json\/wp\/v2\/comments?post=7708"}],"version-history":[{"count":3,"href":"https:\/\/www.icasque.com\/liveloveride\/wp-json\/wp\/v2\/posts\/7708\/revisions"}],"predecessor-version":[{"id":7717,"href":"https:\/\/www.icasque.com\/liveloveride\/wp-json\/wp\/v2\/posts\/7708\/revisions\/7717"}],"wp:featuredmedia":[{"embeddable":true,"href":"https:\/\/www.icasque.com\/liveloveride\/wp-json\/wp\/v2\/media\/7710"}],"wp:attachment":[{"href":"https:\/\/www.icasque.com\/liveloveride\/wp-json\/wp\/v2\/media?parent=7708"}],"wp:term":[{"taxonomy":"category","embeddable":true,"href":"https:\/\/www.icasque.com\/liveloveride\/wp-json\/wp\/v2\/categories?post=7708"},{"taxonomy":"post_tag","embeddable":true,"href":"https:\/\/www.icasque.com\/liveloveride\/wp-json\/wp\/v2\/tags?post=7708"}],"curies":[{"name":"wp","href":"https:\/\/api.w.org\/{rel}","templated":true}]}}